{"id":16578,"date":"2018-08-01T14:09:00","date_gmt":"2018-08-01T20:09:00","guid":{"rendered":"http:\/\/www.inces.gob.ve\/?p=16578"},"modified":"2020-05-28T20:31:49","modified_gmt":"2020-05-29T00:31:49","slug":"juventud-tinaquillera-se-formo-diseno-plan-vacacional-inces","status":"publish","type":"post","link":"https:\/\/inces.gob.ve\/index.php\/2018\/08\/01\/juventud-tinaquillera-se-formo-diseno-plan-vacacional-inces\/","title":{"rendered":"Juventud Tinaquillera se form\u00f3 en Dise\u00f1o de Plan Vacacional con el Inces"},"content":{"rendered":"<p class=\"western\" style=\"text-align: justify;\" align=\"justify\"><span style=\"font-family: Arial,sans-serif;\"><i><b><span style=\"font-size: medium;\">** Fue una formaci\u00f3n ejecutada en convenio entre Alcald\u00eda de Tinaquillo, Iamturmat e Inces a trav\u00e9s del Centro de Formaci\u00f3n Socialista \u201cMat\u00edas Salazar\u201d<\/span><\/b><\/i><\/span><\/p>\n<p align=\"justify\">\u00a0<\/p>\n<p style=\"text-align: justify;\" align=\"justify\"><!--more--><\/p>\n<p align=\"justify\">\u00a0<\/p>\n<p class=\"western\" style=\"text-align: justify;\" align=\"justify\"><span style=\"font-family: Arial,sans-serif;\"><span style=\"font-size: medium;\"><b>Nataly Reyes\/Sandra Loaiza | Cojedes<\/b><\/span><\/span><\/p>\n<p align=\"justify\">\u00a0<\/p>\n<p align=\"justify\">\u00a0<\/p>\n<p class=\"western\" style=\"text-align: justify;\" align=\"justify\"><span style=\"font-family: Arial,sans-serif;\"><span style=\"font-size: medium;\">Con la participaci\u00f3n de 21 j\u00f3venes adscritos al colectivo de Recreadores de la Alcald\u00eda Bolivariana de Tinaquillo \u2013 Iamturmat (Instituto Aut\u00f3nomo de Turismo del Municipio Tinaquillo) se formaron con el Inces en el curso \u201cDise\u00f1o de Plan Vacacional\u201d, el cual se desarroll\u00f3 en la Escuela B\u00e1sica Bolivariana Antonio Jos\u00e9 Anzo\u00e1tegui con el objetivo de actualizar, multiplicar y crecer en conocimientos en el \u00e1rea, ya que el venidero mes arranca la temporada vacacional de los j\u00f3venes, adolescentes y ni\u00f1os de la patria. <\/span><\/span><\/p>\n<p align=\"justify\">\u00a0<\/p>\n<p style=\"text-align: justify;\" align=\"justify\"><img loading=\"lazy\" decoding=\"async\" class=\"size-full wp-image-16580 aligncenter\" src=\"http:\/\/www.inces.gob.ve\/wp-content\/uploads\/2018\/08\/1Plan-Vacacional-.jpg\" alt=\"\" width=\"800\" height=\"535\" \/><\/p>\n<p class=\"western\" style=\"text-align: justify;\" align=\"justify\"><a name=\"_GoBack\"><\/a> <span style=\"font-family: Arial,sans-serif;\"><span style=\"font-size: medium;\">El curso tuvo una duraci\u00f3n de 30 horas acad\u00e9micas. Los formados tendr\u00e1n la tarea de multiplicar los conocimientos te\u00f3ricos y pr\u00e1cticos como lo explic\u00f3 la maestra t\u00e9cnico productiva, Sandra P\u00e9rez, quien a su vez expres\u00f3 que esta formaci\u00f3n se orienta desde el Inces y consiste en la elaboraci\u00f3n de un trabajo altamente planificado y dirigido, donde se ponen en evidencia diferentes factores, que conjugados de una forma organizada, permiten la ejecuci\u00f3n exitosa del plan en las fases de preproducci\u00f3n, producci\u00f3n y post producci\u00f3n. <\/span><\/span><\/p>\n<p align=\"justify\">\u00a0<\/p>\n<p class=\"western\" style=\"text-align: justify;\" align=\"justify\"><span style=\"font-family: Arial,sans-serif;\"><span style=\"font-size: medium;\">Lilian Tovar participante del curso, resalt\u00f3 la importancia de hacer \u00e9nfasis, en que la estructuraci\u00f3n de las actividades de los planes vacacionales no son exclusivamente de recreaci\u00f3n, sino est\u00e1n inmersas adem\u00e1s actividades deportivas, culturales y educativas, \u201ctodo ese conjunto juega un papel muy importante en el proceso de planificaci\u00f3n del programa y, de ese trabajo bien hecho, estar\u00edamos garantizando el vivir bien de los ni\u00f1os y ni\u00f1as de la patria y su derecho a la recreaci\u00f3n\u201d. <\/span><\/span><\/p>\n","protected":false},"excerpt":{"rendered":"<p>** Fue una formaci\u00f3n ejecutada en convenio entre Alcald\u00eda de Tinaquillo, Iamturmat e Inces a trav\u00e9s del Centro de Formaci\u00f3n Socialista \u201cMat\u00edas Salazar\u201d \u00a0<\/p>\n","protected":false},"author":15,"featured_media":16579,"comment_status":"closed","ping_status":"closed","sticky":false,"template":"","format":"standard","meta":{"footnotes":""},"categories":[2],"tags":[],"class_list":["post-16578","post","type-post","status-publish","format-standard","has-post-thumbnail","hentry","category-blog"],"_links":{"self":[{"href":"https:\/\/inces.gob.ve\/index.php\/wp-json\/wp\/v2\/posts\/16578","targetHints":{"allow":["GET"]}}],"collection":[{"href":"https:\/\/inces.gob.ve\/index.php\/wp-json\/wp\/v2\/posts"}],"about":[{"href":"https:\/\/inces.gob.ve\/index.php\/wp-json\/wp\/v2\/types\/post"}],"author":[{"embeddable":true,"href":"https:\/\/inces.gob.ve\/index.php\/wp-json\/wp\/v2\/users\/15"}],"replies":[{"embeddable":true,"href":"https:\/\/inces.gob.ve\/index.php\/wp-json\/wp\/v2\/comments?post=16578"}],"version-history":[{"count":1,"href":"https:\/\/inces.gob.ve\/index.php\/wp-json\/wp\/v2\/posts\/16578\/revisions"}],"predecessor-version":[{"id":19124,"href":"https:\/\/inces.gob.ve\/index.php\/wp-json\/wp\/v2\/posts\/16578\/revisions\/19124"}],"wp:featuredmedia":[{"embeddable":true,"href":"https:\/\/inces.gob.ve\/index.php\/wp-json\/"}],"wp:attachment":[{"href":"https:\/\/inces.gob.ve\/index.php\/wp-json\/wp\/v2\/media?parent=16578"}],"wp:term":[{"taxonomy":"category","embeddable":true,"href":"https:\/\/inces.gob.ve\/index.php\/wp-json\/wp\/v2\/categories?post=16578"},{"taxonomy":"post_tag","embeddable":true,"href":"https:\/\/inces.gob.ve\/index.php\/wp-json\/wp\/v2\/tags?post=16578"}],"curies":[{"name":"wp","href":"https:\/\/api.w.org\/{rel}","templated":true}]}}