{"id":16608,"date":"2018-08-03T13:03:18","date_gmt":"2018-08-03T19:03:18","guid":{"rendered":"http:\/\/www.inces.gob.ve\/?p=16608"},"modified":"2020-05-28T20:31:48","modified_gmt":"2020-05-29T00:31:48","slug":"inces-militar-fortalece-conocimiento-productivo-la-formacion-integral","status":"publish","type":"post","link":"https:\/\/inces.gob.ve\/index.php\/2018\/08\/03\/inces-militar-fortalece-conocimiento-productivo-la-formacion-integral\/","title":{"rendered":"Inces Militar fortalece el conocimiento productivo en la formaci\u00f3n Integral"},"content":{"rendered":"<p style=\"text-align: justify;\" align=\"justify\"><span style=\"font-family: Arial,sans-serif;\"><i><b>**En los espacios del <\/b><\/i><i><b>auditorio <\/b><\/i><i><b>del Instituto Nacional de Capacitaci\u00f3n y Educaci\u00f3n Socialista (Inces). <\/b><\/i><i><b>en la avenida nueva Granada, 22 participantes<\/b><\/i><i><b> provenientes de <\/b><\/i><i><b>Bolivariana de Puertos (Bolipuertos) y de la Comandancia General del Ej\u00e9rcito iniciaron el curso<\/b><\/i><i><b> <\/b><\/i><i><b>Atenci\u00f3n al P\u00fablico, a<\/b><\/i><strong><i><b>l 30 de julio y culmin<\/b><\/i><\/strong><strong><i><b>\u00f3<\/b><\/i><\/strong><strong><i><b> el 3 de agosto, <\/b><\/i><\/strong><strong><i><b>con una duraci\u00f3n de 30 horas;<\/b><\/i><\/strong><i><b> <\/b><\/i><i><b>el cual fue dirigido por el facilitador<\/b><\/i><i><b>a<\/b><\/i><i><b> <\/b><\/i><i><b>Airam Silva<\/b><\/i><i><b>, quien otorg\u00f3 las herramientas necesarias <\/b><\/i><i><b>a<\/b><\/i><i><b> este grupo de <\/b><\/i><i><b>estudiantes. <\/b><\/i><\/span><\/p>\n<p style=\"text-align: justify;\" align=\"justify\"><i><b> <\/b><\/i><!--more--><\/p>\n<p align=\"justify\">\u00a0<\/p>\n<p style=\"text-align: justify;\" align=\"justify\"><span style=\"font-family: Arial,sans-serif;\"><b>TRINA PINEDA\/ sede <\/b><\/span><\/p>\n<p align=\"justify\">\u00a0<\/p>\n<p style=\"text-align: justify;\" align=\"justify\"><span style=\"font-family: Arial,sans-serif;\">Bajo un proceso formativo de Formar Produciendo y de Producir Formando, <\/span><span style=\"font-family: Arial,sans-serif;\">se capacit\u00f3 personal adscritos a entes del Estado para obtener<\/span> <strong><span style=\"font-family: Arial,sans-serif;\">conocimientos <\/span><\/strong><strong><span style=\"font-family: Arial,sans-serif;\">t\u00e9cnic<\/span><\/strong><strong><span style=\"font-family: Arial,sans-serif;\">o<\/span><\/strong><strong><span style=\"font-family: Arial,sans-serif;\">s, habilidades y estrategias que les permita<\/span><\/strong><strong><span style=\"font-family: Arial,sans-serif;\">n desempe\u00f1ar<\/span><\/strong><strong><span style=\"font-family: Arial,sans-serif;\"> el rol <\/span><\/strong><strong><span style=\"font-family: Arial,sans-serif;\">y<\/span><\/strong> <strong><span style=\"font-family: Arial,sans-serif;\">cumplir <\/span><\/strong><strong><span style=\"font-family: Arial,sans-serif;\">las funciones para atender tanto al p\u00fablico externo como interno. <\/span><\/strong><\/p>\n<p align=\"justify\">\u00a0<\/p>\n<p align=\"justify\"><img loading=\"lazy\" decoding=\"async\" class=\"size-full wp-image-16611 aligncenter\" src=\"http:\/\/www.inces.gob.ve\/wp-content\/uploads\/2018\/08\/2conocimiento-productivo.jpg\" alt=\"\" width=\"700\" height=\"466\" \/><\/p>\n<p style=\"text-align: justify;\" align=\"justify\"><strong><span style=\"font-family: Arial,sans-serif;\"><b>Testimonios <\/b><\/span><\/strong><\/p>\n<p style=\"text-align: justify;\" align=\"justify\"><span style=\"font-family: Arial,sans-serif;\"><span style=\"font-size: medium;\">El general Gerardo Ygnacio Vel\u00e1squez Ramos, gerente del Inces Militar, <\/span><\/span><span style=\"font-family: Arial,sans-serif;\"><span style=\"font-size: medium;\">puntualiz\u00f3 <\/span><\/span><span style=\"font-family: Arial,sans-serif;\"><span style=\"font-size: medium;\">\u201c<\/span><\/span><span style=\"font-family: Arial,sans-serif;\"><span style=\"font-size: medium;\">con esfuerzo y coordinaci\u00f3n se pudo <\/span><\/span><span style=\"font-family: Arial,sans-serif;\"><span style=\"font-size: medium;\">ofrecer <\/span><\/span><span style=\"font-family: Arial,sans-serif;\"><span style=\"font-size: medium;\">buena capacitaci\u00f3n al personal que solicit<\/span><\/span><span style=\"font-family: Arial,sans-serif;\"><span style=\"font-size: medium;\">\u00f3<\/span><\/span><span style=\"font-family: Arial,sans-serif;\"><span style=\"font-size: medium;\"> estos cursos, para la mejorar en <\/span><\/span><span style=\"font-family: Arial,sans-serif;\"><span style=\"font-size: medium;\">su<\/span><\/span><span style=\"font-family: Arial,sans-serif;\"><span style=\"font-size: medium;\"> campo laboral. <\/span><\/span><span style=\"font-family: Arial,sans-serif;\"><span style=\"font-size: medium;\">A<\/span><\/span><span style=\"font-family: Arial,sans-serif;\"><span style=\"font-size: medium;\">dem<\/span><\/span><span style=\"font-family: Arial,sans-serif;\"><span style=\"font-size: medium;\">\u00e1<\/span><\/span><span style=\"font-family: Arial,sans-serif;\"><span style=\"font-size: medium;\">s es necesario <\/span><\/span><span style=\"font-family: Arial,sans-serif;\"><span style=\"font-size: medium;\">que <\/span><\/span><span style=\"font-family: Arial,sans-serif;\"><span style=\"font-size: medium;\">el personal de la administraci\u00f3n p\u00fablica <\/span><\/span><span style=\"font-family: Arial,sans-serif;\"><span style=\"font-size: medium;\">conozca <\/span><\/span><span style=\"font-family: Arial,sans-serif;\"><span style=\"font-size: medium;\">estas t\u00e9cnicas y se aprovech<\/span><\/span><span style=\"font-family: Arial,sans-serif;\"><span style=\"font-size: medium;\">e<\/span><\/span><span style=\"font-family: Arial,sans-serif;\"><span style=\"font-size: medium;\"> la integraci\u00f3n institucional\u201d.<\/span><\/span><\/p>\n<p align=\"justify\">\u00a0<\/p>\n<p style=\"text-align: justify;\" align=\"justify\"><span style=\"font-family: Arial,sans-serif;\"><span style=\"font-size: medium;\"><img loading=\"lazy\" decoding=\"async\" class=\"size-full wp-image-16609 aligncenter\" src=\"http:\/\/www.inces.gob.ve\/wp-content\/uploads\/2018\/08\/5conocimiento-productivo.jpg\" alt=\"\" width=\"800\" height=\"533\" \/><\/span><\/span><\/p>\n<p style=\"text-align: justify;\" align=\"justify\"><span style=\"font-family: Arial,sans-serif;\"><span style=\"font-size: medium;\">Maryelis Iglesia <\/span><\/span><span style=\"font-family: Arial,sans-serif;\"><span style=\"font-size: medium;\">de <\/span><\/span><span style=\"font-family: Arial,sans-serif;\"><span style=\"font-size: medium;\">Bolipuertos, <\/span><\/span><span style=\"font-family: Arial,sans-serif;\"><span style=\"font-size: medium;\">adscrita a <\/span><\/span><span style=\"font-family: Arial,sans-serif;\"><span style=\"font-size: medium;\">la gerencia <\/span><\/span><span style=\"font-family: Arial,sans-serif;\"><span style=\"font-size: medium;\">de <\/span><\/span><span style=\"font-family: Arial,sans-serif;\"><span style=\"font-size: medium;\">P<\/span><\/span><span style=\"font-family: Arial,sans-serif;\"><span style=\"font-size: medium;\">rotecci\u00f3n <\/span><\/span><span style=\"font-family: Arial,sans-serif;\"><span style=\"font-size: medium;\">P<\/span><\/span><span style=\"font-family: Arial,sans-serif;\"><span style=\"font-size: medium;\">ortuaria coment\u00f3: \u201c<\/span><\/span><span style=\"font-family: Arial,sans-serif;\"><span style=\"font-size: medium;\">S<\/span><\/span><span style=\"font-family: Arial,sans-serif;\"><span style=\"font-size: medium;\">oy recepcionista <\/span><\/span><span style=\"font-family: Arial,sans-serif;\"><span style=\"font-size: medium;\">y <\/span><\/span><span style=\"font-family: Arial,sans-serif;\"><span style=\"font-size: medium;\">doy las gracias a mi instituci\u00f3n por este apoyo, <\/span><\/span><span style=\"font-family: Arial,sans-serif;\"><span style=\"font-size: medium;\">por <\/span><\/span><span style=\"font-family: Arial,sans-serif;\"><span style=\"font-size: medium;\">referirme al Inces para complementar mi aprendizaje. <\/span><\/span><span style=\"font-family: Arial,sans-serif;\"><span style=\"font-size: medium;\">A<\/span><\/span><span style=\"font-family: Arial,sans-serif;\"><span style=\"font-size: medium;\">prend\u00ed mucho en el curso y reforc\u00e9 mis conocimiento en la atenci\u00f3n al publico\u201d.<\/span><\/span><\/p>\n<p align=\"justify\">\u00a0<\/p>\n<p style=\"text-align: justify;\" align=\"justify\"><img loading=\"lazy\" decoding=\"async\" class=\"size-full wp-image-16612 aligncenter\" src=\"http:\/\/www.inces.gob.ve\/wp-content\/uploads\/2018\/08\/1conocimiento-productivo.jpg\" alt=\"\" width=\"700\" height=\"492\" \/><br \/>\n<em><span style=\"font-family: Arial,sans-serif;\"><span style=\"font-size: medium;\">Marina Duarte<\/span><\/span><\/em><span style=\"font-family: Arial,sans-serif;\"><span style=\"font-size: medium;\"> de la <\/span><\/span><span style=\"font-family: Arial,sans-serif;\"><span style=\"font-size: medium;\">Comandancia General del Ej\u00e9rcito <\/span><\/span><span style=\"font-family: Arial,sans-serif;\"><span style=\"font-size: medium;\">expres<\/span><\/span><span style=\"font-family: Arial,sans-serif;\"><span style=\"font-size: medium;\">\u00f3:<\/span><\/span><span style=\"font-family: Arial,sans-serif;\"><span style=\"font-size: medium;\"> \u201c<\/span><\/span><span style=\"font-family: Arial,sans-serif;\"><span style=\"font-size: medium;\">R<\/span><\/span><span style=\"font-family: Arial,sans-serif;\"><span style=\"font-size: medium;\">eforzamos <\/span><\/span><span style=\"font-family: Arial,sans-serif;\"><span style=\"font-size: medium;\">el <\/span><\/span><span style=\"font-family: Arial,sans-serif;\"><span style=\"font-size: medium;\">aprendizaje, nos actualizamos de manera din\u00e1mica. <\/span><\/span><span style=\"font-family: Arial,sans-serif;\"><span style=\"font-size: medium;\">Durante la formaci\u00f3n<\/span><\/span><span style=\"font-family: Arial,sans-serif;\"><span style=\"font-size: medium;\"> se habl<\/span><\/span><span style=\"font-family: Arial,sans-serif;\"><span style=\"font-size: medium;\">\u00f3<\/span><\/span><span style=\"font-family: Arial,sans-serif;\"><span style=\"font-size: medium;\"> de los principios \u00e9ticos <\/span><\/span><span style=\"font-family: Arial,sans-serif;\"><span style=\"font-size: medium;\">y <\/span><\/span><span style=\"font-family: Arial,sans-serif;\"><span style=\"font-size: medium;\">morales <\/span><\/span><span style=\"font-family: Arial,sans-serif;\"><span style=\"font-size: medium;\">que debemos <\/span><\/span><span style=\"font-family: Arial,sans-serif;\"><span style=\"font-size: medium;\">tener <\/span><\/span><span style=\"font-family: Arial,sans-serif;\"><span style=\"font-size: medium;\">para la atenci\u00f3n al p\u00fablico. Eso<\/span><\/span><span style=\"font-family: Arial,sans-serif;\"><span style=\"font-size: medium;\"> no lo podemos olvidar\u201d.<\/span><\/span><\/p>\n","protected":false},"excerpt":{"rendered":"<p>**En los espacios del auditorio del Instituto Nacional de Capacitaci\u00f3n y Educaci\u00f3n Socialista (Inces). en la avenida nueva Granada, 22 participantes provenientes de Bolivariana de Puertos (Bolipuertos) y de la Comandancia General del Ej\u00e9rcito iniciaron el curso Atenci\u00f3n al P\u00fablico, al 30 de julio y culmin\u00f3 el 3 de agosto, con una duraci\u00f3n de 30 [&hellip;]<\/p>\n","protected":false},"author":15,"featured_media":16610,"comment_status":"closed","ping_status":"closed","sticky":false,"template":"","format":"standard","meta":{"footnotes":""},"categories":[2],"tags":[],"class_list":["post-16608","post","type-post","status-publish","format-standard","has-post-thumbnail","hentry","category-blog"],"_links":{"self":[{"href":"https:\/\/inces.gob.ve\/index.php\/wp-json\/wp\/v2\/posts\/16608","targetHints":{"allow":["GET"]}}],"collection":[{"href":"https:\/\/inces.gob.ve\/index.php\/wp-json\/wp\/v2\/posts"}],"about":[{"href":"https:\/\/inces.gob.ve\/index.php\/wp-json\/wp\/v2\/types\/post"}],"author":[{"embeddable":true,"href":"https:\/\/inces.gob.ve\/index.php\/wp-json\/wp\/v2\/users\/15"}],"replies":[{"embeddable":true,"href":"https:\/\/inces.gob.ve\/index.php\/wp-json\/wp\/v2\/comments?post=16608"}],"version-history":[{"count":1,"href":"https:\/\/inces.gob.ve\/index.php\/wp-json\/wp\/v2\/posts\/16608\/revisions"}],"predecessor-version":[{"id":19119,"href":"https:\/\/inces.gob.ve\/index.php\/wp-json\/wp\/v2\/posts\/16608\/revisions\/19119"}],"wp:featuredmedia":[{"embeddable":true,"href":"https:\/\/inces.gob.ve\/index.php\/wp-json\/"}],"wp:attachment":[{"href":"https:\/\/inces.gob.ve\/index.php\/wp-json\/wp\/v2\/media?parent=16608"}],"wp:term":[{"taxonomy":"category","embeddable":true,"href":"https:\/\/inces.gob.ve\/index.php\/wp-json\/wp\/v2\/categories?post=16608"},{"taxonomy":"post_tag","embeddable":true,"href":"https:\/\/inces.gob.ve\/index.php\/wp-json\/wp\/v2\/tags?post=16608"}],"curies":[{"name":"wp","href":"https:\/\/api.w.org\/{rel}","templated":true}]}}