{"id":16620,"date":"2018-08-04T19:29:31","date_gmt":"2018-08-05T01:29:31","guid":{"rendered":"http:\/\/www.inces.gob.ve\/?p=16620"},"modified":"2020-05-28T20:31:48","modified_gmt":"2020-05-29T00:31:48","slug":"inces-aragua-realizo-encuentro-formadores","status":"publish","type":"post","link":"https:\/\/inces.gob.ve\/index.php\/2018\/08\/04\/inces-aragua-realizo-encuentro-formadores\/","title":{"rendered":"Inces Aragua realiz\u00f3 encuentro de formadores"},"content":{"rendered":"<p style=\"text-align: justify;\"><strong>\u00a0<\/strong><strong><em>**La instituci\u00f3n alienta un nuevo modo para formaci\u00f3n desde las entidades de trabajo<\/em><\/strong><br \/>\n<!--more--><\/p>\n<p>&nbsp;<\/p>\n<p style=\"text-align: justify;\"><strong>NINOSKA PATRIZ | Aragua.<\/strong><\/p>\n<p style=\"text-align: justify;\">\u00a0<\/p>\n<p style=\"text-align: justify;\">Con motivo al Aniversario n\u00famero 59 del Inces, se realiz\u00f3 el \u201cI Encuentro de Formadores en Entidades de Trabajo (FET) Aragua 2018\u201d, jornada que reuni\u00f3 a docentes que capacitan en las empresas y velan por el desarrollo de los individuos, modalidad ejecutada por los programas de Adiestramiento en Empresas y Formaci\u00f3n Delegada.<\/p>\n<p style=\"text-align: justify;\">\u00a0<\/p>\n<p style=\"text-align: justify;\">Seg\u00fan Abraham Prieto, FET de Inelec, se est\u00e1 comenzando con un nuevo movimiento,\u00a0 \u201cllegamos con fuerza, emoci\u00f3n y trabajo para certificar a la poblaci\u00f3n laboral y que esta sienta la motivaci\u00f3n de ser de la clase obrera venezolana. Adem\u00e1s, los FET capacitan a sus compa\u00f1eros en pro de la persona\u201d, a\u00f1adi\u00f3.<\/p>\n<p>&nbsp;<\/p>\n<p><img loading=\"lazy\" decoding=\"async\" class=\"size-full wp-image-16625 aligncenter\" src=\"http:\/\/www.inces.gob.ve\/wp-content\/uploads\/2018\/08\/fet-1.jpeg\" alt=\"\" width=\"2048\" height=\"1152\" \/><\/p>\n<p style=\"text-align: justify;\">\u00a0<\/p>\n<p style=\"text-align: justify;\">Darwing Meneses, FET de la empresa Del Monte, destac\u00f3 que cuando se realiza un servicio o se fabrica un producto, este debe cumplir con todas las exigencias, pues toda la poblaci\u00f3n que consume, es quien eval\u00faa la calidad. En relaci\u00f3n a ello, Lucinda Hern\u00e1ndez, representante de la UNESR y de la Universidad Bolivariana de Trabajadores Jes\u00fas Rivero (UBT-JR); asegur\u00f3 que \u201csomos creadores de riquezas y somos quienes transformamos la materia prima para llevarla hacia su target. Por ello debemos capacitarnos continua y tenazmente\u201d.<\/p>\n<p style=\"text-align: justify;\">\u00a0<\/p>\n<p style=\"text-align: justify;\">La jefa de Formaci\u00f3n Profesional, Graciela Alviarez, expres\u00f3: \u201cHay que asumir la importancia\u00a0 y responsabilidad de formar para la pr\u00e1ctica productiva y satisfacer las necesidades de la sociedad. Debemos estar conscientes de qu\u00e9 se produce, para qui\u00e9n y c\u00f3mo se hace; pues hay que estar comprometido con el pueblo, no solo con un salario; es por eso que hay que planificar, dirigir y gestionar la producci\u00f3n de riqueza y conocimiento\u201d.<\/p>\n<p style=\"text-align: justify;\">\u00a0<\/p>\n<p style=\"text-align: justify;\"><strong>Reconocer el conocimiento<\/strong><\/p>\n<p style=\"text-align: justify;\"><strong>\u00a0<\/strong><\/p>\n<p style=\"text-align: justify;\">Hern\u00e1ndez, representante de la UNESR y UBT-JR, expres\u00f3 que \u201ceste programa entre sus grandes objetivos est\u00e1 el reconocer los conocimientos, pr\u00e1cticas y esfuerzos. Todos los estudios son teorizaciones sobre las pr\u00e1cticas reflexionadas, pues ella es la madre del conocimiento. Pero somos m\u00e1s que un constructor industrial para el desarrollo de las actividades de una empresa\u201d.<\/p>\n<p style=\"text-align: justify;\">\u00a0<\/p>\n<p><img loading=\"lazy\" decoding=\"async\" class=\"size-full wp-image-16624 aligncenter\" src=\"http:\/\/www.inces.gob.ve\/wp-content\/uploads\/2018\/08\/5-encuentro-fet-1.jpg\" alt=\"\" width=\"1220\" height=\"843\" \/><\/p>\n<p>&nbsp;<\/p>\n<p style=\"text-align: justify;\">En el primer encuentro, participaron FET de las entidades de trabajo Ruansa, Macuto, Del monte, Gramolca, Saviran, Tupperware, Agrolucha, Tintas Venezolanas, Chocolate La Colonia, Fuservi, Didi, Laoboratorio FarmaKun, Q-Var, Central El Palmar, Envases Villa Pet, Multiplas, Multinacional de Sabores, Alreyven C. A. industrias Inelec, Laboratorio Cala, Alfarer\u00eda Turagua, Sediconvet.<\/p>\n<p style=\"text-align: justify;\">\u00a0<\/p>\n<p style=\"text-align: justify;\">Los presentes, disfrutaron de las presentaciones musicales de los compa\u00f1eros Ver\u00f3nica Solorzano de Agrolucha, con los temas \u201cMujer Meride\u00f1a\u201d y \u201cComo llora una estrella\u201d, adem\u00e1s de Daniel Mayora con \u201cEl Negro y el Catire\u201d.<\/p>\n<p style=\"text-align: justify;\">\u00a0<\/p>\n<p style=\"text-align: justify;\"><strong>L.A.<\/strong><\/p>\n","protected":false},"excerpt":{"rendered":"<p>\u00a0**La instituci\u00f3n alienta un nuevo modo para formaci\u00f3n desde las entidades de trabajo<\/p>\n","protected":false},"author":15,"featured_media":16623,"comment_status":"closed","ping_status":"closed","sticky":false,"template":"","format":"standard","meta":{"footnotes":""},"categories":[2],"tags":[],"class_list":["post-16620","post","type-post","status-publish","format-standard","has-post-thumbnail","hentry","category-blog"],"_links":{"self":[{"href":"https:\/\/inces.gob.ve\/index.php\/wp-json\/wp\/v2\/posts\/16620","targetHints":{"allow":["GET"]}}],"collection":[{"href":"https:\/\/inces.gob.ve\/index.php\/wp-json\/wp\/v2\/posts"}],"about":[{"href":"https:\/\/inces.gob.ve\/index.php\/wp-json\/wp\/v2\/types\/post"}],"author":[{"embeddable":true,"href":"https:\/\/inces.gob.ve\/index.php\/wp-json\/wp\/v2\/users\/15"}],"replies":[{"embeddable":true,"href":"https:\/\/inces.gob.ve\/index.php\/wp-json\/wp\/v2\/comments?post=16620"}],"version-history":[{"count":1,"href":"https:\/\/inces.gob.ve\/index.php\/wp-json\/wp\/v2\/posts\/16620\/revisions"}],"predecessor-version":[{"id":19117,"href":"https:\/\/inces.gob.ve\/index.php\/wp-json\/wp\/v2\/posts\/16620\/revisions\/19117"}],"wp:featuredmedia":[{"embeddable":true,"href":"https:\/\/inces.gob.ve\/index.php\/wp-json\/"}],"wp:attachment":[{"href":"https:\/\/inces.gob.ve\/index.php\/wp-json\/wp\/v2\/media?parent=16620"}],"wp:term":[{"taxonomy":"category","embeddable":true,"href":"https:\/\/inces.gob.ve\/index.php\/wp-json\/wp\/v2\/categories?post=16620"},{"taxonomy":"post_tag","embeddable":true,"href":"https:\/\/inces.gob.ve\/index.php\/wp-json\/wp\/v2\/tags?post=16620"}],"curies":[{"name":"wp","href":"https:\/\/api.w.org\/{rel}","templated":true}]}}