{"id":16708,"date":"2018-08-07T10:04:42","date_gmt":"2018-08-07T16:04:42","guid":{"rendered":"http:\/\/www.inces.gob.ve\/?p=16708"},"modified":"2020-05-28T20:31:48","modified_gmt":"2020-05-29T00:31:48","slug":"ciudadanos-la-mision-negra-hipolita-se-forman-electricistas-automoviles","status":"publish","type":"post","link":"https:\/\/inces.gob.ve\/index.php\/2018\/08\/07\/ciudadanos-la-mision-negra-hipolita-se-forman-electricistas-automoviles\/","title":{"rendered":"Ciudadanos de la Misi\u00f3n Negra Hip\u00f3lita se forman como electricistas de autom\u00f3viles"},"content":{"rendered":"<p class=\"western\" style=\"text-align: justify;\"><span style=\"font-family: Arial,sans-serif;\"><i><b>** 14 participantes asumen su educaci\u00f3n como parte fundamental para su inserci\u00f3n social y familiar y contribuir con la producci\u00f3n de servicios a sus comunidades<\/b><\/i><\/span><\/p>\n<p class=\"western\" style=\"text-align: justify;\">\n <!--more--><\/p>\n<p class=\"western\" style=\"text-align: justify;\"><span style=\"font-family: Arial,sans-serif;\"><b>ZUVALQUI DUARTE | Vargas<\/b><\/span><\/p>\n<p>&nbsp;<\/p>\n<p class=\"western\" style=\"text-align: justify;\"><span style=\"font-family: Arial,sans-serif;\">En alianza con el Centro de Inclusi\u00f3n Armando Rever\u00f3n, de la <b>Misi\u00f3n Negra Hip\u00f3lita<\/b>, inici\u00f3 el curso <b>Electricidad del Autom\u00f3vil<\/b>, dirigido a los ciudadanos en situaci\u00f3n de riesgo que pernoctan los espacios de la Misi\u00f3n.<\/span><\/p>\n<p class=\"western\" style=\"text-align: justify;\">\n <\/p>\n<p class=\"western\" style=\"text-align: justify;\"><span style=\"font-family: Arial,sans-serif;\">Ronald Orozco, maestro t\u00e9cnico productivo encargado de desarrollar la formaci\u00f3n en los \u00faltimos cinco a\u00f1os, cont\u00f3 \u201ces mi vocaci\u00f3n trabajar con quien m\u00e1s lo necesita y el contacto con cada uno de estos participantes me ha ense\u00f1ado a valorar mucho m\u00e1s al ser humano\u201d. <\/span><\/p>\n<p class=\"western\" style=\"text-align: justify;\">\n <\/p>\n<p class=\"western\" style=\"text-align: justify;\"><span style=\"font-family: Arial,sans-serif;\">Coment\u00f3 Orozco que son muchos los alumnos que ha encontrado en grandes talleres <b>completamente renovados<\/b> gracias a las <b>pol\u00edticas de inclusi\u00f3n <\/b>que se adelantan en el centro.<\/span><\/p>\n<p style=\"text-align: justify;\">\u00a0<\/p>\n<p class=\"western\" style=\"text-align: justify;\"><span style=\"font-family: Arial,sans-serif;\"><img loading=\"lazy\" decoding=\"async\" class=\"size-full wp-image-16709 aligncenter\" src=\"http:\/\/www.inces.gob.ve\/wp-content\/uploads\/2018\/08\/2Misi\u00f3n-Negra-Hip\u00f3lita.jpg\" alt=\"\" width=\"754\" height=\"598\" \/><\/span><\/p>\n<p class=\"western\" style=\"text-align: justify;\"><span style=\"font-family: Arial,sans-serif;\">En Negra Hip\u00f3lita, el Inces ha realizado cursos en varias \u00e1reas de inter\u00e9s como: herrer\u00eda, mec\u00e1nica, seguridad industrial, artesan\u00edas, electricidad y agricultura con el fin de dar herramientas necesarias para el correcto desarrollo de las personas en su entorno social y laboral.<\/span><\/p>\n<p class=\"western\" style=\"text-align: justify;\">\n <\/p>\n<p class=\"western\" style=\"text-align: justify;\">\n <\/p>\n","protected":false},"excerpt":{"rendered":"<p>** 14 participantes asumen su educaci\u00f3n como parte fundamental para su inserci\u00f3n social y familiar y contribuir con la producci\u00f3n de servicios a sus comunidades<\/p>\n","protected":false},"author":15,"featured_media":16710,"comment_status":"closed","ping_status":"closed","sticky":false,"template":"","format":"standard","meta":{"footnotes":""},"categories":[2],"tags":[],"class_list":["post-16708","post","type-post","status-publish","format-standard","has-post-thumbnail","hentry","category-blog"],"_links":{"self":[{"href":"https:\/\/inces.gob.ve\/index.php\/wp-json\/wp\/v2\/posts\/16708","targetHints":{"allow":["GET"]}}],"collection":[{"href":"https:\/\/inces.gob.ve\/index.php\/wp-json\/wp\/v2\/posts"}],"about":[{"href":"https:\/\/inces.gob.ve\/index.php\/wp-json\/wp\/v2\/types\/post"}],"author":[{"embeddable":true,"href":"https:\/\/inces.gob.ve\/index.php\/wp-json\/wp\/v2\/users\/15"}],"replies":[{"embeddable":true,"href":"https:\/\/inces.gob.ve\/index.php\/wp-json\/wp\/v2\/comments?post=16708"}],"version-history":[{"count":1,"href":"https:\/\/inces.gob.ve\/index.php\/wp-json\/wp\/v2\/posts\/16708\/revisions"}],"predecessor-version":[{"id":19104,"href":"https:\/\/inces.gob.ve\/index.php\/wp-json\/wp\/v2\/posts\/16708\/revisions\/19104"}],"wp:featuredmedia":[{"embeddable":true,"href":"https:\/\/inces.gob.ve\/index.php\/wp-json\/"}],"wp:attachment":[{"href":"https:\/\/inces.gob.ve\/index.php\/wp-json\/wp\/v2\/media?parent=16708"}],"wp:term":[{"taxonomy":"category","embeddable":true,"href":"https:\/\/inces.gob.ve\/index.php\/wp-json\/wp\/v2\/categories?post=16708"},{"taxonomy":"post_tag","embeddable":true,"href":"https:\/\/inces.gob.ve\/index.php\/wp-json\/wp\/v2\/tags?post=16708"}],"curies":[{"name":"wp","href":"https:\/\/api.w.org\/{rel}","templated":true}]}}