{"id":16788,"date":"2018-08-09T12:49:11","date_gmt":"2018-08-09T18:49:11","guid":{"rendered":"http:\/\/www.inces.gob.ve\/?p=16788"},"modified":"2020-05-28T20:34:44","modified_gmt":"2020-05-29T00:34:44","slug":"repaso-inces-productivo-emprendimientos","status":"publish","type":"post","link":"https:\/\/inces.gob.ve\/index.php\/2018\/08\/09\/repaso-inces-productivo-emprendimientos\/","title":{"rendered":"Un repaso sobre el Inces productivo y algunos emprendimientos"},"content":{"rendered":"<p style=\"text-align: justify;\" align=\"justify\"><span style=\"font-family: arial,sans-serif;\"><span style=\"font-size: medium;\"><i><b>** Se hizo en la \u00faltima entrega radial, que como hace m\u00e1s de un a\u00f1o permanece como espacio para la vocer\u00eda institucional y la promoci\u00f3n de actividades formativas y productivas<\/b><\/i><\/span><\/span><!--more--><\/p>\n<p align=\"justify\">\u00a0<\/p>\n<p style=\"text-align: justify;\" align=\"justify\"><span style=\"font-family: arial,sans-serif;\"><span style=\"font-size: medium;\"><b>Longina Tovar \/ Ivaldo Rodr\u00edguez | Sede<\/b><\/span><\/span><\/p>\n<p style=\"text-align: justify;\" align=\"justify\"><span style=\"font-family: arial,sans-serif;\"><span style=\"font-size: medium;\"><b>Fotos: Kelly Garc\u00eda<\/b><\/span><\/span><\/p>\n<p style=\"text-align: justify;\" align=\"justify\"><span style=\"font-family: arial,sans-serif;\"><span style=\"font-size: medium;\">El Inces configur\u00f3 su Plan Nacional Productivo Inces, en una reuni\u00f3n que se llev\u00f3 a cabo en Los Caracas, estado Vargas, con los 148 jefes de centro de todo el pa\u00eds. Durante la actividad se reflexion\u00f3 sobre el tema productivo pues, si bien el Inces siempre ha producido mientras forma, dada las condiciones econ\u00f3micas por las que atraviesa el pa\u00eds, se quiere contribuir y dar una respuesta m\u00e1s inmediata, aunque sea modesta y muy concreta para que desde las instalaciones del instituto se pueda ayudar a impulsar la econom\u00eda del pa\u00eds.<\/span><\/span><\/p>\n<p align=\"justify\">\u00a0<\/p>\n<p style=\"text-align: justify;\" align=\"justify\"><span style=\"font-family: arial,sans-serif;\"><span style=\"font-size: medium;\">Con esta reflexi\u00f3n se dio apertura al programa radial semanal \u201cSomos Inces\u201d N\u00b069 que se transmite todos los jueves a trav\u00e9s de las ondas hertzianas de Radio Miraflores 95.9 FM. Se abord\u00f3 la realidad acerca de la producci\u00f3n en franca efectividad de las mesas-sillas dirigidas a nuestras escuelas, as\u00ed como a la fabricaci\u00f3n de ata\u00fades que permiten llenar una necesidad que ha surgido en el pueblo, al igual que la fabricaci\u00f3n de insumos para la Gran Misi\u00f3n Vivienda Venezuela tales como: puertas, ventanas, bisagras, cajetines el\u00e9ctricos y otras piezas para la construcci\u00f3n y el mobiliario.<\/span><\/span><\/p>\n<p align=\"justify\">\u00a0<\/p>\n<p align=\"justify\"><img loading=\"lazy\" decoding=\"async\" class=\"size-full wp-image-16791 aligncenter\" src=\"http:\/\/www.inces.gob.ve\/wp-content\/uploads\/2018\/08\/Radio-2-9.8.18.jpg\" alt=\"\" width=\"4160\" height=\"3120\" \/><\/p>\n<p align=\"justify\">\u00a0<\/p>\n<p style=\"text-align: justify;\" align=\"justify\"><span style=\"font-family: arial,sans-serif;\"><span style=\"font-size: medium;\">Por otra parte, se convers\u00f3 que el Inces tambi\u00e9n avanza en la producci\u00f3n agr\u00edcola en temas tan importantes como la fabricaci\u00f3n de fertilizantes, bancos de semillas, elaboraci\u00f3n de utensilios e instrumentos diversos para la agricultura.<\/span><\/span><\/p>\n<p align=\"justify\">\u00a0<\/p>\n<p style=\"text-align: justify;\" align=\"justify\"><span style=\"font-family: arial,sans-serif;\"><span style=\"font-size: medium;\"><b>El Inces al servicio de las empresas p\u00fablicas y privadas<\/b><\/span><\/span><\/p>\n<p style=\"text-align: justify;\" align=\"justify\"><span style=\"font-family: arial,sans-serif;\"><span style=\"font-size: medium;\">En amena conversaci\u00f3n en el estudio radial donde debutaban dos aprendices como moderadores: <\/span><\/span><span style=\"font-family: arial,sans-serif;\"><span style=\"font-size: medium;\">Zahec Manzi y C<\/span><\/span><span style=\"font-family: arial,sans-serif;\"><span style=\"font-size: medium;\">\u00e9<\/span><\/span><span style=\"font-family: arial,sans-serif;\"><span style=\"font-size: medium;\">sar Serrano, se record\u00f3 que en el citado encuentro de jefes de centros <\/span><\/span><span style=\"font-family: arial,sans-serif;\"><span style=\"font-size: medium;\">se realiz\u00f3 igualmente una revisi\u00f3n de todas las instalaciones con las que contamos para producir<\/span><\/span> <span style=\"font-family: arial,sans-serif;\"><span style=\"font-size: medium;\">en el In<\/span><\/span><span style=\"font-family: arial,sans-serif;\"><span style=\"font-size: medium;\">stituto<\/span><\/span><span style=\"font-family: arial,sans-serif;\"><span style=\"font-size: medium;\">. Se pudo precisar<\/span><\/span> <span style=\"font-family: arial,sans-serif;\"><span style=\"font-size: medium;\">cu<\/span><\/span><span style=\"font-family: arial,sans-serif;\"><span style=\"font-size: medium;\">\u00e1<\/span><\/span><span style=\"font-family: arial,sans-serif;\"><span style=\"font-size: medium;\">ntos talleres <\/span><\/span><span style=\"font-family: arial,sans-serif;\"><span style=\"font-size: medium;\">de carpinter\u00eda, metalmec\u00e1nica,<\/span><\/span><span style=\"font-family: arial,sans-serif;\"><span style=\"font-size: medium;\"> tornos <\/span><\/span><span style=\"font-family: arial,sans-serif;\"><span style=\"font-size: medium;\">y <\/span><\/span><span style=\"font-family: arial,sans-serif;\"><span style=\"font-size: medium;\">laboratorios de alta tecnolog\u00eda <\/span><\/span><span style=\"font-family: arial,sans-serif;\"><span style=\"font-size: medium;\">se tienen. De estos \u00faltimos son m<\/span><\/span><span style=\"font-family: arial,sans-serif;\"><span style=\"font-size: medium;\">\u00e1<\/span><\/span><span style=\"font-family: arial,sans-serif;\"><span style=\"font-size: medium;\">s de 100, los cuales el <\/span><\/span><span style=\"font-family: arial,sans-serif;\"><span style=\"font-size: medium;\">instituto, desde ya,<\/span><\/span><span style=\"font-family: arial,sans-serif;\"><span style=\"font-size: medium;\"> pone a disposici\u00f3n de toda<\/span><\/span><span style=\"font-family: arial,sans-serif;\"><span style=\"font-size: medium;\">s las<\/span><\/span><span style=\"font-family: arial,sans-serif;\"><span style=\"font-size: medium;\"> empresa<\/span><\/span><span style=\"font-family: arial,sans-serif;\"><span style=\"font-size: medium;\">s<\/span><\/span><span style=\"font-family: arial,sans-serif;\"><span style=\"font-size: medium;\"> p\u00fablica<\/span><\/span><span style=\"font-family: arial,sans-serif;\"><span style=\"font-size: medium;\">s<\/span><\/span><span style=\"font-family: arial,sans-serif;\"><span style=\"font-size: medium;\"> y privada<\/span><\/span><span style=\"font-family: arial,sans-serif;\"><span style=\"font-size: medium;\">s<\/span><\/span><span style=\"font-family: arial,sans-serif;\"><span style=\"font-size: medium;\"> que los <\/span><\/span><span style=\"font-family: arial,sans-serif;\"><span style=\"font-size: medium;\">requieran, siempre en funci\u00f3n productiva<\/span><\/span><span style=\"font-family: arial,sans-serif;\"><span style=\"font-size: medium;\">.<\/span><\/span><\/p>\n<p align=\"justify\">\u00a0<\/p>\n<p style=\"text-align: justify;\" align=\"justify\"><span style=\"font-family: arial,sans-serif;\"><span style=\"font-size: medium;\">Contamos con laboratorios que las empresas no tienen, y en los que pueden hacer pruebas de control num\u00e9rico (CNC), de resistencia y prueba de materiales, advirti\u00f3 el moderador y presidente Wuikelman Angel.<\/span><\/span><\/p>\n<p align=\"justify\">\u00a0<\/p>\n<p align=\"justify\"><img loading=\"lazy\" decoding=\"async\" class=\"size-full wp-image-16790 aligncenter\" src=\"http:\/\/www.inces.gob.ve\/wp-content\/uploads\/2018\/08\/Radio-1-69-9.8.18.jpg\" alt=\"\" width=\"4160\" height=\"3120\" \/><\/p>\n<p align=\"justify\">\u00a0<\/p>\n<p style=\"text-align: justify;\" align=\"justify\"><span style=\"font-family: arial,sans-serif;\"><span style=\"font-size: medium;\">De Igual forma \u201ctenemos 8 centros de formaci\u00f3n agr\u00edcola con importantes metros de tierras aptas y listas para la siembra y para la producci\u00f3n y procesamiento forestal y animal. A partir del diagn\u00f3stico realizado con los jefes de centro se han estructurado una serie de proyectos y estamos interactuando con instituciones del Estado para fortalecer los proyectos productivos\u201d, asegur\u00f3 Angel.<\/span><\/span><\/p>\n<p align=\"justify\">\u00a0<\/p>\n<p style=\"text-align: justify;\" align=\"justify\"><span style=\"font-family: arial,sans-serif;\"><span style=\"font-size: medium;\">Desde el Inces se quiere que la juventud sea protagonista de estos proyectos y que se incorporen a los programas de formaci\u00f3n y autoproducci\u00f3n formativa, donde el Inces les garantiza el estipendio que ha sido se\u00f1alado para quienes forman parte de la Misi\u00f3n Chamba Juvenil. La idea es que la juventud se empodere de proyectos y comiencen a producir. <\/span><\/span><\/p>\n<p align=\"justify\">\u00a0<\/p>\n<p style=\"text-align: justify;\" align=\"justify\"><span style=\"font-family: arial,sans-serif;\"><span style=\"font-size: medium;\">En un aparte, el joven Serrano introdujo el tema del CFS de Artes Gr\u00e1ficas de Maracaibo, una instalaci\u00f3n caracterizada desde hace un tiempo por su capacidad de innovaci\u00f3n, creaci\u00f3n, talentos hacia la realizaci\u00f3n de actividades distintas, efectivas y en fin, un centro lleno de nuevas ideas, \u00e1nimos, deseos de formar y agradar. En la actualidad \u00e9ste CFS est\u00e1 en la elaboraci\u00f3n de cuadernos con material de reciclaje que en principio pudieran satisfacer la demanda de los propios participantes y trabajadores Inces, pero con gran proyecci\u00f3n de crecimiento en la producci\u00f3n.<\/span><\/span><\/p>\n<p align=\"justify\">\u00a0<\/p>\n<p style=\"text-align: justify;\"><span style=\"font-family: arial,sans-serif;\"><b>Emprendimiento <\/b><b>formaci\u00f3n <\/b><b>y producci\u00f3n <\/b><b>para los Clap<\/b><\/span><\/p>\n<p style=\"text-align: justify;\" align=\"justify\"><span style=\"font-family: arial,sans-serif;\">En contacto telef\u00f3nico con Evelyn D\u00edaz, jefa del CFS Metalmec\u00e1nico- Industrial de Barcelona, explic\u00f3 que en alianza con la alcald\u00eda del municipio Bol\u00edvar, a partir de la pr\u00f3xima semana comenzar\u00e1n a producirse m\u00e1s de 2000 mil panes diarios para ser vendidos a las comunidades del municipio Bol\u00edvar a precios de solidaridad.<\/span><\/p>\n<p align=\"justify\">\u00a0<\/p>\n<p style=\"text-align: justify;\" align=\"justify\">\u201c<span style=\"font-family: arial,sans-serif;\">Lo m\u00e1s bonito dentro del proceso de producci\u00f3n es que vamos a tener un proceso formativo dentro de las comunidades organizadas que se postulen y una vez que terminen la formaci\u00f3n, queda el saldo que les permitir\u00e1 formarse como Unidades de Producci\u00f3n Social o Familiar, seg\u00fan sea el caso, y que sean ellos mismos quienes den respuesta a sus comunidades con la producci\u00f3n y distribuci\u00f3n del plan a un precio bajo\u201d.<\/span><\/p>\n<p align=\"justify\">\u00a0<\/p>\n<p align=\"justify\"><img loading=\"lazy\" decoding=\"async\" class=\"size-full wp-image-16789 aligncenter\" src=\"http:\/\/www.inces.gob.ve\/wp-content\/uploads\/2018\/08\/Radio-3-9.8.18-.jpg\" alt=\"\" width=\"4160\" height=\"3120\" \/><\/p>\n<p align=\"justify\">\u00a0<\/p>\n<p style=\"text-align: justify;\" align=\"justify\"><span style=\"font-family: arial,sans-serif;\">Tambi\u00e9n explic\u00f3 D\u00edaz que como parte del encadenamiento productivo las personas interesadas, no solo se van a formar en panader\u00eda, sino tambi\u00e9n en la fabricaci\u00f3n de hornos de 6 bandejas, los cuales van a estar destinados a gentes que se han formado y hagan el pan en sus comunidades.<\/span><\/p>\n<p align=\"justify\">\u00a0<\/p>\n<p style=\"text-align: justify;\" align=\"justify\">\u201c<span style=\"font-family: arial,sans-serif;\">Las personas pueden formarse en panader\u00eda y tambi\u00e9n en matalmec\u00e1nica para la fabricaci\u00f3n de los hornos y as\u00ed conocen el proceso completo. La juventud debe incorporarse a la producci\u00f3n nacional, sobre todo en estos momentos tan importantes de guerra econ\u00f3mica\u201d, afirma la jefe del gigante CFS de Barcelona.<\/span><\/p>\n<p align=\"justify\">\u00a0<\/p>\n<p style=\"text-align: justify;\" align=\"justify\"><span style=\"font-family: arial,sans-serif;\"><b>Hablan los chambistas<\/b> <\/span><\/p>\n<p style=\"text-align: justify;\" align=\"justify\"><span style=\"font-family: arial,sans-serif;\">Los nuevos compa\u00f1eros en el estudio radial, al lado del presidente del Inces, C\u00e9sar y Zahec, ambos aprendices de la Misi\u00f3n Chamba Juvenil, invitaron a la juventud a incorporarse al mundo productivo nacional.<\/span><\/p>\n<p align=\"justify\">\u00a0<\/p>\n<p style=\"text-align: justify;\" align=\"justify\">\u201c<span style=\"font-family: arial,sans-serif;\">En el Inces es mucho lo que he aprendido. Formo parte del Movimiento Nacional de Aprendices y desde mi experiencia invito a todos los j\u00f3venes a participar en la formaci\u00f3n que aqu\u00ed se dicta, los invito al trabajo. Y al presidente Maduro le digo que siga trabajando por darnos a los j\u00f3venes oportunidades en el \u00e1mbito social y en el productivo. Yo apoyo al presidente porque estoy viviendo la experiencia en el Inces y s\u00e9 que es una realidad\u201d, asever\u00f3 Zehec.<\/span><\/p>\n<p align=\"justify\">\u00a0<\/p>\n<p style=\"text-align: justify;\" align=\"justify\"><span style=\"font-family: arial,sans-serif;\">Mientras tanto, Serrano hizo un llamado a la generaci\u00f3n de oro a que \u201cno se queden en sus casas, busquen qu\u00e9 hacer. El Inces ofrece muchas variedades de cursos, no solo Chamba Juvenil. Salgan a producir, somos la juventud, la esperanza\u201d.<\/span><\/p>\n<p align=\"justify\">\u00a0<\/p>\n<p style=\"text-align: justify;\" align=\"justify\"><span style=\"font-family: arial,sans-serif;\">El presidente del Inces no perdi\u00f3 la oportunidad de recordarle a la audiencia que el pr\u00f3ximo 22 de agosto la instituci\u00f3n arriba a su 59 aniversario y que en el marco de esa celebraci\u00f3n se lanzar\u00e1 el sistema HACER para que v\u00eda <i><b>on line<\/b><\/i> las personas puedan inscribirse en las diferentes opciones formativas que el instituto ofrece en todo el territorio nacional; asimismo los empresarios podr\u00e1n resolver todas sus gestiones tributarias a trav\u00e9s de la p\u00e1gina Web sin necesidad de ir personalmente a la instituci\u00f3n o tener que entregar en f\u00edsico una cantidad de documentos que ahora podr\u00e1n consignar de manera electr\u00f3nica. Esto en consonancia con el 5to objetivo hist\u00f3rico del plan de la patria.<\/span><\/p>\n","protected":false},"excerpt":{"rendered":"<p>** Se hizo en la \u00faltima entrega radial, que como hace m\u00e1s de un a\u00f1o permanece como espacio para la vocer\u00eda institucional y la promoci\u00f3n de actividades formativas y productivas<\/p>\n","protected":false},"author":4,"featured_media":16792,"comment_status":"closed","ping_status":"closed","sticky":false,"template":"","format":"standard","meta":{"footnotes":""},"categories":[2],"tags":[],"class_list":["post-16788","post","type-post","status-publish","format-standard","has-post-thumbnail","hentry","category-blog"],"_links":{"self":[{"href":"https:\/\/inces.gob.ve\/index.php\/wp-json\/wp\/v2\/posts\/16788","targetHints":{"allow":["GET"]}}],"collection":[{"href":"https:\/\/inces.gob.ve\/index.php\/wp-json\/wp\/v2\/posts"}],"about":[{"href":"https:\/\/inces.gob.ve\/index.php\/wp-json\/wp\/v2\/types\/post"}],"author":[{"embeddable":true,"href":"https:\/\/inces.gob.ve\/index.php\/wp-json\/wp\/v2\/users\/4"}],"replies":[{"embeddable":true,"href":"https:\/\/inces.gob.ve\/index.php\/wp-json\/wp\/v2\/comments?post=16788"}],"version-history":[{"count":1,"href":"https:\/\/inces.gob.ve\/index.php\/wp-json\/wp\/v2\/posts\/16788\/revisions"}],"predecessor-version":[{"id":19096,"href":"https:\/\/inces.gob.ve\/index.php\/wp-json\/wp\/v2\/posts\/16788\/revisions\/19096"}],"wp:featuredmedia":[{"embeddable":true,"href":"https:\/\/inces.gob.ve\/index.php\/wp-json\/"}],"wp:attachment":[{"href":"https:\/\/inces.gob.ve\/index.php\/wp-json\/wp\/v2\/media?parent=16788"}],"wp:term":[{"taxonomy":"category","embeddable":true,"href":"https:\/\/inces.gob.ve\/index.php\/wp-json\/wp\/v2\/categories?post=16788"},{"taxonomy":"post_tag","embeddable":true,"href":"https:\/\/inces.gob.ve\/index.php\/wp-json\/wp\/v2\/tags?post=16788"}],"curies":[{"name":"wp","href":"https:\/\/api.w.org\/{rel}","templated":true}]}}