{"id":16814,"date":"2018-08-10T11:16:23","date_gmt":"2018-08-10T17:16:23","guid":{"rendered":"http:\/\/www.inces.gob.ve\/?p=16814"},"modified":"2020-05-28T20:31:47","modified_gmt":"2020-05-29T00:31:47","slug":"chambistas-participan-creacion-ley-la-gran-mision-chamba-juvenil","status":"publish","type":"post","link":"https:\/\/inces.gob.ve\/index.php\/2018\/08\/10\/chambistas-participan-creacion-ley-la-gran-mision-chamba-juvenil\/","title":{"rendered":"Chambistas participan en creaci\u00f3n de ley para la Gran Misi\u00f3n Chamba Juvenil"},"content":{"rendered":"<p style=\"text-align: justify;\"><span style=\"font-family: Arial,sans-serif;\"><i><b>** Con voz activa, la juventud venezolana plantea propuestas desde sus experiencias y vivencias en el proceso formativo<\/b><\/i><\/span><\/p>\n<p style=\"text-align: justify;\">\n <!--more--><\/p>\n<p style=\"text-align: justify;\">\n <\/p>\n<p style=\"text-align: justify;\"><span style=\"font-family: Arial,sans-serif;\"><b>HIRASYANEL BAYONA | BARINAS<\/b> <\/span><\/p>\n<p style=\"text-align: justify;\">\n <\/p>\n<p style=\"text-align: justify;\"><span style=\"font-family: Arial,sans-serif;\">Aprendices de Inces Barinas, incorporados a la Gran Misi\u00f3n Chamba Juvenil, protagonizaron debate para la creaci\u00f3n de la Ley de esta Misi\u00f3n.<\/span><\/p>\n<p style=\"text-align: justify;\">\n <\/p>\n<p style=\"text-align: justify;\"><span style=\"font-family: Arial,sans-serif;\">La actividad se desarroll\u00f3 en los espacios del Inces Barinas, donde tuvieron participaci\u00f3n los aprendices en compa\u00f1\u00eda de autoridades regionales y de los responsables del Programa Nacional de Aprendizaje.<\/span><\/p>\n<p>&nbsp;<\/p>\n<p style=\"text-align: justify;\"><span style=\"font-family: Arial,sans-serif;\"><img loading=\"lazy\" decoding=\"async\" class=\"size-full wp-image-16816 aligncenter\" src=\"http:\/\/www.inces.gob.ve\/wp-content\/uploads\/2018\/08\/2Misi\u00f3n-Chamba-Juvenil.jpg\" alt=\"\" width=\"850\" height=\"563\" \/><\/span><\/p>\n<p style=\"text-align: justify;\">\u00a0<\/p>\n<p style=\"text-align: justify;\"><span style=\"font-family: Arial,sans-serif;\">Los j\u00f3venes tuvieron la oportunidad de expresar sus ideas, opiniones y expectativas en funci\u00f3n de cuatro temas planteados para el debate en todo el pa\u00eds, a saber: <\/span><\/p>\n<p style=\"text-align: justify;\">\n <\/p>\n<p style=\"text-align: justify;\"><span style=\"font-family: Arial,sans-serif;\">1. Estudio, capacitaci\u00f3n e inserci\u00f3n laboral,<\/span><\/p>\n<p style=\"text-align: justify;\"><span style=\"font-family: Arial,sans-serif;\">2. Emprendimiento, producci\u00f3n nacional y vuelta al campo,<\/span><\/p>\n<p style=\"text-align: justify;\"><span style=\"font-family: Arial,sans-serif;\">3. Cultura liberadora y productiva, organizaci\u00f3n y participaci\u00f3n<\/span><\/p>\n<p style=\"text-align: justify;\"><span style=\"font-family: Arial,sans-serif;\">4. Atenci\u00f3n integral, deporte y recreaci\u00f3n.<\/span><\/p>\n<p style=\"text-align: justify;\">\n <\/p>\n<p style=\"text-align: justify;\"><span style=\"font-family: Arial,sans-serif;\">Posteriormente pasaron a realizar cuatro mesas de trabajo dispuestas para cada uno de los temas, donde se realiz\u00f3 la sistematizaci\u00f3n de sus propuestas para que las mismas se consideren para ser elevadas ante la ANC al momento de la creaci\u00f3n de la nueva Ley, que surge como iniciativa del Presidente de la Rep\u00fablica, Nicol\u00e1s Maduro, para legitimar la participaci\u00f3n y derechos de la juventud incorporada a la Gran Misi\u00f3n Chamba Juvenil con enfasis en el Capitulo Aprendices Inces.<\/span><\/p>\n<p>&nbsp;<\/p>\n<p style=\"text-align: justify;\"><img loading=\"lazy\" decoding=\"async\" class=\"size-full wp-image-16815 aligncenter\" src=\"http:\/\/www.inces.gob.ve\/wp-content\/uploads\/2018\/08\/3Misi\u00f3n-Chamba-Juvenil.jpg\" alt=\"\" width=\"850\" height=\"482\" \/><br \/>\n <span style=\"font-family: Arial,sans-serif;\">Una vez realizados los debates en todos los Inces del pa\u00eds, se realizar\u00e1 la sistematizaci\u00f3n general que ser\u00e1 presentada ante la instancia de la ANC, donde aun con mas fuerza la juventud venezolana tendr\u00e1 mayores oportunidades de incorporarse al aparato productivo, a la construcci\u00f3n de un mejor pa\u00eds obteniendo su primera oportunidad laboral mientras se forman para la producci\u00f3n de la mano del Inces Socialista. <\/span><\/p>\n<p style=\"text-align: justify;\">\n <\/p>\n<p style=\"text-align: justify;\">\n <\/p>\n","protected":false},"excerpt":{"rendered":"<p>** Con voz activa, la juventud venezolana plantea propuestas desde sus experiencias y vivencias en el proceso formativo<\/p>\n","protected":false},"author":15,"featured_media":16815,"comment_status":"closed","ping_status":"closed","sticky":false,"template":"","format":"standard","meta":{"footnotes":""},"categories":[2],"tags":[],"class_list":["post-16814","post","type-post","status-publish","format-standard","has-post-thumbnail","hentry","category-blog"],"_links":{"self":[{"href":"https:\/\/inces.gob.ve\/index.php\/wp-json\/wp\/v2\/posts\/16814","targetHints":{"allow":["GET"]}}],"collection":[{"href":"https:\/\/inces.gob.ve\/index.php\/wp-json\/wp\/v2\/posts"}],"about":[{"href":"https:\/\/inces.gob.ve\/index.php\/wp-json\/wp\/v2\/types\/post"}],"author":[{"embeddable":true,"href":"https:\/\/inces.gob.ve\/index.php\/wp-json\/wp\/v2\/users\/15"}],"replies":[{"embeddable":true,"href":"https:\/\/inces.gob.ve\/index.php\/wp-json\/wp\/v2\/comments?post=16814"}],"version-history":[{"count":1,"href":"https:\/\/inces.gob.ve\/index.php\/wp-json\/wp\/v2\/posts\/16814\/revisions"}],"predecessor-version":[{"id":19093,"href":"https:\/\/inces.gob.ve\/index.php\/wp-json\/wp\/v2\/posts\/16814\/revisions\/19093"}],"wp:featuredmedia":[{"embeddable":true,"href":"https:\/\/inces.gob.ve\/index.php\/wp-json\/"}],"wp:attachment":[{"href":"https:\/\/inces.gob.ve\/index.php\/wp-json\/wp\/v2\/media?parent=16814"}],"wp:term":[{"taxonomy":"category","embeddable":true,"href":"https:\/\/inces.gob.ve\/index.php\/wp-json\/wp\/v2\/categories?post=16814"},{"taxonomy":"post_tag","embeddable":true,"href":"https:\/\/inces.gob.ve\/index.php\/wp-json\/wp\/v2\/tags?post=16814"}],"curies":[{"name":"wp","href":"https:\/\/api.w.org\/{rel}","templated":true}]}}