{"id":16823,"date":"2018-08-10T11:37:00","date_gmt":"2018-08-10T17:37:00","guid":{"rendered":"http:\/\/www.inces.gob.ve\/?p=16823"},"modified":"2020-05-28T20:31:47","modified_gmt":"2020-05-29T00:31:47","slug":"bello-muchos-los-logros-sociales-ha-alcanzado-inces-favor-del-venezolano-pie","status":"publish","type":"post","link":"https:\/\/inces.gob.ve\/index.php\/2018\/08\/10\/bello-muchos-los-logros-sociales-ha-alcanzado-inces-favor-del-venezolano-pie\/","title":{"rendered":"Bello: Son muchos los logros sociales que ha alcanzado el Inces a favor del venezolano de a pie"},"content":{"rendered":"<p class=\"western\" style=\"text-align: justify;\" align=\"justify\"><span style=\"font-family: Arial,sans-serif;\"><span style=\"font-size: medium;\"><i><b>**Se han sembrado 10 hect\u00e1rea de arroz y 10 de ma\u00edz amarillo, por ejemplo, tras la firma de una alianza estrat\u00e9gica con los productores rurales de los municipios Agua Blanca y Araure, en la que los chicos del Plan Chamba Juvenil hacen de eje fundamental<\/b><\/i><\/span><\/span><\/p>\n<p align=\"justify\">\u00a0<\/p>\n<p class=\"western\" style=\"text-align: justify;\" align=\"justify\"><!--more--><\/p>\n<p align=\"justify\">\u00a0<\/p>\n<p class=\"western\" style=\"text-align: justify;\" align=\"justify\"><span style=\"font-family: Arial,sans-serif;\"><b><span style=\"font-size: medium;\">CRUZ MARIO SILVA | Portuguesa <\/span><\/b><\/span><\/p>\n<p align=\"justify\">\u00a0<\/p>\n<p class=\"western\" style=\"text-align: justify;\" align=\"justify\">\u201c<span style=\"font-family: Arial,sans-serif;\"><span style=\"font-size: medium;\">Son muchos los logros sociales que ha alcanzado el Inces a favor del venezolano de a pie, pero entre los m\u00e1s emblem\u00e1ticos te puedo mencionar <\/span><span style=\"font-size: medium;\"><b>el plan Chamba Juvenil, con m\u00e1s de 650 j\u00f3venes incorporados a la oferta formativa Inces 2018<\/b><\/span><span style=\"font-size: medium;\">, igualmente el Programa Nacional de Aprendizaje, <\/span><span style=\"font-size: medium;\"><b>PNA, ha formado cerca de 800 muchachos<\/b><\/span><span style=\"font-size: medium;\"> en diferentes \u00e1reas, comercial, industrial, granjas integrales y por supuesto <\/span><span style=\"font-size: medium;\"><b>la certificaci\u00f3n de saberes emp\u00edricos, que ha certificado a m\u00e1s 2.200 personas<\/b><\/span><span style=\"font-size: medium;\">, todos estos n\u00famero obedecen solo al 2018\u201d.<\/span><\/span><\/p>\n<p align=\"justify\">\u00a0<\/p>\n<p class=\"western\" style=\"text-align: justify;\" align=\"justify\"><span style=\"font-family: Arial,sans-serif;\"><span style=\"font-size: medium;\"><b>De esta manera la gerente regional de Inces en el estado Portuguesa, Aracelis Bello, inici\u00f3 una entrevista en el programa Divergencia en Convivencia,<\/b><\/span><span style=\"font-size: medium;\"> moderado por Arturo Faneite, transmitido por Universal Televisi\u00f3n, canal 45 en se\u00f1al abierta para Acarigua y Araure. <\/span><\/span><\/p>\n<p align=\"justify\">\u00a0<\/p>\n<p class=\"western\" style=\"text-align: justify;\" align=\"justify\"><span style=\"font-family: Arial,sans-serif;\"><span style=\"font-size: medium;\">El espacio televisivo -de una hora de transmisi\u00f3n- fue propicio para que la gerente explicara en 30 minutos, el desempe\u00f1o de la instituci\u00f3n, m\u00e1s cuando el pr\u00f3ximo mi\u00e9rcoles 22 de agosto celebrar\u00e1 su quincuag\u00e9simo noveno aniversario.<\/span><\/span><\/p>\n<p align=\"justify\">\u00a0<\/p>\n<p class=\"western\" style=\"text-align: justify;\" align=\"justify\"><span style=\"font-family: Arial,sans-serif;\"><span style=\"font-size: medium;\"><img loading=\"lazy\" decoding=\"async\" class=\"size-full wp-image-16824 aligncenter\" src=\"http:\/\/www.inces.gob.ve\/wp-content\/uploads\/2018\/08\/2venezolano-de-a-pie.jpg\" alt=\"\" width=\"800\" height=\"809\" \/><\/span><\/span><\/p>\n<p class=\"western\" style=\"text-align: justify;\" align=\"justify\"><span style=\"font-family: Arial,sans-serif;\"><span style=\"font-size: medium;\"><b>Arturo Faneite: <\/b><\/span><span style=\"font-size: medium;\">Usted toc\u00f3 un punto muy interesante, como lo es el conocimiento por pr\u00e1ctica, lo digo porque uno ve como los j\u00f3venes reci\u00e9n egresados de las universidades reciben esa ense\u00f1anza de aquellos que tienen a\u00f1os trabajando, en una empresa, por ejemplo. <\/span><\/span><\/p>\n<p align=\"justify\">\u00a0<\/p>\n<p class=\"western\" style=\"text-align: justify;\" align=\"justify\"><span style=\"font-family: Arial,sans-serif;\"><span style=\"font-size: medium;\"><b>Aracelis Bello.<\/b><\/span><span style=\"font-size: medium;\"> En efecto, la certificaci\u00f3n de saberes brinda la oportunidad de que aquellas personas aprendieron un oficio obtengan un certificado, tipo diploma que la acredita como conocedora de ese oficio; desde herrer\u00eda, carpinter\u00eda, electricidad, fontaner\u00eda, panader\u00eda, corte y costura, la lista es larga. Te digo que el certificado Inces es un documento reconocido a escala internacional, es decir, el que este avalado por el Inces tiene mucho camino recorrido. <\/span><\/span><\/p>\n<p align=\"justify\">\u00a0<\/p>\n<p class=\"western\" style=\"text-align: justify;\" align=\"justify\"><span style=\"font-family: Arial,sans-serif;\"><span style=\"font-size: medium;\"><b>Arturo Faneite. <\/b><\/span><span style=\"font-size: medium;\">Y en el sector agr\u00edcola, \u00bfc\u00f3mo va eso?<\/span><\/span><\/p>\n<p align=\"justify\">\u00a0<\/p>\n<p class=\"western\" style=\"text-align: justify;\" align=\"justify\"><span style=\"font-family: Arial,sans-serif;\"><span style=\"font-size: medium;\"><b>Aracelis Bello. <\/b><\/span><span style=\"font-size: medium;\">Muy importante su pregunta, porque en el Centro de Formaci\u00f3n Socialista Atapaima -dicho sea de paso lo estamos reacondicionando- <\/span><span style=\"font-size: medium;\"><b>tenemos 10 hect\u00e1rea de arroz sembrado y 10 de ma\u00edz amarillo, gracias a las alianzas estrat\u00e9gicas con los productores rurales de los municipios Agua Blanca y Araure y con los chicos del Plan Chamba Juvenil<\/b><\/span><span style=\"font-size: medium;\">, ha reafirmado ser un espacio excepcional para la formaci\u00f3n agraria.<\/span><\/span><\/p>\n<p align=\"justify\">\u00a0<\/p>\n<p class=\"western\" style=\"text-align: justify;\" align=\"justify\"><span style=\"font-family: Arial,sans-serif;\"><span style=\"font-size: medium;\"><b>Arturo Faneite. <\/b><\/span><span style=\"font-size: medium;\">\u00bf<\/span><span style=\"font-size: medium;\"><b>El PNA tiene la bondad de conseguirle empleo<\/b><\/span><span style=\"font-size: medium;\"> a los aprendices Inces?. <\/span><\/span><\/p>\n<p align=\"justify\">\u00a0<\/p>\n<p class=\"western\" style=\"text-align: justify;\" align=\"justify\"><span style=\"font-family: Arial,sans-serif;\"><span style=\"font-size: medium;\"><b>Aracelis Bello. No en esas palabras.<\/b><\/span><span style=\"font-size: medium;\"> El PNA forma a los j\u00f3venes menores de edad que hayan terminado el bachillerato y producto una alianza con firmas comerciales e industriales, se ubica a los muchachos para que ocupen los puestos que requieran tales firma y dependiendo de su desempe\u00f1o son o no absorbidos y los requisitos son sencillos de obtener, entre estos, tener de 14 a 18 a\u00f1os de edad, estar inscrito en el registro de trabajadores, tal como lo establece el art\u00edculo 98 de la Lopna, certificado de salud y tener como m\u00ednimo sexto grado aprobado. <\/span><\/span><\/p>\n<p align=\"justify\">\u00a0<\/p>\n<p class=\"western\" style=\"text-align: justify;\" align=\"justify\"><span style=\"font-family: Arial,sans-serif;\"><span style=\"font-size: medium;\"><b>Arturo Faneite. El Plan Chamba Juvenil ha tenido un impacto positivo en la poblaci\u00f3n, a cuando hay quienes dicen que los muchachos prefieren irse<\/b><\/span><span style=\"font-size: medium;\">, aunque les paguen.<\/span><\/span><\/p>\n<p align=\"justify\">\u00a0<\/p>\n<p class=\"western\" style=\"text-align: justify;\" align=\"justify\"><span style=\"font-family: Arial,sans-serif;\"><span style=\"font-size: medium;\"><b>Aracelis Bello. <\/b><\/span><\/span><span style=\"font-family: Arial,sans-serif;\"><span style=\"font-size: medium;\">Bueno el irse es harina de otro costal, sin embargo Chamba Juvenil es puesto en marcha por el presidente Nicol\u00e1s Maduro, para incorporar a la juventud desocupada, o aquellas que no lograron continuar sus estudios en el sistema educativo regular. F\u00edjese que todas las expectativa de <\/span><\/span><span style=\"font-family: Arial,sans-serif;\"><span style=\"font-size: medium;\"><b>esa misi\u00f3n socialista ha sido superada, tanto que la p\u00e1gina <\/b><\/span><\/span><span style=\"color: #000080;\"><span lang=\"zxx\"><u><a href=\"http:\/\/www.inj.gob.ve\/\"><span style=\"font-family: Arial,sans-serif;\"><span style=\"font-size: medium;\"><b>www.inj.gob.ve<\/b><\/span><\/span><\/a><\/u><\/span><\/span><span style=\"font-family: Arial,sans-serif;\"><span style=\"font-size: medium;\"><b>, colapsa del tr\u00e1nsito y visita de quienes desean ser parte de esta fabulosa misi\u00f3n<\/b><\/span><\/span><span style=\"font-family: Arial,sans-serif;\"><span style=\"font-size: medium;\">; hay que recordar uno de los requisitos para inscribirse en el Plan Chamba Juvenil es tener el carn\u00e9 de la patria. <\/span><\/span><\/p>\n<p align=\"justify\">\u00a0<\/p>\n<p class=\"western\" style=\"text-align: justify;\" align=\"justify\"><span style=\"font-family: Arial,sans-serif;\"><span style=\"font-size: medium;\"><b>Arturo Faneite. <\/b><\/span><span style=\"font-size: medium;\">\u00bfCu\u00e1nto tiempo tiene en el cargo de gerente?<\/span><\/span><\/p>\n<p align=\"justify\">\u00a0<\/p>\n<p class=\"western\" style=\"text-align: justify;\" align=\"justify\"><span style=\"font-family: Arial,sans-serif;\"><span style=\"font-size: medium;\"><b>Aracelis Bello. <\/b><\/span><span style=\"font-size: medium;\">Tengo cuatro meses y mire que ha sido una gran oportunidad para trabajar con el recurso humano, porque aun cuando he trabajado y he desempe\u00f1ado funciones en otras instancias del gobierno municipal, el Inces est\u00e1 adscrito al ministerio de Educaci\u00f3n y es una gran responsabilidad, sin olvidar que he ocupado espacios dentro de la revoluci\u00f3n bolivariana y del Partido Socialista de Venezuela, Psuv. <\/span><\/span><\/p>\n<p align=\"justify\">\u00a0<\/p>\n<p class=\"western\" style=\"text-align: justify;\" align=\"justify\"><span style=\"font-family: Arial,sans-serif;\"><span style=\"font-size: medium;\"><b>Arturo Faneite. <\/b><\/span><span style=\"font-size: medium;\">Estamos concluyendo el programa, \u00bf<\/span><span style=\"font-size: medium;\"><b>qu\u00e9 le puede decir a los usuarios y usuarias de Universal Televisi\u00f3n<\/b><\/span><span style=\"font-size: medium;\">?, tiene menos de un minuto.<\/span><\/span><\/p>\n<p align=\"justify\">\u00a0<\/p>\n<p class=\"western\" style=\"text-align: justify;\" align=\"justify\"><span style=\"font-family: Arial,sans-serif;\"><span style=\"font-size: medium;\"><b>Aracelis Bello.<\/b><\/span> <span style=\"font-size: medium;\"><b>Bueno estamos pronto a la inauguraci\u00f3n de la panader\u00eda Wad\u00e4ka,<\/b><\/span><span style=\"font-size: medium;\"> en las instalaciones del Inces, ubicada en la avenida principal de la urbanizaci\u00f3n Baraure uno, cabe destacar que este es un primer paso -tal como lo ha solicitado el presidente de Inces, Wuikelman \u00c1ngel- para la creaci\u00f3n de un CFS dedicado a la reposter\u00eda; tambi\u00e9n <\/span><span style=\"font-size: medium;\"><b>estamos por celebrar la primera Feria Productiva del Mango<\/b><\/span><span style=\"font-size: medium;\">, en el CFS Atapaima -el pr\u00f3ximo mi\u00e9rcoles 15- <\/span><span style=\"font-size: medium;\"><b>el 22 de agosto festejaremos los 59 a\u00f1os del Inces<\/b><\/span><span style=\"font-size: medium;\">, con el criterio de la austeridad respectiva y bueno aprovecho r\u00e1pidamente para expresar en nombre propio y del equipo que me acompa\u00f1a en la gerencia, el apoyo irrestricto al presidente Nicol\u00e1s Maduro, as\u00ed como el rechazo al intento de magnicidio del que fue objeto -fallido gracias a Dios- el pasado cuatro de agosto. Muchas gracias a usted se\u00f1or Arturo, al amigo <\/span><span style=\"font-size: medium;\">Bernardo Mogoll\u00f3n, productor del programa y a los usuarios y usuarias de Universal televisi\u00f3n. <\/span><\/span><\/p>\n","protected":false},"excerpt":{"rendered":"<p>**Se han sembrado 10 hect\u00e1rea de arroz y 10 de ma\u00edz amarillo, por ejemplo, tras la firma de una alianza estrat\u00e9gica con los productores rurales de los municipios Agua Blanca y Araure, en la que los chicos del Plan Chamba Juvenil hacen de eje fundamental \u00a0<\/p>\n","protected":false},"author":15,"featured_media":16825,"comment_status":"closed","ping_status":"closed","sticky":false,"template":"","format":"standard","meta":{"footnotes":""},"categories":[2],"tags":[],"class_list":["post-16823","post","type-post","status-publish","format-standard","has-post-thumbnail","hentry","category-blog"],"_links":{"self":[{"href":"https:\/\/inces.gob.ve\/index.php\/wp-json\/wp\/v2\/posts\/16823","targetHints":{"allow":["GET"]}}],"collection":[{"href":"https:\/\/inces.gob.ve\/index.php\/wp-json\/wp\/v2\/posts"}],"about":[{"href":"https:\/\/inces.gob.ve\/index.php\/wp-json\/wp\/v2\/types\/post"}],"author":[{"embeddable":true,"href":"https:\/\/inces.gob.ve\/index.php\/wp-json\/wp\/v2\/users\/15"}],"replies":[{"embeddable":true,"href":"https:\/\/inces.gob.ve\/index.php\/wp-json\/wp\/v2\/comments?post=16823"}],"version-history":[{"count":1,"href":"https:\/\/inces.gob.ve\/index.php\/wp-json\/wp\/v2\/posts\/16823\/revisions"}],"predecessor-version":[{"id":19091,"href":"https:\/\/inces.gob.ve\/index.php\/wp-json\/wp\/v2\/posts\/16823\/revisions\/19091"}],"wp:featuredmedia":[{"embeddable":true,"href":"https:\/\/inces.gob.ve\/index.php\/wp-json\/"}],"wp:attachment":[{"href":"https:\/\/inces.gob.ve\/index.php\/wp-json\/wp\/v2\/media?parent=16823"}],"wp:term":[{"taxonomy":"category","embeddable":true,"href":"https:\/\/inces.gob.ve\/index.php\/wp-json\/wp\/v2\/categories?post=16823"},{"taxonomy":"post_tag","embeddable":true,"href":"https:\/\/inces.gob.ve\/index.php\/wp-json\/wp\/v2\/tags?post=16823"}],"curies":[{"name":"wp","href":"https:\/\/api.w.org\/{rel}","templated":true}]}}