{"id":16834,"date":"2018-08-10T12:41:00","date_gmt":"2018-08-10T18:41:00","guid":{"rendered":"http:\/\/www.inces.gob.ve\/?p=16834"},"modified":"2020-05-28T20:31:47","modified_gmt":"2020-05-29T00:31:47","slug":"inces-barinas-participa-2do-encuentro-nacional-jefes-centro","status":"publish","type":"post","link":"https:\/\/inces.gob.ve\/index.php\/2018\/08\/10\/inces-barinas-participa-2do-encuentro-nacional-jefes-centro\/","title":{"rendered":"Inces Barinas participa en 2do encuentro nacional de Jefes de Centro"},"content":{"rendered":"<p style=\"text-align: justify;\"><span style=\"font-family: Arial,sans-serif;\">** Inces hacia lo productivo, impulsando proyectos presentados por los Centros de Formaci\u00f3n Socialista de todo el pa\u00eds<\/span><\/p>\n<p style=\"text-align: justify;\">\n <!--more--><\/p>\n<p style=\"text-align: justify;\">\n <\/p>\n<p style=\"text-align: justify;\"><span style=\"font-family: Arial,sans-serif;\">HIRASYANEL BAYONA | BARINAS <\/span><\/p>\n<p style=\"text-align: justify;\">\n <\/p>\n<p style=\"text-align: justify;\">\n <\/p>\n<p style=\"text-align: justify;\"><span style=\"font-family: Arial,sans-serif;\">**Jefes de los tres Centros de Formaci\u00f3n Socialista de Inces Barinas se movilizaron hacia el estado Vargas, ciudad vacacional Los Caracas, para ser part\u00edcipes del 2do Encuentro Nacional de Jefes de Centro.<\/span><\/p>\n<p style=\"text-align: justify;\">\n <\/p>\n<p style=\"text-align: justify;\"><span style=\"font-family: Arial,sans-serif;\">La actividad tiene como prop\u00f3sito exponer proyectos productivos de cada regi\u00f3n, con el fin de impulsar el Plan Productivo Inces, a partir del pr\u00f3ximo mes de septiembre hasta diciembre del presente a\u00f1o.<\/span><\/p>\n<p style=\"text-align: justify;\"><img loading=\"lazy\" decoding=\"async\" class=\"alignnone size-full wp-image-16836\" src=\"http:\/\/www.inces.gob.ve\/wp-content\/uploads\/2018\/08\/2Jefes-de-Centro-.jpg\" alt=\"\" width=\"850\" height=\"364\" \/>\n <\/p>\n<p style=\"text-align: justify;\"><span style=\"font-family: Arial,sans-serif;\">Durante el desarrollo de la actividad se realizaron mesas de trabajo agrupadas por \u00e1reas como textil y calzado, construcci\u00f3n, agr\u00edcola, metalmec\u00e1nica, electricidad, entre otras que se encuentran enmarcadas en los 15 Motores productivos de la Agenda Econ\u00f3mica Bolivariana, y en los cuales se viene sustentando la formaci\u00f3n del Inces bajo la premisa Formar produciendo, Producir formando.<\/span><\/p>\n<p style=\"text-align: justify;\">\n <\/p>\n<p style=\"text-align: justify;\"><span style=\"font-family: Arial,sans-serif;\">Por su parte, los Jefes de Centro de la entidad llanera llevaron propuestas en relaci\u00f3n al impulso de proyectos productivos en \u00e1reas como Panificadora Artesanal, Producci\u00f3n de Bioinsumos y Confecci\u00f3n de Uniformes Escolares, mismos que buscan dar impulso no solo a la producci\u00f3n sino que tambi\u00e9n las quieren impulsr para ser una herramienta de combate contra la guerra econ\u00f3mica; ofreciendo alternativas sustentables, sostenibles y al alcance de la poblaci\u00f3n barinesa.<\/span><\/p>\n<p style=\"text-align: justify;\">\u00a0<\/p>\n<p style=\"text-align: justify;\"><img loading=\"lazy\" decoding=\"async\" class=\"size-full wp-image-16835 aligncenter\" src=\"http:\/\/www.inces.gob.ve\/wp-content\/uploads\/2018\/08\/3Jefes-de-Centro-.jpg\" alt=\"\" width=\"850\" height=\"348\" \/>\n <\/p>\n<p style=\"text-align: justify;\"><span style=\"font-family: Arial,sans-serif;\">Igualmente, buscan el intercambio productivo entre Centros de Formaci\u00f3n para reforzar otras opciones productivas.<\/span><\/p>\n<p style=\"text-align: justify;\">\n <\/p>\n","protected":false},"excerpt":{"rendered":"<p>** Inces hacia lo productivo, impulsando proyectos presentados por los Centros de Formaci\u00f3n Socialista de todo el pa\u00eds<\/p>\n","protected":false},"author":15,"featured_media":16837,"comment_status":"closed","ping_status":"closed","sticky":false,"template":"","format":"standard","meta":{"footnotes":""},"categories":[2],"tags":[],"class_list":["post-16834","post","type-post","status-publish","format-standard","has-post-thumbnail","hentry","category-blog"],"_links":{"self":[{"href":"https:\/\/inces.gob.ve\/index.php\/wp-json\/wp\/v2\/posts\/16834","targetHints":{"allow":["GET"]}}],"collection":[{"href":"https:\/\/inces.gob.ve\/index.php\/wp-json\/wp\/v2\/posts"}],"about":[{"href":"https:\/\/inces.gob.ve\/index.php\/wp-json\/wp\/v2\/types\/post"}],"author":[{"embeddable":true,"href":"https:\/\/inces.gob.ve\/index.php\/wp-json\/wp\/v2\/users\/15"}],"replies":[{"embeddable":true,"href":"https:\/\/inces.gob.ve\/index.php\/wp-json\/wp\/v2\/comments?post=16834"}],"version-history":[{"count":1,"href":"https:\/\/inces.gob.ve\/index.php\/wp-json\/wp\/v2\/posts\/16834\/revisions"}],"predecessor-version":[{"id":19090,"href":"https:\/\/inces.gob.ve\/index.php\/wp-json\/wp\/v2\/posts\/16834\/revisions\/19090"}],"wp:featuredmedia":[{"embeddable":true,"href":"https:\/\/inces.gob.ve\/index.php\/wp-json\/"}],"wp:attachment":[{"href":"https:\/\/inces.gob.ve\/index.php\/wp-json\/wp\/v2\/media?parent=16834"}],"wp:term":[{"taxonomy":"category","embeddable":true,"href":"https:\/\/inces.gob.ve\/index.php\/wp-json\/wp\/v2\/categories?post=16834"},{"taxonomy":"post_tag","embeddable":true,"href":"https:\/\/inces.gob.ve\/index.php\/wp-json\/wp\/v2\/tags?post=16834"}],"curies":[{"name":"wp","href":"https:\/\/api.w.org\/{rel}","templated":true}]}}