{"id":16908,"date":"2018-08-14T10:57:17","date_gmt":"2018-08-14T16:57:17","guid":{"rendered":"http:\/\/www.inces.gob.ve\/?p=16908"},"modified":"2020-05-28T20:31:28","modified_gmt":"2020-05-29T00:31:28","slug":"jefas-jefes-delos-cfs-compartieron-vivencias-experiencias-formativas","status":"publish","type":"post","link":"https:\/\/inces.gob.ve\/index.php\/2018\/08\/14\/jefas-jefes-delos-cfs-compartieron-vivencias-experiencias-formativas\/","title":{"rendered":"Jefas y jefes delos CFS compartieron vivencias y experiencias formativas"},"content":{"rendered":"<p style=\"text-align: justify;\"><strong><em>** Con tareas espec\u00edficas y recargados de energ\u00edas parten a sus pueblos con la firme intenci\u00f3n de adelantar los pasos necesarios para consolidar proyectos que fortalecer\u00e1n la producci\u00f3n en el pa\u00eds<\/em><\/strong><!--more--><\/p>\n<p style=\"text-align: justify;\">\u00a0<\/p>\n<p style=\"text-align: justify;\"><strong>ZUVALQUI DUARTE\/ Vargas<\/strong><\/p>\n<p style=\"text-align: justify;\">\nCon un saldo de <strong>175 proyectos productivos factibles<\/strong> en un corto plazo, se inici\u00f3 la construcci\u00f3n del \u201cPrograma Nacional Productivo\u201d que permitir\u00e1 elaborar en los centros de formaci\u00f3n socialista productos de manera planificada y la prestaci\u00f3n de servicios en \u00e1reas tales como electricidad, mec\u00e1nica y herrer\u00eda.<\/p>\n<p style=\"text-align: justify;\">\nWuikelman Angel, presidente del Inces, se\u00f1al\u00f3 que <strong>este encuentro nace de la necesidad productiva que tiene el pa\u00eds<\/strong> y fortalecer\u00e1 muchos sectores que son punta de lanza en los motores productivos.<\/p>\n<p style=\"text-align: justify;\">\nAlejandrina Reyes, directora estrat\u00e9gica del Inces y Richard Arraiz, secretario general del Consejo de Gesti\u00f3n Regional fueron los encargados de conformar las mesas de trabajo, las cuales debatieron las ventajas y desventajas de los proyectos que se adelantan en los centros, su viabilidad, sustentabilidad y de esta manera desarrollar de manera organizada su reimpulso. Es por ello que \u00e1reas como textil, <strong>calzado, construcci\u00f3n, industria, agroalimentario, turismo y metalmec\u00e1nica<\/strong> ser\u00e1n parte del desarrollo productivo de la instituci\u00f3n.<\/p>\n<p style=\"text-align: justify;\">\nEntre estas actividades integrales de discusi\u00f3n de ideas resalt\u00f3 el esp\u00edritu del compartir entre cantos revolucionarios, actividades del Movimiento de Recreadores del INCRET, el caminar entre matas cargadas de mango, juego de ajedrez y el intercambio de productos regionales.<\/p>\n<p>&nbsp;<\/p>\n<p><img loading=\"lazy\" decoding=\"async\" class=\"alignnone size-full wp-image-16910\" src=\"http:\/\/www.inces.gob.ve\/wp-content\/uploads\/2018\/08\/2.jpg\" alt=\"\" width=\"3264\" height=\"2448\" \/><\/p>\n<p style=\"text-align: justify;\">\nAlexis Rumbos, director de despacho de la alcald\u00eda del municipio Vargas, realiz\u00f3 un reconocimiento al encuentro y asumi\u00f3 el compromiso de apoyar y adelantar todos los convenios y alianzas que en materia productiva se desarrollen en el estado, ya que en el marco de la innovaci\u00f3n se consiguen grandes respuestas a nuestras necesidades.<\/p>\n<p style=\"text-align: justify;\">\nFinalmente se convoc\u00f3 un tercer encuentro para el 13 y 14 de septiembre, donde con visi\u00f3n nacional y regionaln se analizar\u00e1 el enfoque de la formaci\u00f3n y de la producci\u00f3n.<\/p>\n","protected":false},"excerpt":{"rendered":"<p>** Con tareas espec\u00edficas y recargados de energ\u00edas parten a sus pueblos con la firme intenci\u00f3n de adelantar los pasos necesarios para consolidar proyectos que fortalecer\u00e1n la producci\u00f3n en el pa\u00eds<\/p>\n","protected":false},"author":4,"featured_media":16909,"comment_status":"closed","ping_status":"closed","sticky":false,"template":"","format":"standard","meta":{"footnotes":""},"categories":[2],"tags":[],"class_list":["post-16908","post","type-post","status-publish","format-standard","has-post-thumbnail","hentry","category-blog"],"_links":{"self":[{"href":"https:\/\/inces.gob.ve\/index.php\/wp-json\/wp\/v2\/posts\/16908","targetHints":{"allow":["GET"]}}],"collection":[{"href":"https:\/\/inces.gob.ve\/index.php\/wp-json\/wp\/v2\/posts"}],"about":[{"href":"https:\/\/inces.gob.ve\/index.php\/wp-json\/wp\/v2\/types\/post"}],"author":[{"embeddable":true,"href":"https:\/\/inces.gob.ve\/index.php\/wp-json\/wp\/v2\/users\/4"}],"replies":[{"embeddable":true,"href":"https:\/\/inces.gob.ve\/index.php\/wp-json\/wp\/v2\/comments?post=16908"}],"version-history":[{"count":1,"href":"https:\/\/inces.gob.ve\/index.php\/wp-json\/wp\/v2\/posts\/16908\/revisions"}],"predecessor-version":[{"id":19077,"href":"https:\/\/inces.gob.ve\/index.php\/wp-json\/wp\/v2\/posts\/16908\/revisions\/19077"}],"wp:featuredmedia":[{"embeddable":true,"href":"https:\/\/inces.gob.ve\/index.php\/wp-json\/"}],"wp:attachment":[{"href":"https:\/\/inces.gob.ve\/index.php\/wp-json\/wp\/v2\/media?parent=16908"}],"wp:term":[{"taxonomy":"category","embeddable":true,"href":"https:\/\/inces.gob.ve\/index.php\/wp-json\/wp\/v2\/categories?post=16908"},{"taxonomy":"post_tag","embeddable":true,"href":"https:\/\/inces.gob.ve\/index.php\/wp-json\/wp\/v2\/tags?post=16908"}],"curies":[{"name":"wp","href":"https:\/\/api.w.org\/{rel}","templated":true}]}}