{"id":16912,"date":"2018-08-14T11:06:02","date_gmt":"2018-08-14T17:06:02","guid":{"rendered":"http:\/\/www.inces.gob.ve\/?p=16912"},"modified":"2020-05-28T20:31:28","modified_gmt":"2020-05-29T00:31:28","slug":"bachilleres-productivos-aragua-socializan-haceres-saberes","status":"publish","type":"post","link":"https:\/\/inces.gob.ve\/index.php\/2018\/08\/14\/bachilleres-productivos-aragua-socializan-haceres-saberes\/","title":{"rendered":"Bachilleres productivos en Aragua socializan sus haceres y saberes"},"content":{"rendered":"<p style=\"text-align: justify;\"><i><b>** En 2018, un total de 132 bachilleres productivos egresar\u00e1n la unidad educativa Inces Aragua<\/b><\/i><\/p>\n<p style=\"text-align: justify;\"><!--more-->\n <\/p>\n<p style=\"text-align: justify;\"><b>DAYANA ALBARR\u00c1N \/ Fotos: Ninoska Patriz | Aragua <\/b><\/p>\n<p style=\"text-align: justify;\">\n <\/p>\n<p style=\"text-align: justify;\">Bajo la consigna \u201csomos bachilleres productivos, haciendo de lo cotidiano un sue\u00f1o extraordinario\u201d, <b>m\u00e1s de 50 estudiantes de la <\/b><b>u<\/b><b>nidad <\/b><b>e<\/b><b>Inces Aragua,<\/b> demostraron ante sus compa\u00f1eros, profesores y comunidad sus capacidades y destrezas laborales, lo que los califica como futuros bachilleres sembradores de ideas a trav\u00e9s de una educaci\u00f3n formadora, productiva y de calidad.<\/p>\n<p style=\"text-align: justify;\">\n <\/p>\n<p style=\"text-align: justify;\">\u201cUn agradecimiento profundo a todas aquellas empresas que se preocupan por sus trabajadores, que tienen conciencia por la formaci\u00f3n y crecimiento personal y laboral de su clase obrera\u201d. As\u00ed lo dijo Graciela Alviarez, jefa de fivisi\u00f3n de Formaci\u00f3n Profesional Inces Aragua, durante el inicio de esta <b>Socializaci\u00f3n de <\/b><b>s<\/b><b>aberes y <\/b><b>h<\/b><b>aceres <\/b><b>p<\/b><b>roductivos<\/b>, qui\u00e9n con alegr\u00eda y gran satisfacci\u00f3n recalc\u00f3 a los futuros bachilleres \u201clos invito a <b>tener compromiso productivo con el pa\u00eds<\/b>. Tenemos que producir. Produzcan para ustedes, para sus familiares, amigos, vecinos, para todo el pueblo\u201d.<\/p>\n<p style=\"text-align: justify;\">\u00a0<\/p>\n<p><img loading=\"lazy\" decoding=\"async\" class=\"size-full wp-image-16914 aligncenter\" src=\"http:\/\/www.inces.gob.ve\/wp-content\/uploads\/2018\/08\/20180810_113830.jpg\" alt=\"\" width=\"2560\" height=\"1536\" \/><\/p>\n<p>&nbsp;<\/p>\n<p style=\"text-align: justify;\">En este 2018, de 254 participantes de la unidad educativa Inces Aragua, que obtendr\u00e1n su t\u00edtulo de bachilleres de la Rep\u00fablica Bolivariana de Venezuela, 132 son productivos, gracias a la alianza establecida con 32 entidades de trabajo en toda la regi\u00f3n arag\u00fce\u00f1a.<\/p>\n<p style=\"text-align: justify;\">\n <\/p>\n<p style=\"text-align: justify;\"><b>Manos Productoras hacedoras de futuro<\/b><\/p>\n<p style=\"text-align: justify;\">La alegr\u00eda invadi\u00f3 las instalaciones del auditorio de Inces Aragua. Con gran satisfacci\u00f3n y orgullo propio, participantes de la U.E. Inces Aragua demostraron su compromiso con la patria, consigo mismo y con su futuro, agradeciendo al Inces por ser parte de este cambio.<\/p>\n<p style=\"text-align: justify;\">\n <\/p>\n<p style=\"text-align: justify;\">Xiomara Malav\u00e9, bachiller productivo, expres\u00f3 <b>\u201ctengo 60 a\u00f1os y hoy soy bachiller productiva gracias al Inces. <\/b>Todos los saberes que he sembrado en mi vida, hoy los estoy cosechando gracias al Inces\u201d.<\/p>\n<p style=\"text-align: justify;\">\n <\/p>\n<p style=\"text-align: justify;\">Por su parte Mar\u00eda Raquel Oropeza, bachiller productivo, dijo que \u201cgracias al Inces voy a ser un bachiller productivo. Voy a continuar con mis estudios. Anteriormente no nos tomaban en cuenta para estudiar y ahora el Inces nos toma en cuenta para seguir trabajando y estudiando\u201d<\/p>\n<p style=\"text-align: justify;\">\n <\/p>\n<p><img loading=\"lazy\" decoding=\"async\" class=\"size-full wp-image-16915 aligncenter\" src=\"http:\/\/www.inces.gob.ve\/wp-content\/uploads\/2018\/08\/20180810_113612.jpg\" alt=\"\" width=\"2560\" height=\"1536\" \/><\/p>\n<p>&nbsp;<\/p>\n<p style=\"text-align: justify;\">Jeferson Reyes, bachiller productivo, manifest\u00f3 que \u201cgracias al Inces me estoy graduando como bachiller productivo y realmente estoy agradecido por esa oportunidad de crecer como persona\u201d.<\/p>\n<p style=\"text-align: justify;\">\n <\/p>\n<p style=\"text-align: justify;\"><b>Las <\/b><b>e<\/b><b>ntidades de <\/b><b>t<\/b><b>rabajo tambi\u00e9n agradecieron al Inces por este proyecto que beneficia a la clase obrera<\/b>. Al respecto, Juan Vicente Salazar, de la empresa Indessa, expres\u00f3 su \u201cagradecimiento al Inces por el apoyo que nos han brindado al incorporar a nuestros trabajadores a esta formaci\u00f3n como bachilleres productivos. Tenemos 25 trabajadores que fueron excluidos de una educaci\u00f3n digna. Pero hoy, gracias a Inces, se grad\u00faan como bachilleres productivos educaci\u00f3n media general. Esperamos contin\u00faen con este proyecto y le sigan dando oportunidad a la clase obrera de seguir adelante, de formarse para el futuro\u201d.<\/p>\n<p style=\"text-align: justify;\">\n <\/p>\n<p style=\"text-align: justify;\">\n <\/p>\n<p style=\"text-align: justify;\">\n <\/p>\n","protected":false},"excerpt":{"rendered":"<p>** En 2018, un total de 132 bachilleres productivos egresar\u00e1n la unidad educativa Inces Aragua<\/p>\n","protected":false},"author":4,"featured_media":16913,"comment_status":"closed","ping_status":"closed","sticky":false,"template":"","format":"standard","meta":{"footnotes":""},"categories":[2],"tags":[],"class_list":["post-16912","post","type-post","status-publish","format-standard","has-post-thumbnail","hentry","category-blog"],"_links":{"self":[{"href":"https:\/\/inces.gob.ve\/index.php\/wp-json\/wp\/v2\/posts\/16912","targetHints":{"allow":["GET"]}}],"collection":[{"href":"https:\/\/inces.gob.ve\/index.php\/wp-json\/wp\/v2\/posts"}],"about":[{"href":"https:\/\/inces.gob.ve\/index.php\/wp-json\/wp\/v2\/types\/post"}],"author":[{"embeddable":true,"href":"https:\/\/inces.gob.ve\/index.php\/wp-json\/wp\/v2\/users\/4"}],"replies":[{"embeddable":true,"href":"https:\/\/inces.gob.ve\/index.php\/wp-json\/wp\/v2\/comments?post=16912"}],"version-history":[{"count":1,"href":"https:\/\/inces.gob.ve\/index.php\/wp-json\/wp\/v2\/posts\/16912\/revisions"}],"predecessor-version":[{"id":19076,"href":"https:\/\/inces.gob.ve\/index.php\/wp-json\/wp\/v2\/posts\/16912\/revisions\/19076"}],"wp:featuredmedia":[{"embeddable":true,"href":"https:\/\/inces.gob.ve\/index.php\/wp-json\/"}],"wp:attachment":[{"href":"https:\/\/inces.gob.ve\/index.php\/wp-json\/wp\/v2\/media?parent=16912"}],"wp:term":[{"taxonomy":"category","embeddable":true,"href":"https:\/\/inces.gob.ve\/index.php\/wp-json\/wp\/v2\/categories?post=16912"},{"taxonomy":"post_tag","embeddable":true,"href":"https:\/\/inces.gob.ve\/index.php\/wp-json\/wp\/v2\/tags?post=16912"}],"curies":[{"name":"wp","href":"https:\/\/api.w.org\/{rel}","templated":true}]}}