{"id":16938,"date":"2018-08-15T10:08:05","date_gmt":"2018-08-15T16:08:05","guid":{"rendered":"http:\/\/www.inces.gob.ve\/?p=16938"},"modified":"2020-05-28T20:31:28","modified_gmt":"2020-05-29T00:31:28","slug":"nuevos-emprendedores-nacen-desde-cfs-textil-la-candelaria","status":"publish","type":"post","link":"https:\/\/inces.gob.ve\/index.php\/2018\/08\/15\/nuevos-emprendedores-nacen-desde-cfs-textil-la-candelaria\/","title":{"rendered":"Nuevos emprendedores nacen desde el CFS Textil \u201cLa Candelaria\u201d"},"content":{"rendered":"<p class=\"western\" style=\"text-align: justify;\"><span style=\"font-family: Arial,sans-serif;\"><span style=\"font-size: medium;\"><i><b>** En Aragua estamos construyendo la realidad que requiere el pa\u00eds<\/b><\/i><\/span><\/span><!--more--><\/p>\n<p>&nbsp;<\/p>\n<p style=\"text-align: justify;\">\u00a0<\/p>\n<p class=\"western\" style=\"text-align: justify;\"><span style=\"font-family: Arial,sans-serif;\"><span style=\"font-size: medium;\"><b>NINOSKA PATRIZ | Aragua <\/b><\/span><\/span><\/p>\n<p style=\"text-align: justify;\">\u00a0<\/p>\n<p class=\"western\" style=\"text-align: justify;\"><span style=\"font-family: Arial,sans-serif;\"><span style=\"font-size: medium;\">En las instalaciones del Centro de Formaci\u00f3n Socialista (CFS) Inces Textil \u201cLa Candelaria\u201d, ubicado en el estado Aragua, 50 j\u00f3venes y adultos emprendedores, participaron en la socializaci\u00f3n de saberes y conocimientos en las \u00e1reas de Patronaje y Confecci\u00f3n B\u00e1sica, Reposter\u00eda y Elaboraci\u00f3n de Tortas y Confecci\u00f3n Lencer\u00eda y Ropa \u00cdntima.<\/span><\/span><\/p>\n<p style=\"text-align: justify;\">\u00a0<\/p>\n<p class=\"western\" style=\"text-align: justify;\"><span style=\"font-family: Arial,sans-serif;\"><span style=\"font-size: medium;\">La finalidad de esta exposici\u00f3n era demostrar que \u201cen momentos de crisis los venezolanos nos crecemos y somos del tama\u00f1o del compromiso que se nos presenta\u201d. As\u00ed lo destac\u00f3 Henrry Gil, Jefe de Centro del CFS Inces Textil. \u201cNuestra fortaleza esta en adaptarnos a las circunstancias para sobrepasar los obst\u00e1culos que se nos presentan y solventar nuestras necesidades\u201d, agreg\u00f3.<\/span><\/span><\/p>\n<p style=\"text-align: justify;\">\u00a0<\/p>\n<p class=\"western\" style=\"text-align: justify;\"><span style=\"font-family: Arial,sans-serif;\"><span style=\"font-size: medium;\">Los aprendices manifestaron su satisfacci\u00f3n por las habilidades aqu\u00ed obtenidas, en funci\u00f3n de la remuneraci\u00f3n econ\u00f3mica alternativa que desde ya pueden desarrollar en beneficio de sus familias. De esta forma se promueve la autogesti\u00f3n. <\/span><\/span><\/p>\n<p style=\"text-align: justify;\">\u00a0<\/p>\n<p class=\"western\" style=\"text-align: justify;\"><span style=\"font-family: Arial,sans-serif;\"><span style=\"font-size: medium;\"><img loading=\"lazy\" decoding=\"async\" class=\"size-full wp-image-16940 aligncenter\" src=\"http:\/\/www.inces.gob.ve\/wp-content\/uploads\/2018\/08\/1-emprendedores.jpg\" alt=\"\" width=\"760\" height=\"821\" \/><\/span><\/span><\/p>\n<p style=\"text-align: justify;\">\u00a0<\/p>\n<p class=\"western\" style=\"text-align: justify;\"><span style=\"font-family: Arial,sans-serif;\"><span style=\"font-size: medium;\">Al respecto el participante Jos\u00e9 Camacaro coment\u00f3 que \u201cfueron dos meses de esfuerzo y constancia, el curso tuvo una duraci\u00f3n de 180 horas, de lunes a viernes y contra todos los pron\u00f3sticos hoy finaliza con \u00e9xito\u201d.<\/span><\/span><\/p>\n<p style=\"text-align: justify;\">\u00a0<\/p>\n<p class=\"western\" style=\"text-align: justify;\"><span style=\"font-family: Arial,sans-serif;\"><span style=\"font-size: medium;\">Por su parte Maribel Mart\u00ednez, aprendiz del curso de Lencer\u00eda y Ropa \u00cdntima, manifest\u00f3 sentirse orgullosa de todo lo aprendido. \u201cTuvimos la oportunidad de crear prendas de calidad, partiendo desde materiales de reciclaje\u201d. En esta formaci\u00f3n los participantes elaboraron pantys, interiores, boxers, cacheteros, sostenes con y sin ballena, de todas las tallas, tanto para adultos, como para j\u00f3venes y ni\u00f1os.<\/span><\/span><\/p>\n<p style=\"text-align: justify;\">\u00a0<\/p>\n<p class=\"western\" style=\"text-align: justify;\">\u201c<span style=\"font-family: Arial,sans-serif;\"><span style=\"font-size: medium;\">Debemos continuar despertando la creatividad en planes estrat\u00e9gicos alternativos de producci\u00f3n\u201d. As\u00ed lo dijo Milagros Izaguirre, coordinadora docente del CFS. Izaguirre explic\u00f3 que la principal motivaci\u00f3n de los participantes es la b\u00fasqueda e innovaci\u00f3n de nuevas formas de hacer las cosas. La autogesti\u00f3n y la utilizaci\u00f3n de medios alternativos es la primera tarea para el logro de los objetivos.<\/span><\/span><\/p>\n<p style=\"text-align: justify;\">\u00a0<\/p>\n<p class=\"western\" style=\"text-align: justify;\"><span style=\"font-family: Arial,sans-serif;\"><span style=\"font-size: medium;\">Para finalizar, Mar\u00eda Ginfrido, maestra t\u00e9cnico productivo en Gastronom\u00eda, del curso de Reposter\u00eda y Elaboraci\u00f3n de Tortas, coment\u00f3 que \u201cnuestro objetivo es desarrollar y garantizar el talento de todos los emprendedores que asisten al Inces para capacitarse. Juntos todo es posible y el nuevo proyecto de los integrantes de los cursos aqu\u00ed impartidos es conformarse en Unidades de Producci\u00f3n Familiar y desarrollar este proyecto desde sus espacios, ofreci\u00e9ndole al p\u00fablico un producto de calidad, muy ricos, sanos y a precios solidarios\u201d. <\/span><\/span><\/p>\n","protected":false},"excerpt":{"rendered":"<p>** En Aragua estamos construyendo la realidad que requiere el pa\u00eds<\/p>\n","protected":false},"author":15,"featured_media":16939,"comment_status":"closed","ping_status":"closed","sticky":false,"template":"","format":"standard","meta":{"footnotes":""},"categories":[2],"tags":[],"class_list":["post-16938","post","type-post","status-publish","format-standard","has-post-thumbnail","hentry","category-blog"],"_links":{"self":[{"href":"https:\/\/inces.gob.ve\/index.php\/wp-json\/wp\/v2\/posts\/16938","targetHints":{"allow":["GET"]}}],"collection":[{"href":"https:\/\/inces.gob.ve\/index.php\/wp-json\/wp\/v2\/posts"}],"about":[{"href":"https:\/\/inces.gob.ve\/index.php\/wp-json\/wp\/v2\/types\/post"}],"author":[{"embeddable":true,"href":"https:\/\/inces.gob.ve\/index.php\/wp-json\/wp\/v2\/users\/15"}],"replies":[{"embeddable":true,"href":"https:\/\/inces.gob.ve\/index.php\/wp-json\/wp\/v2\/comments?post=16938"}],"version-history":[{"count":1,"href":"https:\/\/inces.gob.ve\/index.php\/wp-json\/wp\/v2\/posts\/16938\/revisions"}],"predecessor-version":[{"id":19071,"href":"https:\/\/inces.gob.ve\/index.php\/wp-json\/wp\/v2\/posts\/16938\/revisions\/19071"}],"wp:featuredmedia":[{"embeddable":true,"href":"https:\/\/inces.gob.ve\/index.php\/wp-json\/"}],"wp:attachment":[{"href":"https:\/\/inces.gob.ve\/index.php\/wp-json\/wp\/v2\/media?parent=16938"}],"wp:term":[{"taxonomy":"category","embeddable":true,"href":"https:\/\/inces.gob.ve\/index.php\/wp-json\/wp\/v2\/categories?post=16938"},{"taxonomy":"post_tag","embeddable":true,"href":"https:\/\/inces.gob.ve\/index.php\/wp-json\/wp\/v2\/tags?post=16938"}],"curies":[{"name":"wp","href":"https:\/\/api.w.org\/{rel}","templated":true}]}}