{"id":16971,"date":"2018-08-17T07:17:37","date_gmt":"2018-08-17T13:17:37","guid":{"rendered":"http:\/\/www.inces.gob.ve\/?p=16971"},"modified":"2020-05-28T20:31:28","modified_gmt":"2020-05-29T00:31:28","slug":"inces-barinas-desarrollo-formacion-practica-tecnicas-rappel","status":"publish","type":"post","link":"https:\/\/inces.gob.ve\/index.php\/2018\/08\/17\/inces-barinas-desarrollo-formacion-practica-tecnicas-rappel\/","title":{"rendered":"Inces Barinas desarroll\u00f3 formaci\u00f3n pr\u00e1ctica sobre t\u00e9cnicas de r\u00e1pel"},"content":{"rendered":"<p style=\"text-align: justify;\" align=\"JUSTIFY\"><span style=\"font-family: Arial,sans-serif;\"><i>**El taller dictado por el coordinador Jairo Contreras impulsa el aprendizaje, seguridad y recreaci\u00f3n desde los m\u00e1s peque\u00f1os hasta los mas grandes<\/i><\/span><!--more--><\/p>\n<p style=\"text-align: justify;\" align=\"JUSTIFY\"><span style=\"font-family: Arial,sans-serif;\"><b>HIRASYANEL BAYONA | BARINAS<\/b><\/span><\/p>\n<p style=\"text-align: justify;\" align=\"JUSTIFY\"><span style=\"font-family: Arial,sans-serif;\">El Inces Barinas dict\u00f3 un taller sobre el manejo de cuerdas, ascenso y descenso (r\u00e1pel). La actividad se desarroll\u00f3 durante dos tardes en los espacios de la instituci\u00f3n regional, y cont\u00f3 con la participaci\u00f3n de los trabajadores y sus hijos.<\/span><\/p>\n<p align=\"JUSTIFY\">\n<p style=\"text-align: justify;\" align=\"JUSTIFY\"><span style=\"font-family: Arial,sans-serif;\">La actividad surge como iniciativa de Jairo Contreras, coordinador de seguridad regional, quien aprovechando sus conocimientos y experiencias en \u00e1reas como helit\u00e1ctica \u201cSAR\u201d y rappel t\u00e1ctico policial comparti\u00f3 de forma amistosa sus saberes en un breve pero sustancial taller, que atrajo la atenci\u00f3n de ni\u00f1os, j\u00f3venes y adultos.<\/span><\/p>\n<p align=\"JUSTIFY\">\n<p style=\"text-align: justify;\" align=\"JUSTIFY\"><span style=\"font-family: Arial,sans-serif;\">Inform\u00f3 Contreras que pese al breve tiempo que dispusieron para la actividad, tuvo oportunidad de compartir una corta historia del rappel, el uso y mantenimiento de equipos, tanto met\u00e1licos como de cuerdas y por su puesto realizar la practica aplicando t\u00e9cnicas de anclaje y de descenso similares a las usadas en situaciones de rescate por cuerpos bomberiles, protecci\u00f3n civil y aplicable a t\u00e9cnicas policiales de intervenci\u00f3n en alturas, as\u00ed como tambi\u00e9n en trabajos de altura como mantenimiento de estructuras, limpieza de ventanas, y por supuesto en la parte recreativa en turismo de aventura en monta\u00f1a, r\u00edos, cascadas y el traslado de un extremo a otro aplicable a la tirolina. <\/span><\/p>\n<p align=\"JUSTIFY\">\n<p style=\"text-align: justify;\" align=\"JUSTIFY\"><span style=\"font-family: Arial,sans-serif;\">Contreras adem\u00e1s inform\u00f3 que se utilizaron equipo b\u00e1sicos adecuados a la actividad, entre los que est\u00e1n cintas tubulares, mosquetones, figuras de ocho cl\u00e1sica, cuerdas para rappel 11mm de rescate, cordinos, arn\u00e9s de cadera, entre otros.<\/span><\/p>\n<h3 align=\"JUSTIFY\"><\/h3>\n<h3 align=\"JUSTIFY\">Pr\u00f3ximas actividades<\/h3>\n<p style=\"text-align: justify;\" align=\"JUSTIFY\"><span style=\"font-family: Arial,sans-serif;\">La actividad se realiz\u00f3 aprovechando la estructura del edificio Inces y posteriormente se espera poder realizar otra jornada donde los participantes tengan oportunidad de tener contacto con la naturaleza, aprovechando las bondades de la regi\u00f3n llanera.<\/span><\/p>\n<p style=\"text-align: justify;\" align=\"JUSTIFY\"><span style=\"font-family: Arial,sans-serif;\"><b>L.A.<\/b><\/span><\/p>\n","protected":false},"excerpt":{"rendered":"<p>**El taller dictado por el coordinador Jairo Contreras impulsa el aprendizaje, seguridad y recreaci\u00f3n desde los m\u00e1s peque\u00f1os hasta los mas grandes<\/p>\n","protected":false},"author":4,"featured_media":18961,"comment_status":"closed","ping_status":"closed","sticky":false,"template":"","format":"standard","meta":{"footnotes":""},"categories":[2],"tags":[],"class_list":["post-16971","post","type-post","status-publish","format-standard","has-post-thumbnail","hentry","category-blog"],"_links":{"self":[{"href":"https:\/\/inces.gob.ve\/index.php\/wp-json\/wp\/v2\/posts\/16971","targetHints":{"allow":["GET"]}}],"collection":[{"href":"https:\/\/inces.gob.ve\/index.php\/wp-json\/wp\/v2\/posts"}],"about":[{"href":"https:\/\/inces.gob.ve\/index.php\/wp-json\/wp\/v2\/types\/post"}],"author":[{"embeddable":true,"href":"https:\/\/inces.gob.ve\/index.php\/wp-json\/wp\/v2\/users\/4"}],"replies":[{"embeddable":true,"href":"https:\/\/inces.gob.ve\/index.php\/wp-json\/wp\/v2\/comments?post=16971"}],"version-history":[{"count":2,"href":"https:\/\/inces.gob.ve\/index.php\/wp-json\/wp\/v2\/posts\/16971\/revisions"}],"predecessor-version":[{"id":18964,"href":"https:\/\/inces.gob.ve\/index.php\/wp-json\/wp\/v2\/posts\/16971\/revisions\/18964"}],"wp:featuredmedia":[{"embeddable":true,"href":"https:\/\/inces.gob.ve\/index.php\/wp-json\/wp\/v2\/media\/18961"}],"wp:attachment":[{"href":"https:\/\/inces.gob.ve\/index.php\/wp-json\/wp\/v2\/media?parent=16971"}],"wp:term":[{"taxonomy":"category","embeddable":true,"href":"https:\/\/inces.gob.ve\/index.php\/wp-json\/wp\/v2\/categories?post=16971"},{"taxonomy":"post_tag","embeddable":true,"href":"https:\/\/inces.gob.ve\/index.php\/wp-json\/wp\/v2\/tags?post=16971"}],"curies":[{"name":"wp","href":"https:\/\/api.w.org\/{rel}","templated":true}]}}