{"id":16976,"date":"2018-08-17T07:46:00","date_gmt":"2018-08-17T13:46:00","guid":{"rendered":"http:\/\/www.inces.gob.ve\/?p=16976"},"modified":"2020-05-28T20:31:28","modified_gmt":"2020-05-29T00:31:28","slug":"la-fundacion-movimiento-notas-red-inces-forman-ninos-caricuao","status":"publish","type":"post","link":"https:\/\/inces.gob.ve\/index.php\/2018\/08\/17\/la-fundacion-movimiento-notas-red-inces-forman-ninos-caricuao\/","title":{"rendered":"La fundaci\u00f3n Movimiento Notas en Red y el Inces forman a ni\u00f1os de Caricuao"},"content":{"rendered":"<div class=\"above-entry-meta\" style=\"text-align: justify;\">\u00a0<i><b>**La educaci\u00f3n musical temprana tiene como objetivo el descubrimiento y desarrollo de las capacidades expresivas y musicales<\/b><\/i><\/div>\n<p style=\"text-align: justify;\"><!--more--><\/p>\n<div class=\"entry-content clearfix\">\n<p style=\"text-align: justify;\"><b>TRINA PINEDA | Sede<\/b><\/p>\n<p style=\"text-align: justify;\">Con la participaci\u00f3n de 47 ni\u00f1os continua la onda de actividades culturales, en esta oportunidad, en el Centro de Formaci\u00f3n Metropolitano Socialista Inces Caricuao, la cual inici\u00f3 el 13 de agosto, con los talleres musicales; brindando a los participantes el manejo y la din\u00e1mica de aprender de forma divertida, durante el per\u00edodo vacacional.<\/p>\n<p>&nbsp;<\/p>\n<p style=\"text-align: justify;\">Uno de los objetivos es que los ni\u00f1os tengan un primer acercamiento a los instrumentos musicales y escojan el de su preferencia.<\/p>\n<\/div>\n<p>&nbsp;<\/p>\n<div class=\"entry-content clearfix\">\n<p style=\"text-align: justify;\">Andriana Guerra, directora ejecutiva operativa del Inces, inform\u00f3 que \u201cya iniciaron los talleres de cuatro, guitarra y percusi\u00f3n (bater\u00eda). Las clases son todos los d\u00edas en horario comprendido de 8:30 a.m. de la ma\u00f1ana hasta las 12:00 del medio d\u00eda con ni\u00f1os de la comunidad y los hijos de los trabajadores Inces Distrito Capital\u201d.<\/p>\n<p>&nbsp;<\/p>\n<p style=\"text-align: justify;\">Para el pr\u00f3ximo 24 de agosto se presentar\u00e1 la muestra musical de todos lo que los ni\u00f1os han aprendido durante esa semana. La intenci\u00f3n es crear un n\u00facleo m\u00fasical en el CFS, donde participen nuestros hijos y los ni\u00f1os de la comunidad. Est\u00e1 programado comenzar entre septiembre y octubre del a\u00f1o en curso.<\/p>\n<\/div>\n","protected":false},"excerpt":{"rendered":"<p>\u00a0**La educaci\u00f3n musical temprana tiene como objetivo el descubrimiento y desarrollo de las capacidades expresivas y musicales<\/p>\n","protected":false},"author":4,"featured_media":18953,"comment_status":"closed","ping_status":"closed","sticky":false,"template":"","format":"standard","meta":{"footnotes":""},"categories":[2],"tags":[],"class_list":["post-16976","post","type-post","status-publish","format-standard","has-post-thumbnail","hentry","category-blog"],"_links":{"self":[{"href":"https:\/\/inces.gob.ve\/index.php\/wp-json\/wp\/v2\/posts\/16976","targetHints":{"allow":["GET"]}}],"collection":[{"href":"https:\/\/inces.gob.ve\/index.php\/wp-json\/wp\/v2\/posts"}],"about":[{"href":"https:\/\/inces.gob.ve\/index.php\/wp-json\/wp\/v2\/types\/post"}],"author":[{"embeddable":true,"href":"https:\/\/inces.gob.ve\/index.php\/wp-json\/wp\/v2\/users\/4"}],"replies":[{"embeddable":true,"href":"https:\/\/inces.gob.ve\/index.php\/wp-json\/wp\/v2\/comments?post=16976"}],"version-history":[{"count":2,"href":"https:\/\/inces.gob.ve\/index.php\/wp-json\/wp\/v2\/posts\/16976\/revisions"}],"predecessor-version":[{"id":18954,"href":"https:\/\/inces.gob.ve\/index.php\/wp-json\/wp\/v2\/posts\/16976\/revisions\/18954"}],"wp:featuredmedia":[{"embeddable":true,"href":"https:\/\/inces.gob.ve\/index.php\/wp-json\/wp\/v2\/media\/18953"}],"wp:attachment":[{"href":"https:\/\/inces.gob.ve\/index.php\/wp-json\/wp\/v2\/media?parent=16976"}],"wp:term":[{"taxonomy":"category","embeddable":true,"href":"https:\/\/inces.gob.ve\/index.php\/wp-json\/wp\/v2\/categories?post=16976"},{"taxonomy":"post_tag","embeddable":true,"href":"https:\/\/inces.gob.ve\/index.php\/wp-json\/wp\/v2\/tags?post=16976"}],"curies":[{"name":"wp","href":"https:\/\/api.w.org\/{rel}","templated":true}]}}