{"id":16998,"date":"2018-08-19T09:21:20","date_gmt":"2018-08-19T15:21:20","guid":{"rendered":"http:\/\/www.inces.gob.ve\/?p=16998"},"modified":"2020-05-28T20:31:27","modified_gmt":"2020-05-29T00:31:27","slug":"foro-patriotico-manipulacion-mediatica-guerra-cuarta-generacion","status":"publish","type":"post","link":"https:\/\/inces.gob.ve\/index.php\/2018\/08\/19\/foro-patriotico-manipulacion-mediatica-guerra-cuarta-generacion\/","title":{"rendered":"Foro Patri\u00f3tico: Manipulaci\u00f3n Medi\u00e1tica y Guerra de Cuarta Generaci\u00f3n"},"content":{"rendered":"<p style=\"text-align: justify;\"><span style=\"font-size: 20px;\"><span style=\"font-size: 16px;\"><strong><em>**La juventud productiva de Anzo\u00e1tegui vivi\u00f3 una jornada de debate comunicacional<\/em><\/strong><!--more--><\/span><\/span><\/p>\n<p style=\"text-align: justify;\"><span style=\"font-size: 16px;\"><strong>\u00a0<\/strong><\/span><\/p>\n<p style=\"text-align: justify;\"><span style=\"font-size: 16px;\"><strong>Prensa Inces Anzo\u00e1tegui <\/strong><\/span><\/p>\n<p style=\"text-align: justify;\"><span style=\"font-size: 16px;\"><strong>\u00a0<\/strong><\/span><\/p>\n<p style=\"text-align: justify;\"><span style=\"font-size: 16px;\">En el Centro de Formaci\u00f3n Socialista Eulalia Buroz, ubicado en Puerto La Cruz, se realiz\u00f3 el Foro Patri\u00f3tico: Manipulaci\u00f3n Medi\u00e1tica y Guerra de Cuarta Generaci\u00f3n, dictado por el periodista Ren\u00e9 Rojas quien convers\u00f3 sobre las caracter\u00edsticas, consecuencias y da\u00f1os que proporcionan la desinformaci\u00f3n a la juventud venezolana.<\/span><\/p>\n<p>&nbsp;<\/p>\n<p style=\"text-align: justify;\"><span style=\"font-size: 16px;\">El foro, una iniciativa de la <strong>Gerencia del Inces Anzo\u00e1tegui<\/strong>, fue impartido a los Aprendices, Participantes y Bachilleres Productivos Inces; y forma parte de los eventos que se desarrollan en el marco del \u201c<strong>59 Aniversario<\/strong>\u201d que cumplir\u00e1 la instituci\u00f3n el d\u00eda 22 de la pr\u00f3xima semana.<\/span><\/p>\n<p>&nbsp;<\/p>\n<p style=\"text-align: justify;\"><span style=\"font-size: 16px;\">Tambi\u00e9n, durante el Foro el periodista Rojas explic\u00f3 sobre c\u00f3mo se fracturan las noticias y c\u00f3mo \u201ca trav\u00e9s de las redes sociales se miente, manipula, tergiversa y se descontextualizan las informaciones\u201d.<\/span><\/p>\n<p>&nbsp;<\/p>\n<p style=\"text-align: justify;\"><span style=\"font-size: 16px;\">\u201cPor eso debemos estar pendiente para no ser alienados. Pero sobre todo vigilar muy bien a los peque\u00f1os de la casa y estar pendiente de los que ven, escuchan, juegan y, posiblemente, escriben cuando est\u00e1n frente a un PC\u201d, coment\u00f3 Rojas.\u00a0<\/span><\/p>\n<p>&nbsp;<\/p>\n<p style=\"text-align: justify;\"><span style=\"font-size: 16px;\">El expositor detall\u00f3 que es necesario analizar muy bien las informaciones, debido a la gran cantidad de personas que muchas veces creen que est\u00e1n frente a noticias verdaderas, justas y necesarias, \u201ccuando en realidad no es as\u00ed y muchas veces lo que\u00a0 logran es alienar sus mentes\u201d, puntualiz\u00f3.<\/span><\/p>\n<p>&nbsp;<\/p>\n<p style=\"text-align: justify;\"><span style=\"font-size: 16px;\"><strong>L.A.<\/strong><\/span><\/p>\n","protected":false},"excerpt":{"rendered":"<p>**La juventud productiva de Anzo\u00e1tegui vivi\u00f3 una jornada de debate comunicacional<\/p>\n","protected":false},"author":4,"featured_media":18931,"comment_status":"closed","ping_status":"closed","sticky":false,"template":"","format":"standard","meta":{"footnotes":""},"categories":[2],"tags":[],"class_list":["post-16998","post","type-post","status-publish","format-standard","has-post-thumbnail","hentry","category-blog"],"_links":{"self":[{"href":"https:\/\/inces.gob.ve\/index.php\/wp-json\/wp\/v2\/posts\/16998","targetHints":{"allow":["GET"]}}],"collection":[{"href":"https:\/\/inces.gob.ve\/index.php\/wp-json\/wp\/v2\/posts"}],"about":[{"href":"https:\/\/inces.gob.ve\/index.php\/wp-json\/wp\/v2\/types\/post"}],"author":[{"embeddable":true,"href":"https:\/\/inces.gob.ve\/index.php\/wp-json\/wp\/v2\/users\/4"}],"replies":[{"embeddable":true,"href":"https:\/\/inces.gob.ve\/index.php\/wp-json\/wp\/v2\/comments?post=16998"}],"version-history":[{"count":1,"href":"https:\/\/inces.gob.ve\/index.php\/wp-json\/wp\/v2\/posts\/16998\/revisions"}],"predecessor-version":[{"id":18932,"href":"https:\/\/inces.gob.ve\/index.php\/wp-json\/wp\/v2\/posts\/16998\/revisions\/18932"}],"wp:featuredmedia":[{"embeddable":true,"href":"https:\/\/inces.gob.ve\/index.php\/wp-json\/wp\/v2\/media\/18931"}],"wp:attachment":[{"href":"https:\/\/inces.gob.ve\/index.php\/wp-json\/wp\/v2\/media?parent=16998"}],"wp:term":[{"taxonomy":"category","embeddable":true,"href":"https:\/\/inces.gob.ve\/index.php\/wp-json\/wp\/v2\/categories?post=16998"},{"taxonomy":"post_tag","embeddable":true,"href":"https:\/\/inces.gob.ve\/index.php\/wp-json\/wp\/v2\/tags?post=16998"}],"curies":[{"name":"wp","href":"https:\/\/api.w.org\/{rel}","templated":true}]}}