{"id":18910,"date":"2018-01-19T08:03:32","date_gmt":"2018-01-19T14:03:32","guid":{"rendered":"http:\/\/www.inces.gob.ve\/?p=11456"},"modified":"2023-01-08T02:25:32","modified_gmt":"2023-01-08T06:25:32","slug":"defender-jornada-aprendices","status":"publish","type":"post","link":"https:\/\/inces.gob.ve\/index.php\/2018\/01\/19\/defender-jornada-aprendices\/","title":{"rendered":"Sobre la jornada laboral de los aprendices"},"content":{"rendered":"<p style=\"text-align: justify;\" align=\"justify\"><span style=\"font-family: Arial,sans-serif;\"><i><b>** Su trabajo semanal no podr\u00e1 exceder de treinta horas<\/b><\/i><\/span><\/p>\n<p style=\"text-align: justify;\" align=\"justify\"><!--more--><\/p>\n<p style=\"text-align: justify;\" align=\"justify\"><span style=\"font-family: Arial,sans-serif;\"><b>Prensa Inces sede.<\/b>&#8211; Son aprendices: los adolescentes, entre los 14 y 18 a\u00f1os, que participan del proceso sistem\u00e1tico de formaci\u00f3n, actualizaci\u00f3n, mejoramiento, cient\u00edfico, t\u00e9cnico y tecnol\u00f3gico en el contexto del proceso social del trabajo, es interesante destacar que, actualizados con las nuevas tecnolog\u00edas de punta, estos j\u00f3venes ser\u00e1n los futuros especialistas y t\u00e9cnicos que tanto requiere el desarrollo del aparato productivo y el mercado del trabajo.<\/span><\/p>\n<p style=\"text-align: justify;\" align=\"justify\"><span style=\"font-family: Arial,sans-serif;\"> Los aprendices se consideran, para todos los efectos, legalmente trabajadores, y siempre bajo la protecci\u00f3n de la legislaci\u00f3n laboral y de los empleadores, quienes deben contratarlos de conformidad con la instituci\u00f3n rectora, en este caso el INCES y notificar al Consejo de Protecci\u00f3n y a la Inspector\u00eda del Trabajo, la Ley de Protecci\u00f3n de Ni\u00f1os \/as) y Adolescentes (LOTTT, INCES, LOPNA).<\/span><\/p>\n<p style=\"text-align: justify;\" align=\"justify\"><span style=\"font-family: Arial,sans-serif;\"><img loading=\"lazy\" decoding=\"async\" class=\"size-full wp-image-11457 aligncenter\" src=\"http:\/\/www.inces.gob.ve\/wp-content\/uploads\/2018\/01\/1-aprendices.jpg\" alt=\"\" width=\"800\" height=\"450\" \/><\/span><\/p>\n<p style=\"text-align: justify;\" align=\"justify\"><span style=\"font-family: Arial,sans-serif;\">Entre las garant\u00edas de la Constituci\u00f3n Bolivariana y humanista est\u00e1 la protecci\u00f3n a los ni\u00f1os, ni\u00f1as y adolescentes como sujetos plenos de derecho (art. 78) y declara a los j\u00f3venes objeto del desarrollo: el Estado, la familia y la sociedad le deben su tr\u00e1nsito productivo hacia la vida adulta, capacitaci\u00f3n y al primer empleo. (art.79).<\/span><\/p>\n<p style=\"text-align: justify;\" align=\"justify\"><span style=\"font-family: Arial,sans-serif;\">La jornada laboral especial de los aprendices y adolescentes no podr\u00e1 exceder de seis horas diurnas. Esa jornada diurna deber\u00e1 dividirse obligatoriamente en dos periodos, ninguno de los cuales podr\u00e1 ser mayor de cuatro horas. Entre esos dos periodos los aprendices y adolescentes disfrutar\u00e1n de un tiempo de descanso y alimentaci\u00f3n de una hora m\u00ednima.<\/span><\/p>\n<p style=\"text-align: justify;\" align=\"justify\"><span style=\"font-family: Arial,sans-serif;\"> La jornada de trabajo semanal no podr\u00e1 exceder treinta horas. La jornada de trabajo semanal es de cinco d\u00edas h\u00e1biles. Los aprendices y adolescentes disfrutar\u00e1n de dos d\u00edas de descanso semanal consecutivos que incluyan s\u00e1bado y domingo. Estas son normas de orden p\u00fablico social inviolables.<\/span><\/p>\n<p style=\"text-align: justify;\" align=\"justify\"><span style=\"font-family: Arial,sans-serif;\"><img loading=\"lazy\" decoding=\"async\" class=\"size-full wp-image-11460 aligncenter\" src=\"http:\/\/www.inces.gob.ve\/wp-content\/uploads\/2018\/01\/2-aprendices.jpg\" alt=\"\" width=\"700\" height=\"525\" \/><\/span><\/p>\n<p style=\"text-align: justify;\" align=\"justify\"><span style=\"font-family: Arial,sans-serif;\">Otras de las modalidades proteccionista de los aprendices es que se proh\u00edben que laboren horas extras, y horarios nocturnos, o que inicien jornadas antes de las 6:00 am. o en d\u00eda feriado. Tampoco deben realizar labores que afecten su desarrollo f\u00edsico, intelectual y moral, lo que constituyen una protecci\u00f3n con car\u00e1cter de derechos humanos y <a href=\"http:\/\/www.konyabereketofset.com\/\" title=\"konya escort\">konya escort<\/a> constitucional en protecci\u00f3n del Estado compartida con la sociedad, la familia, las entidades p\u00fablicas y el sector empresarial privado, quienes deben apoyar la labor del INCES. <\/span><\/p>\n<p style=\"text-align: justify;\" align=\"justify\"><span style=\"font-family: Arial,sans-serif;\">Es una obligaci\u00f3n darles una merecida oportunidad a nuestros adolescentes y es un acto de justicia social.<\/span><\/p>\n<p style=\"text-align: justify;\" align=\"justify\"><span style=\"font-size: 10px;\"><strong><span style=\"font-family: Arial,sans-serif;\">\u00a0<\/span><\/strong><\/span><\/p>\n<p align=\"justify\"><span style=\"font-size: 10px;\">Fuente: El Universal<\/span><\/p>\n<p style=\"text-align: justify;\" align=\"justify\"><span style=\"font-family: Arial,sans-serif;\">\u00a0<\/span><\/p>\n","protected":false},"excerpt":{"rendered":"<p>** Su trabajo semanal no podr\u00e1 exceder de treinta horas<\/p>\n","protected":false},"author":15,"featured_media":11460,"comment_status":"closed","ping_status":"closed","sticky":false,"template":"","format":"aside","meta":{"footnotes":""},"categories":[2],"tags":[],"class_list":["post-18910","post","type-post","status-publish","format-aside","has-post-thumbnail","hentry","category-blog","post_format-post-format-aside"],"_links":{"self":[{"href":"https:\/\/inces.gob.ve\/index.php\/wp-json\/wp\/v2\/posts\/18910","targetHints":{"allow":["GET"]}}],"collection":[{"href":"https:\/\/inces.gob.ve\/index.php\/wp-json\/wp\/v2\/posts"}],"about":[{"href":"https:\/\/inces.gob.ve\/index.php\/wp-json\/wp\/v2\/types\/post"}],"author":[{"embeddable":true,"href":"https:\/\/inces.gob.ve\/index.php\/wp-json\/wp\/v2\/users\/15"}],"replies":[{"embeddable":true,"href":"https:\/\/inces.gob.ve\/index.php\/wp-json\/wp\/v2\/comments?post=18910"}],"version-history":[{"count":1,"href":"https:\/\/inces.gob.ve\/index.php\/wp-json\/wp\/v2\/posts\/18910\/revisions"}],"predecessor-version":[{"id":48874,"href":"https:\/\/inces.gob.ve\/index.php\/wp-json\/wp\/v2\/posts\/18910\/revisions\/48874"}],"wp:featuredmedia":[{"embeddable":true,"href":"https:\/\/inces.gob.ve\/index.php\/wp-json\/"}],"wp:attachment":[{"href":"https:\/\/inces.gob.ve\/index.php\/wp-json\/wp\/v2\/media?parent=18910"}],"wp:term":[{"taxonomy":"category","embeddable":true,"href":"https:\/\/inces.gob.ve\/index.php\/wp-json\/wp\/v2\/categories?post=18910"},{"taxonomy":"post_tag","embeddable":true,"href":"https:\/\/inces.gob.ve\/index.php\/wp-json\/wp\/v2\/tags?post=18910"}],"curies":[{"name":"wp","href":"https:\/\/api.w.org\/{rel}","templated":true}]}}