{"id":18914,"date":"2018-01-22T12:11:50","date_gmt":"2018-01-22T18:11:50","guid":{"rendered":"http:\/\/www.inces.gob.ve\/?p=11497"},"modified":"2018-01-22T12:11:50","modified_gmt":"2018-01-22T18:11:50","slug":"colectivo-maestros-facilitadores-inces-reciben-taller-parte-del-idenna","status":"publish","type":"post","link":"https:\/\/inces.gob.ve\/index.php\/2018\/01\/22\/colectivo-maestros-facilitadores-inces-reciben-taller-parte-del-idenna\/","title":{"rendered":"Colectivo de maestros y facilitadores Inces reciben taller por parte del Idenna"},"content":{"rendered":"<p class=\"western\" style=\"text-align: justify;\"><span style=\"font-family: Arial,sans-serif;\"><b>*** <em>La actividad busca <\/em><\/b><\/span><em><span style=\"font-family: Arial,sans-serif;\"><b>reforzar conocimientos y potenciar el trabajo preventivo y de protecci\u00f3n de la infancia y la adolescencia<\/b><\/span><\/em><\/p>\n<p class=\"western\" style=\"text-align: justify;\">\u00a0<\/p>\n<p style=\"text-align: justify;\"><!--more--><\/p>\n<p>&nbsp;<\/p>\n<p class=\"western\" style=\"text-align: justify;\"><span style=\"font-family: Arial,sans-serif;\"><b>Prensa Inces Cojedes.-<\/b>\u00a0 El nuevo a\u00f1o 2018 arranc\u00f3 con el cumplimiento de acuerdos formativos tras el convenio oficializado desde la sede nacional del Inces con el presidente del Instituto Nacional de Capacitaci\u00f3n y Educaci\u00f3n Socialista (Inces),\u00a0Wuikelman Angel Paredes y el Instituto Aut\u00f3nomo Consejo Nacional de Derechos de Ni\u00f1os, Ni\u00f1as y Adolescentes (Idenna). <\/span><\/p>\n<p>&nbsp;<\/p>\n<p class=\"western\" style=\"text-align: justify;\"><img loading=\"lazy\" decoding=\"async\" class=\"size-full wp-image-11498 aligncenter\" src=\"http:\/\/www.inces.gob.ve\/wp-content\/uploads\/2018\/01\/1Idenna.jpg\" alt=\"\" width=\"850\" height=\"638\" \/><\/p>\n<p class=\"western\" style=\"text-align: justify;\"><span style=\"font-family: Arial,sans-serif;\">La semana de intercambio de formaci\u00f3n inici\u00f3 en la regi\u00f3n Cojedes, en el Centro de Formaci\u00f3n Socialista (CFS) \u201cFrancisco Carvajal\u201d en donde maestros t\u00e9cnicos productivos (MTP) participaron de recomendaciones, logros y reglamentos jur\u00eddicos internacionales y nacionales para el trato de los ni\u00f1os, ni\u00f1as y adolescentes, as\u00ed como tambi\u00e9n recibieron informaci\u00f3n de primera mano por parte del personal del Idenna en las sedes y programas, medios y contactos disponibles para la atenci\u00f3n de esta poblaci\u00f3n. <\/span><\/p>\n<p class=\"western\" style=\"text-align: justify;\">\u00a0<\/p>\n<p class=\"western\" style=\"text-align: justify;\"><span style=\"font-family: Arial,sans-serif;\">La formaci\u00f3n fue impartida por Norelvis Pereira, coordinadora de Formaci\u00f3n de Idenna Cojedes, quien de forma l\u00fadica y din\u00e1mica dict\u00f3 el taller \u201cFormaci\u00f3n para el manejo de ni\u00f1os, ni\u00f1as y adolescentes<em>\u00ab<\/em><\/span><\/p>\n<p class=\"western\" style=\"text-align: justify;\">\u00a0<\/p>\n<p class=\"western\" style=\"text-align: justify;\"><span style=\"font-family: Arial,sans-serif;\">Al respecto el MTP, Eduard Ortega, del Motor Construcci\u00f3n, calific\u00f3 la jornada como muy importante y nutrida de informaci\u00f3n que va en favor de los ni\u00f1os de la patria. \u201cPara nosotros es importante ya que atendemos en los ambientes Inces a j\u00f3venes adolescentes; les ense\u00f1amos un oficio para la producci\u00f3n, pero adem\u00e1s los atendemos integralmente y somos para ellos, orientadores\u201d<\/span><\/p>\n<p>&nbsp;<\/p>\n<p class=\"western\" style=\"text-align: justify;\"><span style=\"font-family: Arial,sans-serif;\">Raquel Silva, MTP del Motor Agr\u00edcola, dijo \u201cesta formaci\u00f3n nos permiti\u00f3 conocer m\u00e1s de cerca al Idenna, sus programas, c\u00f3mo contactarlos, en d\u00f3nde est\u00e1n ubicadas sus sedes en la regi\u00f3n y eso es importante para nosotros por ser portavoces al momento de tener que atender a un adolescentes que requiera atenci\u00f3n inmediata por la instituci\u00f3n o por el gobierno regional, de la mano de la gobernadora Margaud Godoy\u201d. <\/span><\/p>\n<p>&nbsp;<\/p>\n<p class=\"western\" style=\"text-align: justify;\"><img loading=\"lazy\" decoding=\"async\" class=\"alignnone size-full wp-image-11499\" src=\"http:\/\/www.inces.gob.ve\/wp-content\/uploads\/2018\/01\/2Idenna.jpg\" alt=\"\" width=\"850\" height=\"638\" \/><\/p>\n<p>&nbsp;<\/p>\n<p class=\"western\" style=\"text-align: justify;\"><span style=\"font-family: Arial,sans-serif;\">Lisbet Aguirre, responsable del CFS \u201cFrancisco Carvajal\u201d, finaliz\u00f3 diciendo \u201csomos vanguardia revolucionaria. Es nuestro deber garantizar los derechos a losni\u00f1os y ni\u00f1as de la patria, cumpliendo el legado del gigante Ch\u00e1vez y de nuestro l\u00edder Nicol\u00e1s Maduro quien enfatiz\u00f3 el pasado diciembre que los m\u00e1s peque\u00f1os son el futuro, es lo m\u00e1s grande que tenemos y debemos darlo todo por ellos.<\/span><\/p>\n<p>&nbsp;<\/p>\n<p class=\"western\" style=\"text-align: justify;\">\u00a0<strong>T\/<\/strong><span style=\"font-family: Arial,sans-serif;\"><strong> Nataly Reyes\/Sandra Loaiza<\/strong> <\/span><\/p>\n<p class=\"western\">\u00a0<\/p>\n","protected":false},"excerpt":{"rendered":"<p>*** La actividad busca reforzar conocimientos y potenciar el trabajo preventivo y de protecci\u00f3n de la infancia y la adolescencia \u00a0<\/p>\n","protected":false},"author":15,"featured_media":11499,"comment_status":"closed","ping_status":"closed","sticky":false,"template":"","format":"aside","meta":{"footnotes":""},"categories":[2],"tags":[],"class_list":["post-18914","post","type-post","status-publish","format-aside","has-post-thumbnail","hentry","category-blog","post_format-post-format-aside"],"_links":{"self":[{"href":"https:\/\/inces.gob.ve\/index.php\/wp-json\/wp\/v2\/posts\/18914","targetHints":{"allow":["GET"]}}],"collection":[{"href":"https:\/\/inces.gob.ve\/index.php\/wp-json\/wp\/v2\/posts"}],"about":[{"href":"https:\/\/inces.gob.ve\/index.php\/wp-json\/wp\/v2\/types\/post"}],"author":[{"embeddable":true,"href":"https:\/\/inces.gob.ve\/index.php\/wp-json\/wp\/v2\/users\/15"}],"replies":[{"embeddable":true,"href":"https:\/\/inces.gob.ve\/index.php\/wp-json\/wp\/v2\/comments?post=18914"}],"version-history":[{"count":0,"href":"https:\/\/inces.gob.ve\/index.php\/wp-json\/wp\/v2\/posts\/18914\/revisions"}],"wp:featuredmedia":[{"embeddable":true,"href":"https:\/\/inces.gob.ve\/index.php\/wp-json\/"}],"wp:attachment":[{"href":"https:\/\/inces.gob.ve\/index.php\/wp-json\/wp\/v2\/media?parent=18914"}],"wp:term":[{"taxonomy":"category","embeddable":true,"href":"https:\/\/inces.gob.ve\/index.php\/wp-json\/wp\/v2\/categories?post=18914"},{"taxonomy":"post_tag","embeddable":true,"href":"https:\/\/inces.gob.ve\/index.php\/wp-json\/wp\/v2\/tags?post=18914"}],"curies":[{"name":"wp","href":"https:\/\/api.w.org\/{rel}","templated":true}]}}