{"id":18915,"date":"2018-01-22T12:19:36","date_gmt":"2018-01-22T18:19:36","guid":{"rendered":"http:\/\/www.inces.gob.ve\/?p=11501"},"modified":"2018-01-22T12:19:36","modified_gmt":"2018-01-22T18:19:36","slug":"chamba-juvenil-ha-incorporado-al-campo-laboral-unos-10-000-jovenes-portuguesa","status":"publish","type":"post","link":"https:\/\/inces.gob.ve\/index.php\/2018\/01\/22\/chamba-juvenil-ha-incorporado-al-campo-laboral-unos-10-000-jovenes-portuguesa\/","title":{"rendered":"Chamba Juvenil ha incorporado al campo laboral a unos 10.000 j\u00f3venes en Portuguesa"},"content":{"rendered":"<p style=\"text-align: justify;\"><em><strong>*** En los pr\u00f3ximos d\u00edas, 1.000 j\u00f3venes formar\u00e1n parte del Programa Nacional de Aprendizaje<\/strong><\/em><\/p>\n<p style=\"text-align: justify;\"><!--more--><\/p>\n<p style=\"text-align: justify;\">\u00a0<\/p>\n<p>&nbsp;<\/p>\n<p style=\"text-align: justify;\"><strong>Prensa Minci.-<\/strong> Al campo laboral se han incorporado en el estado Portuguesa unos 10.000 j\u00f3venes, luego de ser captados por el Plan Chamba Juvenil para el desarrollo de actividades productivas.<\/p>\n<p>&nbsp;<\/p>\n<p>&nbsp;<\/p>\n<p style=\"text-align: justify;\">La directora del Ministerio para la Juventud y el Deporte en Portuguesa, Marifred Rodr\u00edguez inform\u00f3 que la meta en el estado es sensibilizar para el trabajo productivo a 40.000 personas, antes del primer aniversario de Chamba Juvenil: \u201cYa hemos sensibilizado a m\u00e1s de 20.000\u201c.<\/p>\n<p>&nbsp;<\/p>\n<p>&nbsp;<\/p>\n<h4 style=\"text-align: justify;\">J\u00f3venes est\u00e1n en al \u00e1mbito laboral<\/h4>\n<p style=\"text-align: justify;\">Rodr\u00edguez indic\u00f3 que de los m\u00e1s de 20.000 j\u00f3venes sensibilizados en Portuguesa, unos 10.000 ya han sido insertados en el mercado laboral a trav\u00e9s de diversas instituciones del Estado.<\/p>\n<p>&nbsp;<\/p>\n<p>&nbsp;<\/p>\n<p style=\"text-align: justify;\">\u201cEstamos trabajando con la Gobernaci\u00f3n para incorporar pr\u00f3ximamente unos 1.000, a trav\u00e9s del<strong> Programa Nacional de Aprendizaje del Inces,<\/strong> y otros 400 a la Micromisi\u00f3n Sim\u00f3n Rodr\u00edguez\u201d, apunt\u00f3.<\/p>\n<p>&nbsp;<\/p>\n<p>&nbsp;<\/p>\n<p style=\"text-align: justify;\">Anunci\u00f3 que en el pr\u00f3ximo trimestre de este a\u00f1o, se atender\u00e1 a los j\u00f3venes carnetizados de la Patria con el financiamiento de proyectos productivos y la asignaci\u00f3n de recursos para la construcci\u00f3n de viviendas en terrenos propios. <strong>Tambi\u00e9n se cumplir\u00e1 con la certificaci\u00f3n de saberes, a trav\u00e9s del Instituto Nacional de Capacitaci\u00f3n y Educaci\u00f3n Socialista (Inces).<\/strong><\/p>\n<p>&nbsp;<\/p>\n<p>&nbsp;<\/p>\n<p><span style=\"font-size: 8px;\"><strong><em>Texto y foto http:\/\/minci.gob.ve\/<\/em><\/strong><\/span><\/p>\n","protected":false},"excerpt":{"rendered":"<p>*** En los pr\u00f3ximos d\u00edas, 1.000 j\u00f3venes formar\u00e1n parte del Programa Nacional de Aprendizaje<\/p>\n","protected":false},"author":15,"featured_media":11502,"comment_status":"closed","ping_status":"closed","sticky":false,"template":"","format":"aside","meta":{"footnotes":""},"categories":[2],"tags":[],"class_list":["post-18915","post","type-post","status-publish","format-aside","has-post-thumbnail","hentry","category-blog","post_format-post-format-aside"],"_links":{"self":[{"href":"https:\/\/inces.gob.ve\/index.php\/wp-json\/wp\/v2\/posts\/18915","targetHints":{"allow":["GET"]}}],"collection":[{"href":"https:\/\/inces.gob.ve\/index.php\/wp-json\/wp\/v2\/posts"}],"about":[{"href":"https:\/\/inces.gob.ve\/index.php\/wp-json\/wp\/v2\/types\/post"}],"author":[{"embeddable":true,"href":"https:\/\/inces.gob.ve\/index.php\/wp-json\/wp\/v2\/users\/15"}],"replies":[{"embeddable":true,"href":"https:\/\/inces.gob.ve\/index.php\/wp-json\/wp\/v2\/comments?post=18915"}],"version-history":[{"count":0,"href":"https:\/\/inces.gob.ve\/index.php\/wp-json\/wp\/v2\/posts\/18915\/revisions"}],"wp:featuredmedia":[{"embeddable":true,"href":"https:\/\/inces.gob.ve\/index.php\/wp-json\/"}],"wp:attachment":[{"href":"https:\/\/inces.gob.ve\/index.php\/wp-json\/wp\/v2\/media?parent=18915"}],"wp:term":[{"taxonomy":"category","embeddable":true,"href":"https:\/\/inces.gob.ve\/index.php\/wp-json\/wp\/v2\/categories?post=18915"},{"taxonomy":"post_tag","embeddable":true,"href":"https:\/\/inces.gob.ve\/index.php\/wp-json\/wp\/v2\/tags?post=18915"}],"curies":[{"name":"wp","href":"https:\/\/api.w.org\/{rel}","templated":true}]}}