{"id":18916,"date":"2018-01-24T06:46:23","date_gmt":"2018-01-24T12:46:23","guid":{"rendered":"http:\/\/www.inces.gob.ve\/?p=11508"},"modified":"2018-01-24T06:46:23","modified_gmt":"2018-01-24T12:46:23","slug":"mas-240-chamberos-la-sexta-avanzada-iniciaron-formacion-carabobo","status":"publish","type":"post","link":"https:\/\/inces.gob.ve\/index.php\/2018\/01\/24\/mas-240-chamberos-la-sexta-avanzada-iniciaron-formacion-carabobo\/","title":{"rendered":"M\u00e1s de 240 chamberos de la sexta avanzada iniciaron su formaci\u00f3n en Carabobo"},"content":{"rendered":"<p class=\"western\" style=\"text-align: justify;\" align=\"justify\"><span style=\"font-family: Arial,sans-serif;\"><span style=\"font-size: medium;\"><i>*** <b>La clase magistral fue el s\u00e1bado 20 de enero, en el auditorio del CFS Sim\u00f3n Rodr\u00edguez de Valencia<\/b><\/i><\/span><\/span><\/p>\n<p class=\"western\" style=\"text-align: justify;\" align=\"justify\"><!--more--><\/p>\n<p align=\"justify\">\u00a0<\/p>\n<p class=\"western\" style=\"text-align: justify;\" align=\"justify\"><span style=\"font-family: Arial,sans-serif;\"><span style=\"font-size: medium;\"><b>Prensa Inces Carabobo<\/b>.- El personal del Instituto Nacional de Capacitaci\u00f3n y Educaci\u00f3n Socialista (Inces) junto a los facilitadores del Plan Chamba Juvenil iniciaron el s\u00e1bado 20 de enero la formaci\u00f3n con una clase magistral dirigida a la sexta avanzada conformada por 244 chamberos del municipio Valencia.<\/span><\/span><\/p>\n<p align=\"justify\">\u00a0<\/p>\n<p class=\"western\" style=\"text-align: justify;\" align=\"justify\"><img loading=\"lazy\" decoding=\"async\" class=\"size-full wp-image-11509 aligncenter\" src=\"http:\/\/www.inces.gob.ve\/wp-content\/uploads\/2018\/01\/1chamberos.jpg\" alt=\"\" width=\"850\" height=\"630\" \/><\/p>\n<p class=\"western\" style=\"text-align: justify;\" align=\"justify\"><span style=\"font-family: Arial,sans-serif;\"><span style=\"font-size: medium;\">Durante la actividad, realizada en el auditorio del Centro de Formaci\u00f3n Socialista \u201cSim\u00f3n Rodr\u00edguez\u201d (Av. Lara), cuatro facilitadores y dos recreadores se encargaron de dar la bienvenida a los j\u00f3venes e informarles sobre los pasos a seguir en el proceso. En este sentido, una de las facilitadoras inform\u00f3:\u00a0 \u201chacemos el llamado a los chamos que no pudieron asistir, a que est\u00e9n atentos en los tel\u00e9fonos que registraron, pues, a trav\u00e9s de un mensaje de texto, se les indicar\u00e1 el d\u00eda que deben presentarse para la primera formaci\u00f3n\u201d.<\/span><\/span><\/p>\n<p align=\"justify\">\u00a0<\/p>\n<p class=\"western\" style=\"text-align: justify;\" align=\"justify\"><span style=\"font-family: Arial,sans-serif;\"><span style=\"font-size: medium;\">Adem\u00e1s, los dividieron en grupos y comentaron sus impresiones sobre la creaci\u00f3n del Plan Chamba Juvenil y la relaci\u00f3n que esta iniciativa del gobierno nacional tiene con los 15 motores productivos de la Patria. Igualmente, el significado que tiene para cada uno de ellos, como j\u00f3venes, haber sido incluidos y debatir sobre el segundo Plan de la Patria 2019-2025.<\/span><\/span><\/p>\n<p align=\"justify\">\u00a0<\/p>\n<p class=\"western\" style=\"text-align: justify;\" align=\"justify\"><span style=\"font-family: Arial,sans-serif;\"><span style=\"font-size: medium;\">El gerente regional del Inces, Guyen Soto, ofreci\u00f3 unas palabras a los presentes, donde enfatiz\u00f3 que en manos de los j\u00f3venes est\u00e1 gran parte de la responsabilidad de seguir teniendo patria, pues con la formaci\u00f3n en las diferentes \u00e1reas productivas, a trav\u00e9s del Inces, y del compromiso de ellos en cada una de las entidades de trabajo e instituciones (p\u00fablicas y privadas); se est\u00e1 logrando educar a la mano de obra calificada que necesita la naci\u00f3n, aportando al reimpulso socio-econ\u00f3mico de la regi\u00f3n y del pa\u00eds.<\/span><\/span><\/p>\n<p align=\"justify\">\u00a0<\/p>\n<p class=\"western\" style=\"text-align: justify;\" align=\"justify\"><span style=\"font-family: Arial,sans-serif;\"><span style=\"font-size: medium;\"><img loading=\"lazy\" decoding=\"async\" class=\"size-full wp-image-11510 aligncenter\" src=\"http:\/\/www.inces.gob.ve\/wp-content\/uploads\/2018\/01\/2chamberos.jpg\" alt=\"\" width=\"850\" height=\"630\" \/><\/span><\/span><\/p>\n<p align=\"justify\">\u00a0<\/p>\n<p class=\"western\" style=\"text-align: justify;\" align=\"justify\"><span style=\"font-family: Arial,sans-serif;\"><span style=\"font-size: medium;\">Un grupo de chamberos agradeci\u00f3 al gobierno nacional por la creaci\u00f3n del plan, pues con el ingreso al proceso todos tendr\u00e1n la oportunidad de capacitarse en el oficio de su preferencia, adem\u00e1s de cumplir funciones importantes dentro de sus comunidades, empresas y organizaciones sociales en \u00e1reas agroalimentarias, educativas, ornato, recreaci\u00f3n y deporte, entre otras.<\/span><\/span><\/p>\n<p align=\"justify\">\u00a0<\/p>\n<p class=\"western\" style=\"text-align: justify;\" align=\"justify\"><span style=\"font-size: medium;\"><strong><span style=\"font-family: Arial,sans-serif;\">T\/ Mar\u00eda Ver\u00f3nica Molina.<\/span><\/strong><\/span><\/p>\n","protected":false},"excerpt":{"rendered":"<p>*** La clase magistral fue el s\u00e1bado 20 de enero, en el auditorio del CFS Sim\u00f3n Rodr\u00edguez de Valencia<\/p>\n","protected":false},"author":15,"featured_media":11510,"comment_status":"closed","ping_status":"closed","sticky":false,"template":"","format":"aside","meta":{"footnotes":""},"categories":[2],"tags":[],"class_list":["post-18916","post","type-post","status-publish","format-aside","has-post-thumbnail","hentry","category-blog","post_format-post-format-aside"],"_links":{"self":[{"href":"https:\/\/inces.gob.ve\/index.php\/wp-json\/wp\/v2\/posts\/18916","targetHints":{"allow":["GET"]}}],"collection":[{"href":"https:\/\/inces.gob.ve\/index.php\/wp-json\/wp\/v2\/posts"}],"about":[{"href":"https:\/\/inces.gob.ve\/index.php\/wp-json\/wp\/v2\/types\/post"}],"author":[{"embeddable":true,"href":"https:\/\/inces.gob.ve\/index.php\/wp-json\/wp\/v2\/users\/15"}],"replies":[{"embeddable":true,"href":"https:\/\/inces.gob.ve\/index.php\/wp-json\/wp\/v2\/comments?post=18916"}],"version-history":[{"count":0,"href":"https:\/\/inces.gob.ve\/index.php\/wp-json\/wp\/v2\/posts\/18916\/revisions"}],"wp:featuredmedia":[{"embeddable":true,"href":"https:\/\/inces.gob.ve\/index.php\/wp-json\/"}],"wp:attachment":[{"href":"https:\/\/inces.gob.ve\/index.php\/wp-json\/wp\/v2\/media?parent=18916"}],"wp:term":[{"taxonomy":"category","embeddable":true,"href":"https:\/\/inces.gob.ve\/index.php\/wp-json\/wp\/v2\/categories?post=18916"},{"taxonomy":"post_tag","embeddable":true,"href":"https:\/\/inces.gob.ve\/index.php\/wp-json\/wp\/v2\/tags?post=18916"}],"curies":[{"name":"wp","href":"https:\/\/api.w.org\/{rel}","templated":true}]}}