{"id":18917,"date":"2018-01-24T09:26:47","date_gmt":"2018-01-24T15:26:47","guid":{"rendered":"http:\/\/www.inces.gob.ve\/?p=11519"},"modified":"2018-01-24T09:26:47","modified_gmt":"2018-01-24T15:26:47","slug":"inces-carabobo-e-invepal-establecen-convenios-formativos","status":"publish","type":"post","link":"https:\/\/inces.gob.ve\/index.php\/2018\/01\/24\/inces-carabobo-e-invepal-establecen-convenios-formativos\/","title":{"rendered":"Inces Carabobo e Invepal establecen convenios formativos"},"content":{"rendered":"<p class=\"western\" style=\"text-align: justify;\"><span style=\"font-family: Arial,sans-serif;\"><span style=\"font-size: medium;\">** <i><b> Gracias al compromiso revolucionario de Invepal, el cual va m\u00e1s all\u00e1 de la producci\u00f3n; se eval\u00faa la instalaci\u00f3n de un Centro de Formaci\u00f3n Socialista del Inces en sus espacios<\/b><\/i><\/span><\/span><\/p>\n<p class=\"western\" style=\"text-align: justify;\"><!--more--><\/p>\n<p>&nbsp;<\/p>\n<p class=\"western\" style=\"text-align: justify;\"><span style=\"font-family: Arial,sans-serif;\"><span style=\"font-size: medium;\"><b>Prensa Inces Carabobo<\/b>.- Con el objetivo de dar continuidad a los programas formativos dirigidos por el Instituto Nacional de Capacitaci\u00f3n y Educaci\u00f3n Socialista (Inces) en Carabobo, el gerente regional se reuni\u00f3 con el presidente de Invepal, con el fin de crear convenios que fortalecer\u00e1n la gesti\u00f3n socialista en dicha entidad de trabajo. <\/span><\/span><\/p>\n<p class=\"western\" style=\"text-align: justify;\"><img loading=\"lazy\" decoding=\"async\" class=\"size-full wp-image-11521 aligncenter\" src=\"http:\/\/www.inces.gob.ve\/wp-content\/uploads\/2018\/01\/2-convenios-1.jpg\" alt=\"\" width=\"800\" height=\"318\" \/><\/p>\n<p class=\"western\" style=\"text-align: justify;\"><span style=\"font-family: Arial,sans-serif;\"><span style=\"font-size: medium;\">Omar Marrero presidente de la Industria Venezolana End\u00f3gena del Papel (<\/span><\/span><em><span style=\"font-family: Arial,sans-serif;\"><span style=\"font-size: medium;\">Invepal<\/span><\/span><\/em><span style=\"font-family: Arial,sans-serif;\"><span style=\"font-size: medium;\">) en Mor\u00f3n, Guy\u00e9n Soto gerente de Inces Carabobo y parte de los equipos de trabajo de ambas instituciones socialistas, desarrollaron los acuerdos que beneficiar\u00e1n, tanto a la clase trabajadora, como a las comunidades del punto y c\u00edrculo del eje costero.<\/span><\/span><\/p>\n<p>&nbsp;<\/p>\n<p class=\"western\" style=\"text-align: justify;\"><span style=\"font-family: Arial,sans-serif;\"><span style=\"font-size: medium;\">Guy\u00e9n Soto agreg\u00f3 que en Invepal, dar\u00e1n arranque a la certificaci\u00f3n de saberes emp\u00edricos y acad\u00e9micos a trav\u00e9s de la Unidad de Tecnolog\u00eda Educativa del instituto, dirigida a trabajadores, misioneros y comunidades de la zona, consecutivamente se iniciar\u00e1 la formaci\u00f3n t\u00e9cnica agr\u00edcola para los desarrollos end\u00f3genos; as\u00ed como la formaci\u00f3n a l\u00edderes trabajadores. Se puntualiz\u00f3 que dicho trabajo formativo se realizar\u00e1 a trav\u00e9s de un plan que conlleve a la validaci\u00f3n respectiva con los trabajadores.<\/span><\/span><\/p>\n<p class=\"western\" style=\"text-align: justify;\"><span style=\"font-family: Arial,sans-serif;\"><span style=\"font-size: medium;\">Chamberos en Invepal<\/span><\/span><\/p>\n<p class=\"western\" style=\"text-align: justify;\"><span style=\"font-family: Arial,sans-serif;\"><span style=\"font-size: medium;\">Diecisiete j\u00f3venes productivos del Programa Nacional de Aprendizaje (PNA) de Inces Carabobo, ser\u00e1n incluidos por el Plan Chamba Juvenil en <\/span><\/span><span style=\"font-family: Arial,sans-serif;\"><span style=\"font-size: medium;\">la Industria Venezolana End\u00f3gena del Papel (<\/span><\/span><em><span style=\"font-family: Arial,sans-serif;\"><span style=\"font-size: medium;\">Invepal<\/span><\/span><\/em><span style=\"font-family: Arial,sans-serif;\"><span style=\"font-size: medium;\">) en Mor\u00f3n. <\/span><\/span><\/p>\n<p class=\"western\" style=\"text-align: justify;\"><img loading=\"lazy\" decoding=\"async\" class=\"size-full wp-image-11520 aligncenter\" src=\"http:\/\/www.inces.gob.ve\/wp-content\/uploads\/2018\/01\/1-convenios-1.jpg\" alt=\"\" width=\"850\" height=\"638\" \/><\/p>\n<p class=\"western\" style=\"text-align: justify;\"><span style=\"font-family: Arial,sans-serif;\"><span style=\"font-size: medium;\">Soto manifest\u00f3 que para el momento se encuentran en el proceso de inclusi\u00f3n para la respectiva firma del contrato y seguidamente \u00e9ste ser\u00e1 adecuado en los diferentes oficios laborales productivos que se designar\u00e1n, a trav\u00e9s del estudio en una mesa de desarrollo curricular.<\/span><\/span><\/p>\n<p>&nbsp;<\/p>\n<p class=\"western\" style=\"text-align: justify;\"><span style=\"font-family: Arial,sans-serif;\"><span style=\"font-size: medium;\">Tambi\u00e9n se pudo conocer que gracias al compromiso revolucionario de Invepal, el cual va m\u00e1s all\u00e1 de la producci\u00f3n; se est\u00e1 evaluando la instalaci\u00f3n de un Centro de Formaci\u00f3n Socialista del Inces en sus espacios para la atenci\u00f3n formativa permanente de los trabajadores y comunidades del norte de la costa carabobe\u00f1a. <\/span><\/span><\/p>\n<p>&nbsp;<\/p>\n<p class=\"western\" style=\"text-align: justify;\"><span style=\"font-family: Arial,sans-serif;\"><span style=\"font-size: medium;\">T\/Nathalie G\u00f3mez Betancourt.- <\/span><\/span><\/p>\n","protected":false},"excerpt":{"rendered":"<p>** Gracias al compromiso revolucionario de Invepal, el cual va m\u00e1s all\u00e1 de la producci\u00f3n; se eval\u00faa la instalaci\u00f3n de un Centro de Formaci\u00f3n Socialista del Inces en sus espacios<\/p>\n","protected":false},"author":15,"featured_media":11520,"comment_status":"closed","ping_status":"closed","sticky":false,"template":"","format":"aside","meta":{"footnotes":""},"categories":[2],"tags":[],"class_list":["post-18917","post","type-post","status-publish","format-aside","has-post-thumbnail","hentry","category-blog","post_format-post-format-aside"],"_links":{"self":[{"href":"https:\/\/inces.gob.ve\/index.php\/wp-json\/wp\/v2\/posts\/18917","targetHints":{"allow":["GET"]}}],"collection":[{"href":"https:\/\/inces.gob.ve\/index.php\/wp-json\/wp\/v2\/posts"}],"about":[{"href":"https:\/\/inces.gob.ve\/index.php\/wp-json\/wp\/v2\/types\/post"}],"author":[{"embeddable":true,"href":"https:\/\/inces.gob.ve\/index.php\/wp-json\/wp\/v2\/users\/15"}],"replies":[{"embeddable":true,"href":"https:\/\/inces.gob.ve\/index.php\/wp-json\/wp\/v2\/comments?post=18917"}],"version-history":[{"count":0,"href":"https:\/\/inces.gob.ve\/index.php\/wp-json\/wp\/v2\/posts\/18917\/revisions"}],"wp:featuredmedia":[{"embeddable":true,"href":"https:\/\/inces.gob.ve\/index.php\/wp-json\/"}],"wp:attachment":[{"href":"https:\/\/inces.gob.ve\/index.php\/wp-json\/wp\/v2\/media?parent=18917"}],"wp:term":[{"taxonomy":"category","embeddable":true,"href":"https:\/\/inces.gob.ve\/index.php\/wp-json\/wp\/v2\/categories?post=18917"},{"taxonomy":"post_tag","embeddable":true,"href":"https:\/\/inces.gob.ve\/index.php\/wp-json\/wp\/v2\/tags?post=18917"}],"curies":[{"name":"wp","href":"https:\/\/api.w.org\/{rel}","templated":true}]}}