{"id":18920,"date":"2018-01-25T11:56:36","date_gmt":"2018-01-25T17:56:36","guid":{"rendered":"http:\/\/www.inces.gob.ve\/?p=11547"},"modified":"2018-01-25T11:56:36","modified_gmt":"2018-01-25T17:56:36","slug":"la-oac-del-inces-abre-ciclo-anual-talleres-formativos","status":"publish","type":"post","link":"https:\/\/inces.gob.ve\/index.php\/2018\/01\/25\/la-oac-del-inces-abre-ciclo-anual-talleres-formativos\/","title":{"rendered":"La OAC del Inces abre ciclo anual de talleres formativos"},"content":{"rendered":"<p style=\"text-align: justify;\" align=\"justify\"><i><b>** Una formaci\u00f3n dirigida a personal que enlaza con p\u00fablicos en distintas instituciones de la ciudad capital, conform\u00f3 el contingente receptor del primer taller anual de esta din\u00e1mica dependencia institucional, de car\u00e1cter social<\/b><\/i><\/p>\n<p align=\"justify\">\u00a0<\/p>\n<p style=\"text-align: justify;\" align=\"justify\"><!--more--><\/p>\n<p align=\"justify\">\u00a0<\/p>\n<p style=\"text-align: justify;\" align=\"justify\"><b>Prensa Inces Sede.<\/b>-Con un intensivo taller formativo dirigido a funcionarios y servidores con responsabilidades de atenci\u00f3n a p\u00fablicos externos en distintas instituciones nacionales con asiento en la ciudad de Caracas, se dio por aperturado el ciclo de talleres formativos que la Oficina de Atenci\u00f3n a la Ciudadan\u00eda (OAC) del Inces prepara de manera anual y que va dirigido a trabajadores del propio Instituto, a compa\u00f1eros de otras organizaciones y a la ciudadan\u00eda en general.<img loading=\"lazy\" decoding=\"async\" class=\"size-full wp-image-11548 aligncenter\" src=\"http:\/\/www.inces.gob.ve\/wp-content\/uploads\/2018\/01\/1-talleres-formativos.jpg\" alt=\"\" width=\"850\" height=\"567\" \/><\/p>\n<p style=\"text-align: justify;\" align=\"justify\">En esta oportunidad, cerca de 50 trabajadores recibieron informaci\u00f3n y t\u00e9cnicas eficaces de atenci\u00f3n a la ciudadan\u00eda a trav\u00e9s de la participaci\u00f3n magistral de los facilitadores Jes\u00fas Arenas y Diana Montes, adscritos ambos a la Contralor\u00eda Municipal del Municipio Libertador.<\/p>\n<p align=\"justify\">\u00a0<\/p>\n<p style=\"text-align: justify;\" align=\"justify\">La importancia de esta capacitaci\u00f3n deriva de la relevancia que tiene para la Revoluci\u00f3n Bolivariana de Venezuela el trato respetuoso hacia el hombre como ser humano, integrante de una sociedad en evoluci\u00f3n donde todos somos participantes protag\u00f3nicos.<\/p>\n<p align=\"justify\">\u00a0<\/p>\n<p style=\"text-align: justify;\" align=\"justify\">Los t\u00e9cnicos de la Contralor\u00eda dirigieron la din\u00e1mica docente con criterios de participaci\u00f3n total y construcci\u00f3n conjunta de conocimientos. Para ello se valieron de la pujante iniciativa de los talleristas quienes aportaron cantidad de experiencias que sirvieron de ejemplos claros y contundentes.<img loading=\"lazy\" decoding=\"async\" class=\"size-full wp-image-11549 aligncenter\" src=\"http:\/\/www.inces.gob.ve\/wp-content\/uploads\/2018\/01\/2-talleres-formativos.jpg\" alt=\"\" width=\"850\" height=\"567\" \/><\/p>\n<p style=\"text-align: justify;\" align=\"justify\">La manida frase de que \u201cel cliente siempre tiene la raz\u00f3n\u201d fue un punto de partida para exponer, con mejor precisi\u00f3n, el respeto y la estima que merecen todos los visitantes a las instituciones gubernamentales \u00e1vidos de informaci\u00f3n, en funci\u00f3n de que son ellos el eje central de toda actividad de gobierno.<\/p>\n<p align=\"justify\">\u00a0<\/p>\n<p style=\"text-align: justify;\" align=\"justify\">Se ventilaron en el taller directrices revolucionarias de atenci\u00f3n a la gente, como que la persuasi\u00f3n y la atenci\u00f3n de calidad son premisas b\u00e1sicas y fundamentales de un buen servidor p\u00fablico.<\/p>\n<p align=\"justify\">\u00a0<\/p>\n<p style=\"text-align: justify;\" align=\"justify\">Abund\u00f3 la facilitadora Diana Montes en que el ciudadano debe ser objeto de una buena actitud ya que entre otras circunstancias, es \u00e9l quien define y eval\u00faa la calidad de los servicios, por ello tiene derecho a exigirlos con valor y elevaci\u00f3n. Y, \u201caunque en realidad no siempre tenga la raz\u00f3n&#8230; siempre estar\u00e1 de primero en las prioridades\u201d.<\/p>\n<p align=\"justify\">\u00a0<\/p>\n<p style=\"text-align: justify;\" align=\"justify\">Entre las instituciones invitadas y asistentes estuvieron: la Fundaci\u00f3n Robert Serra; Fondo para el Desarrollo Agrario Socialista (Fondas); Fundaci\u00f3n Oro Negro; Misi\u00f3n Cultura, Bomberos del Distrito Capital; Ministerio del Poder Popular de Petr\u00f3leo y Miner\u00eda (Mpppm) y Misi\u00f3n J\u00f3venes de la Patria, entre otros.<\/p>\n<p align=\"justify\">\u00a0<\/p>\n<p style=\"text-align: justify;\" align=\"justify\">En paralelo, el Inces envi\u00f3 a personal del instituto que se interrelaciona directamente con p\u00fablicos externos, tales como trabajadores de las \u00e1reas de Seguridad y Recepci\u00f3n, y personal de la Coordinaci\u00f3n de Mujer Productiva.<\/p>\n<p align=\"justify\">\u00a0<\/p>\n<p style=\"text-align: justify;\" align=\"justify\">La informaci\u00f3n inicial fue ofrecida por la adjunta a la Gerencia General de las OAC, Ana Mar\u00eda Perera Guillen.<img loading=\"lazy\" decoding=\"async\" class=\"size-full wp-image-11550 aligncenter\" src=\"http:\/\/www.inces.gob.ve\/wp-content\/uploads\/2018\/01\/25-01-2018-Charla-OAC-AB-1.jpg\" alt=\"\" width=\"850\" height=\"567\" \/><\/p>\n<p style=\"text-align: justify;\" align=\"justify\">Como colof\u00f3n emblem\u00e1tico de la jornada se dej\u00f3 por sentado que \u201cel ciudadano no es un n\u00famero estad\u00edstico, es un ente de carne y hueso con sentimientos y emociones como los nuestros, y por tanto merecen el trato m\u00e1s cort\u00e9s y atento posibles\u201d.<\/p>\n<p align=\"justify\">\u00a0<\/p>\n<p style=\"text-align: justify;\" align=\"justify\">Ivaldo Rodr\u00edguez<\/p>\n<p style=\"text-align: justify;\" align=\"justify\">Prensa Inces<\/p>\n","protected":false},"excerpt":{"rendered":"<p>** Una formaci\u00f3n dirigida a personal que enlaza con p\u00fablicos en distintas instituciones de la ciudad capital, conform\u00f3 el contingente receptor del primer taller anual de esta din\u00e1mica dependencia institucional, de car\u00e1cter social \u00a0<\/p>\n","protected":false},"author":15,"featured_media":11550,"comment_status":"closed","ping_status":"closed","sticky":false,"template":"","format":"aside","meta":{"footnotes":""},"categories":[2],"tags":[],"class_list":["post-18920","post","type-post","status-publish","format-aside","has-post-thumbnail","hentry","category-blog","post_format-post-format-aside"],"_links":{"self":[{"href":"https:\/\/inces.gob.ve\/index.php\/wp-json\/wp\/v2\/posts\/18920","targetHints":{"allow":["GET"]}}],"collection":[{"href":"https:\/\/inces.gob.ve\/index.php\/wp-json\/wp\/v2\/posts"}],"about":[{"href":"https:\/\/inces.gob.ve\/index.php\/wp-json\/wp\/v2\/types\/post"}],"author":[{"embeddable":true,"href":"https:\/\/inces.gob.ve\/index.php\/wp-json\/wp\/v2\/users\/15"}],"replies":[{"embeddable":true,"href":"https:\/\/inces.gob.ve\/index.php\/wp-json\/wp\/v2\/comments?post=18920"}],"version-history":[{"count":0,"href":"https:\/\/inces.gob.ve\/index.php\/wp-json\/wp\/v2\/posts\/18920\/revisions"}],"wp:featuredmedia":[{"embeddable":true,"href":"https:\/\/inces.gob.ve\/index.php\/wp-json\/"}],"wp:attachment":[{"href":"https:\/\/inces.gob.ve\/index.php\/wp-json\/wp\/v2\/media?parent=18920"}],"wp:term":[{"taxonomy":"category","embeddable":true,"href":"https:\/\/inces.gob.ve\/index.php\/wp-json\/wp\/v2\/categories?post=18920"},{"taxonomy":"post_tag","embeddable":true,"href":"https:\/\/inces.gob.ve\/index.php\/wp-json\/wp\/v2\/tags?post=18920"}],"curies":[{"name":"wp","href":"https:\/\/api.w.org\/{rel}","templated":true}]}}