{"id":18967,"date":"2018-08-20T13:39:34","date_gmt":"2018-08-20T19:39:34","guid":{"rendered":"http:\/\/www.inces.gob.ve\/?p=18967"},"modified":"2020-05-28T20:31:27","modified_gmt":"2020-05-29T00:31:27","slug":"inces-celebra-aniversario-59-con-automatizacion-de-sus-servicios","status":"publish","type":"post","link":"https:\/\/inces.gob.ve\/index.php\/2018\/08\/20\/inces-celebra-aniversario-59-con-automatizacion-de-sus-servicios\/","title":{"rendered":"Inces celebra aniversario 59 con automatizaci\u00f3n de sus servicios"},"content":{"rendered":"<p align=\"justify\"><i><b>** Los procesos tributarios y formativos ahora podr\u00e1n ser gestionados en l\u00ednea<\/b><\/i><!--more--><\/p>\n<p align=\"justify\">\n<p align=\"justify\"><strong>LONGINA TOVAR | Sede<\/strong><\/p>\n<p align=\"justify\">\nA partir del 22 de agosto, las entidades de trabajo que tienen obligaci\u00f3n fiscal con el Instituto Nacional de Capacitaci\u00f3n y Educaci\u00f3n Socialista (Inces) tendr\u00e1n a su disposici\u00f3n el Registro Nacional de Contribuyentes Parafiscales (RNCP), un API que les permitir\u00e1 realizar sus tr\u00e1mites tributarios sin necesidad de trasladarse hasta la instituci\u00f3n.<\/p>\n<p align=\"justify\">\nDe esta manera podr\u00e1 realizarse en l\u00ednea, de manera progresiva, la inscripci\u00f3n y actualizaci\u00f3n de datos del contribuyente, hacer la declaraci\u00f3n jurada bajo fe de juramento, cancelar los pagos en l\u00ednea gracias a los acuerdos establecidos con la banca p\u00fablica y privada y obtener la solvencia Inces de manera electr\u00f3nica.<\/p>\n<p align=\"justify\">\n<p align=\"justify\">\u00a0<img loading=\"lazy\" decoding=\"async\" class=\"aligncenter wp-image-18970 size-large\" src=\"http:\/\/www.inces.gob.ve\/wp-content\/uploads\/2018\/08\/unidadeseducativas-1024x683.jpg\" alt=\"\" width=\"640\" height=\"427\" srcset=\"https:\/\/inces.gob.ve\/wp-content\/uploads\/2018\/08\/unidadeseducativas-1024x683.jpg 1024w, https:\/\/inces.gob.ve\/wp-content\/uploads\/2018\/08\/unidadeseducativas-300x200.jpg 300w, https:\/\/inces.gob.ve\/wp-content\/uploads\/2018\/08\/unidadeseducativas-768x512.jpg 768w\" sizes=\"auto, (max-width: 640px) 100vw, 640px\" \/><\/p>\n<p align=\"justify\">Asimismo, por medio de la plataforma HACER (Herramientas para el Aprendizaje Creador, el Estudio y el Reconocimiento) al clicar en el bot\u00f3n \u201cEstudie en el Inces\u201d las usuarias y los usuarios de la instituci\u00f3n educativa podr\u00e1n conocer, desde el portal <a href=\"http:\/\/www.inces.gob.ve\/\" target=\"_blank\" rel=\"noopener noreferrer\">www.inces.gob.ve<\/a>, la disponibilidad de la oferta formativa en cada centro de formaci\u00f3n Inces, e incluso, en una segunda etapa, inscribirse en l\u00ednea, acreditarse y certificar sus saberes, postular los proyectos de formaci\u00f3n e imprimir su certificado digital.<\/p>\n<p align=\"justify\">\n<p align=\"justify\"><b>Formar Produciendo<\/b><\/p>\n<p align=\"justify\">En el contexto de la celebraci\u00f3n de este aniversario, el Inces no solo se automatiza, sino que se adapta a las realidades del pa\u00eds a trav\u00e9s de la creaci\u00f3n de nuevos programas de formaci\u00f3n en \u00e1reas como Redes Sociales y Audiovisual.<\/p>\n<p align=\"justify\">\n<p align=\"justify\">Igualmente, la instituci\u00f3n se pone a tono con la realidad econ\u00f3mica que vive Venezuela y desarrolla en la actualidad 175 proyectos formativos que se adelantan en m\u00e1s de 146 centros de formaci\u00f3n. La intenci\u00f3n es que durante el desarrollo de estas propuestas de preparaci\u00f3n t\u00e9cnica, cada producto elaborado permita devolver al instituto parte de lo invertido y as\u00ed reutilizar los recursos en pr\u00f3ximas formaciones.<\/p>\n<p align=\"justify\">\n<p align=\"justify\"><img loading=\"lazy\" decoding=\"async\" class=\"aligncenter wp-image-18971 size-full\" src=\"http:\/\/www.inces.gob.ve\/wp-content\/uploads\/2018\/08\/taller.jpg\" alt=\"\" width=\"2428\" height=\"1558\" srcset=\"https:\/\/inces.gob.ve\/wp-content\/uploads\/2018\/08\/taller.jpg 2428w, https:\/\/inces.gob.ve\/wp-content\/uploads\/2018\/08\/taller-300x193.jpg 300w, https:\/\/inces.gob.ve\/wp-content\/uploads\/2018\/08\/taller-768x493.jpg 768w, https:\/\/inces.gob.ve\/wp-content\/uploads\/2018\/08\/taller-1024x657.jpg 1024w\" sizes=\"auto, (max-width: 2428px) 100vw, 2428px\" \/><\/p>\n<p align=\"justify\">\n<p align=\"justify\">Entre estos proyectos destaca la marca Wad\u00e4ka, la cual se concentra en la elaboraci\u00f3n de comidas y bebidas realizadas con productos alternativos y aut\u00f3ctonos de cada regi\u00f3n.<\/p>\n<p align=\"justify\">\n<p align=\"justify\"><b>Blogs regionales<\/b><\/p>\n<p align=\"justify\">Adicional al nuevo portal Web, cada Inces regional (uno por estado) cuenta con un blog, anclado a la p\u00e1gina oficial, donde los interesados podr\u00e1n conseguir informaci\u00f3n concreta de la regi\u00f3n en lo que respecta a noticias, formaciones y otras notas de inter\u00e9s.<\/p>\n<p align=\"justify\">\n<p align=\"justify\">Hasta la fecha y en lo que va de 2018 el Inces ha atendido m\u00e1s de 450 mil personas.<\/p>\n<p align=\"justify\">\n<p align=\"justify\"><img loading=\"lazy\" decoding=\"async\" class=\"aligncenter wp-image-18973 size-large\" src=\"http:\/\/www.inces.gob.ve\/wp-content\/uploads\/2018\/08\/congreso-1024x681.jpg\" alt=\"\" width=\"640\" height=\"426\" srcset=\"https:\/\/inces.gob.ve\/wp-content\/uploads\/2018\/08\/congreso-1024x681.jpg 1024w, https:\/\/inces.gob.ve\/wp-content\/uploads\/2018\/08\/congreso-300x200.jpg 300w, https:\/\/inces.gob.ve\/wp-content\/uploads\/2018\/08\/congreso-768x511.jpg 768w, https:\/\/inces.gob.ve\/wp-content\/uploads\/2018\/08\/congreso.jpg 1936w\" sizes=\"auto, (max-width: 640px) 100vw, 640px\" \/><\/p>\n<p align=\"justify\">\n<p align=\"justify\">El 22 de agosto de 1959, se aprueba en el Congreso Nacional el proyecto de la Ley para la creaci\u00f3n del \u201cInce\u201d, introducido por el maestro Luis Beltr\u00e1n Prieto Figueroa, donde la premisa es contar con los sectores p\u00fablico y privado para la formaci\u00f3n profesional de la clase trabajadora venezolana.<\/p>\n<p align=\"justify\">\n<p align=\"justify\">\n<p><span style=\"font-size: large;\">\u00a0<\/span><\/p>\n<p>&nbsp;<\/p>\n","protected":false},"excerpt":{"rendered":"<p>** Los procesos tributarios y formativos ahora podr\u00e1n ser gestionados en l\u00ednea<\/p>\n","protected":false},"author":4,"featured_media":18972,"comment_status":"closed","ping_status":"open","sticky":false,"template":"","format":"standard","meta":{"footnotes":""},"categories":[2],"tags":[],"class_list":["post-18967","post","type-post","status-publish","format-standard","has-post-thumbnail","hentry","category-blog"],"_links":{"self":[{"href":"https:\/\/inces.gob.ve\/index.php\/wp-json\/wp\/v2\/posts\/18967","targetHints":{"allow":["GET"]}}],"collection":[{"href":"https:\/\/inces.gob.ve\/index.php\/wp-json\/wp\/v2\/posts"}],"about":[{"href":"https:\/\/inces.gob.ve\/index.php\/wp-json\/wp\/v2\/types\/post"}],"author":[{"embeddable":true,"href":"https:\/\/inces.gob.ve\/index.php\/wp-json\/wp\/v2\/users\/4"}],"replies":[{"embeddable":true,"href":"https:\/\/inces.gob.ve\/index.php\/wp-json\/wp\/v2\/comments?post=18967"}],"version-history":[{"count":2,"href":"https:\/\/inces.gob.ve\/index.php\/wp-json\/wp\/v2\/posts\/18967\/revisions"}],"predecessor-version":[{"id":34580,"href":"https:\/\/inces.gob.ve\/index.php\/wp-json\/wp\/v2\/posts\/18967\/revisions\/34580"}],"wp:featuredmedia":[{"embeddable":true,"href":"https:\/\/inces.gob.ve\/index.php\/wp-json\/wp\/v2\/media\/18972"}],"wp:attachment":[{"href":"https:\/\/inces.gob.ve\/index.php\/wp-json\/wp\/v2\/media?parent=18967"}],"wp:term":[{"taxonomy":"category","embeddable":true,"href":"https:\/\/inces.gob.ve\/index.php\/wp-json\/wp\/v2\/categories?post=18967"},{"taxonomy":"post_tag","embeddable":true,"href":"https:\/\/inces.gob.ve\/index.php\/wp-json\/wp\/v2\/tags?post=18967"}],"curies":[{"name":"wp","href":"https:\/\/api.w.org\/{rel}","templated":true}]}}