{"id":19050,"date":"2018-08-22T12:10:55","date_gmt":"2018-08-22T18:10:55","guid":{"rendered":"http:\/\/www.inces.gob.ve\/?p=19050"},"modified":"2020-05-28T20:31:27","modified_gmt":"2020-05-29T00:31:27","slug":"el-inces-inicia-su-semana-aniversaria","status":"publish","type":"post","link":"https:\/\/inces.gob.ve\/index.php\/2018\/08\/22\/el-inces-inicia-su-semana-aniversaria\/","title":{"rendered":"El Inces inicia su semana aniversaria"},"content":{"rendered":"<p align=\"justify\"><a name=\"more-10093\"><\/a><span style=\"font-family: Arial,sans-serif;\"><b>**<i>Con honores, ofrenda floral y misa se dio apertura a la celebraci\u00f3n del aniversario N\u00b059 del Inces <\/i><\/b><\/span><\/p>\n<p align=\"justify\"><!--more--><\/p>\n<p align=\"justify\"><span style=\"font-family: Arial,sans-serif;\"><b>MEIBY DOMADOR | Sede<\/b><\/span><\/p>\n<p align=\"justify\">\n<p align=\"justify\"><span style=\"font-family: Arial,sans-serif;\">Para dar inicio a la semana aniversario del Inces, en su cumplea\u00f1os N\u00b0 59, en la sede de la avenida Nueva Granada, se le rindieron honores a la bandera nacional, con la presencia de trabajadores administrativos, docentes, log\u00edstico y participantes Inces.<\/span><\/p>\n<p align=\"justify\">\n<p align=\"justify\"><span style=\"font-family: Arial,sans-serif;\">Por parte de las autoridades, estuvo presente la directora ejecutiva estrat\u00e9gica del Inces y rectora de Unearte, Alejandrina Reyes, quien se encarg\u00f3 de dar las palabras de apertura.<\/span><\/p>\n<p align=\"justify\">\n<p align=\"justify\"><span style=\"font-family: Arial,sans-serif;\"> <img loading=\"lazy\" decoding=\"async\" class=\"aligncenter wp-image-19052 size-full\" src=\"http:\/\/www.inces.gob.ve\/wp-content\/uploads\/2018\/08\/2-semana-aniversaria.jpg\" alt=\"\" width=\"800\" height=\"719\" srcset=\"https:\/\/inces.gob.ve\/wp-content\/uploads\/2018\/08\/2-semana-aniversaria.jpg 800w, https:\/\/inces.gob.ve\/wp-content\/uploads\/2018\/08\/2-semana-aniversaria-300x270.jpg 300w, https:\/\/inces.gob.ve\/wp-content\/uploads\/2018\/08\/2-semana-aniversaria-768x690.jpg 768w\" sizes=\"auto, (max-width: 800px) 100vw, 800px\" \/> <\/span><\/p>\n<p align=\"justify\"><span style=\"font-family: Arial,sans-serif;\">Para continuar con los actos solmenes, se llev\u00f3 a cabo la ofrenda floral ante el busto del maestro Luis Beltr\u00e1n Prieto Figueroa, insigne educador venezolano del siglo XX y creador del otrora Instituto Nacional de Cooperaci\u00f3n Educativa, hoy Inces.<\/span><\/p>\n<p align=\"justify\">\n<p align=\"justify\"><span style=\"font-family: Arial,sans-serif;\">Jos\u00e9 Francisco Espinoza Prieto, sobrino de Prieto Figueroa coment\u00f3: \u201cLa voz de Prieto sigue presente como el gran creador de la educaci\u00f3n en Am\u00e9rica Latina. Entendamos que la educaci\u00f3n no es solamente instruir, sino que la educaci\u00f3n es, fundamentalmente, un elemento de transformaci\u00f3n de un pa\u00eds. Cuando la educaci\u00f3n se hace junto al trabajo es la educaci\u00f3n liberadora\u201d.<\/span><\/p>\n<p align=\"justify\">\n<p align=\"justify\"><span style=\"font-family: Arial,sans-serif;\">Por su parte, Alejandrina Reyes coment\u00f3 \u201cHoy\u00a0te estamos cumpliendo maestro Prieto. En este aniversario te decimos que estamos avanzando en la formaci\u00f3n de estos nuevos profesionales y trabajadores de la patria de Bol\u00edvar, del sue\u00f1o bolivariano y de tu sue\u00f1o maestro\u201d.<\/span><\/p>\n<p align=\"justify\"><span style=\"font-family: Arial,sans-serif;\">Formaron parte del acto la banda marcial del ejercito bolivariano \u201cProfesor Jos\u00e9 \u00c1ngel Montero\u201d bajo la direcci\u00f3n del primer teniente, Eudomar Rafael Prieto, la coral del Inces y la fundaci\u00f3n \u201cLuis Beltr\u00e1n Prieto Figueroa\u201d.<\/span><\/p>\n<p align=\"justify\">\n<p align=\"justify\"><span style=\"font-family: Arial,sans-serif;\">Para finalizar la actividad se ofreci\u00f3, en el auditorio de la instituci\u00f3n, una hermosa misa a todos los presentes para bendecir y dar gracias a Dios por todos los a\u00f1os que el Inces lleva formando a los venezolanos para el trabajo.<\/span><\/p>\n<p align=\"justify\">\n<p align=\"justify\"><span style=\"font-family: Arial,sans-serif;\"><img loading=\"lazy\" decoding=\"async\" class=\"aligncenter wp-image-19051 size-full\" src=\"http:\/\/www.inces.gob.ve\/wp-content\/uploads\/2018\/08\/3semana-aniversaria.jpg\" alt=\"\" width=\"800\" height=\"692\" srcset=\"https:\/\/inces.gob.ve\/wp-content\/uploads\/2018\/08\/3semana-aniversaria.jpg 800w, https:\/\/inces.gob.ve\/wp-content\/uploads\/2018\/08\/3semana-aniversaria-300x260.jpg 300w, https:\/\/inces.gob.ve\/wp-content\/uploads\/2018\/08\/3semana-aniversaria-768x664.jpg 768w\" sizes=\"auto, (max-width: 800px) 100vw, 800px\" \/><\/span><\/p>\n","protected":false},"excerpt":{"rendered":"<p>**Con honores, ofrenda floral y misa se dio apertura a la celebraci\u00f3n del aniversario N\u00b059 del Inces<\/p>\n","protected":false},"author":15,"featured_media":19053,"comment_status":"closed","ping_status":"open","sticky":false,"template":"","format":"standard","meta":{"footnotes":""},"categories":[2],"tags":[],"class_list":["post-19050","post","type-post","status-publish","format-standard","has-post-thumbnail","hentry","category-blog"],"_links":{"self":[{"href":"https:\/\/inces.gob.ve\/index.php\/wp-json\/wp\/v2\/posts\/19050","targetHints":{"allow":["GET"]}}],"collection":[{"href":"https:\/\/inces.gob.ve\/index.php\/wp-json\/wp\/v2\/posts"}],"about":[{"href":"https:\/\/inces.gob.ve\/index.php\/wp-json\/wp\/v2\/types\/post"}],"author":[{"embeddable":true,"href":"https:\/\/inces.gob.ve\/index.php\/wp-json\/wp\/v2\/users\/15"}],"replies":[{"embeddable":true,"href":"https:\/\/inces.gob.ve\/index.php\/wp-json\/wp\/v2\/comments?post=19050"}],"version-history":[{"count":2,"href":"https:\/\/inces.gob.ve\/index.php\/wp-json\/wp\/v2\/posts\/19050\/revisions"}],"predecessor-version":[{"id":19055,"href":"https:\/\/inces.gob.ve\/index.php\/wp-json\/wp\/v2\/posts\/19050\/revisions\/19055"}],"wp:featuredmedia":[{"embeddable":true,"href":"https:\/\/inces.gob.ve\/index.php\/wp-json\/wp\/v2\/media\/19053"}],"wp:attachment":[{"href":"https:\/\/inces.gob.ve\/index.php\/wp-json\/wp\/v2\/media?parent=19050"}],"wp:term":[{"taxonomy":"category","embeddable":true,"href":"https:\/\/inces.gob.ve\/index.php\/wp-json\/wp\/v2\/categories?post=19050"},{"taxonomy":"post_tag","embeddable":true,"href":"https:\/\/inces.gob.ve\/index.php\/wp-json\/wp\/v2\/tags?post=19050"}],"curies":[{"name":"wp","href":"https:\/\/api.w.org\/{rel}","templated":true}]}}