{"id":19254,"date":"2018-08-22T13:51:04","date_gmt":"2018-08-22T19:51:04","guid":{"rendered":"http:\/\/www.inces.gob.ve\/?p=19254"},"modified":"2020-05-28T20:31:27","modified_gmt":"2020-05-29T00:31:27","slug":"somos-inces-tv-realizo-su-preestreno","status":"publish","type":"post","link":"https:\/\/inces.gob.ve\/index.php\/2018\/08\/22\/somos-inces-tv-realizo-su-preestreno\/","title":{"rendered":"Somos Inces Tv realiz\u00f3 su preestreno"},"content":{"rendered":"<p align=\"JUSTIFY\"><strong><span style=\"font-family: Arial,sans-serif;\"><i>**El espacio televisivo abordar\u00e1 la visi\u00f3n de los participantes, pensum, sus vivencias y expectativas de futuro. Mientras, el p\u00fablico descubrir\u00e1 las opciones formativas de la instituci\u00f3n <\/i><\/span><!--more--><\/strong><\/p>\n<p align=\"JUSTIFY\">\n<p align=\"JUSTIFY\"><span style=\"font-family: arial,helvetica,sans-serif;\"><strong>LUIS ANGEL | Sede<\/strong><\/span><\/p>\n<p align=\"JUSTIFY\">\n<p align=\"JUSTIFY\"><span style=\"font-family: Arial,sans-serif;\">Con motivo a la celebraci\u00f3n del 59 aniversario del Inces, se realiz\u00f3 el preestreno de la propuesta audiovisual <b>Somos Inces Tv<\/b>, seriado en coproducci\u00f3n con Pdvsa Tv que mostrar\u00e1 el abanico formativo y productivo que ofrece la instituci\u00f3n a los j\u00f3venes, mujeres y clase trabajadora en general. El lanzamiento de la primera temporada se transmitir\u00e1 por el canal petrolero. <\/span><\/p>\n<p align=\"JUSTIFY\">\n<p align=\"JUSTIFY\"><span style=\"font-family: Arial,sans-serif;\">La proyecci\u00f3n se realiz\u00f3 desde el <b>auditorio Luis Beltr\u00e1n Prieto Figueroa de la sede principal<\/b>, ubicada en la avenida Nueva Granada de Caracas. Durante la presentaci\u00f3n asistieron Wuikelman Angel presidente del Inces, Winder Rivero productor del programa, Leonardo Guilarte director; en compa\u00f1\u00eda del equipo t\u00e9cnico de producci\u00f3n del Inces y Pdvsa Tv.<\/span><\/p>\n<p align=\"JUSTIFY\">\n<p align=\"JUSTIFY\"><img loading=\"lazy\" decoding=\"async\" class=\"aligncenter wp-image-19061 size-full\" title=\"somos inces\" src=\"http:\/\/www.inces.gob.ve\/wp-content\/uploads\/2018\/08\/3-Inces-y-la-Unearte.jpg\" alt=\"somos inces\" width=\"800\" height=\"534\" srcset=\"https:\/\/inces.gob.ve\/wp-content\/uploads\/2018\/08\/3-Inces-y-la-Unearte.jpg 800w, https:\/\/inces.gob.ve\/wp-content\/uploads\/2018\/08\/3-Inces-y-la-Unearte-300x200.jpg 300w, https:\/\/inces.gob.ve\/wp-content\/uploads\/2018\/08\/3-Inces-y-la-Unearte-768x513.jpg 768w\" sizes=\"auto, (max-width: 800px) 100vw, 800px\" \/><\/p>\n<p align=\"JUSTIFY\">\n<p align=\"JUSTIFY\"><span style=\"font-family: Arial,sans-serif;\">En esta primera entrega se podr\u00e1 conocer las vivencias y expectativas de<b> la aprendiz <\/b><b>Ibaneth Ram\u00edrez<\/b>, quien junto a su grupo de clases se forma bajo el oficio de operario de confecci\u00f3n industrial, cursado en el Centro de Formaci\u00f3n Socialista Textil de Miranda, ubicado en Los Cortijos. <\/span><\/p>\n<p align=\"JUSTIFY\">\n<p align=\"JUSTIFY\"><span style=\"font-family: Arial,sans-serif;\"><b>Esfuerzo creativo para conocer el Inces<\/b><\/span><\/p>\n<p align=\"JUSTIFY\"><span style=\"font-family: Arial,sans-serif;\">Angel inform\u00f3 que ya <b>est\u00e1n grabados seis cap\u00edtulos del programa<\/b>, los cuales est\u00e1n pr\u00f3ximos a estrenarse. Adem\u00e1s, agreg\u00f3 sus felicitaciones a todos los involucrados en el proyecto, \u201ces un bonito esfuerzo de creaci\u00f3n, creatividad y sue\u00f1os; del trabajo de nuestra instituci\u00f3n que no podemos dejar pasar por debajo de la mesa, por eso les damos la primicia en el 59 aniversario del Inces\u201d, coment\u00f3. <\/span><\/p>\n<p align=\"JUSTIFY\">\n<p align=\"JUSTIFY\">\u201c<span style=\"font-family: Arial,sans-serif;\">Es un bonito formato, diferente, fresco; que habla de c\u00f3mo somos nosotros los venezolanos, que habla de las historias de los aprendices y las luchas por las que pasan en estos momentos\u201d, a\u00f1adi\u00f3 el titular de la instituci\u00f3n antes de reiterar su <b>invitaci\u00f3n a todos los presentes <\/b><b>para<\/b><b> seguir de cerca este proyecto<\/b>.<\/span><\/p>\n","protected":false},"excerpt":{"rendered":"<p>**El espacio televisivo abordar\u00e1 la visi\u00f3n de los participantes, pensum, sus vivencias y expectativas de futuro. Mientras, el p\u00fablico descubrir\u00e1 las opciones formativas de la instituci\u00f3n<\/p>\n","protected":false},"author":4,"featured_media":19255,"comment_status":"closed","ping_status":"open","sticky":false,"template":"","format":"standard","meta":{"footnotes":""},"categories":[2],"tags":[],"class_list":["post-19254","post","type-post","status-publish","format-standard","has-post-thumbnail","hentry","category-blog"],"_links":{"self":[{"href":"https:\/\/inces.gob.ve\/index.php\/wp-json\/wp\/v2\/posts\/19254","targetHints":{"allow":["GET"]}}],"collection":[{"href":"https:\/\/inces.gob.ve\/index.php\/wp-json\/wp\/v2\/posts"}],"about":[{"href":"https:\/\/inces.gob.ve\/index.php\/wp-json\/wp\/v2\/types\/post"}],"author":[{"embeddable":true,"href":"https:\/\/inces.gob.ve\/index.php\/wp-json\/wp\/v2\/users\/4"}],"replies":[{"embeddable":true,"href":"https:\/\/inces.gob.ve\/index.php\/wp-json\/wp\/v2\/comments?post=19254"}],"version-history":[{"count":1,"href":"https:\/\/inces.gob.ve\/index.php\/wp-json\/wp\/v2\/posts\/19254\/revisions"}],"predecessor-version":[{"id":19256,"href":"https:\/\/inces.gob.ve\/index.php\/wp-json\/wp\/v2\/posts\/19254\/revisions\/19256"}],"wp:featuredmedia":[{"embeddable":true,"href":"https:\/\/inces.gob.ve\/index.php\/wp-json\/wp\/v2\/media\/19255"}],"wp:attachment":[{"href":"https:\/\/inces.gob.ve\/index.php\/wp-json\/wp\/v2\/media?parent=19254"}],"wp:term":[{"taxonomy":"category","embeddable":true,"href":"https:\/\/inces.gob.ve\/index.php\/wp-json\/wp\/v2\/categories?post=19254"},{"taxonomy":"post_tag","embeddable":true,"href":"https:\/\/inces.gob.ve\/index.php\/wp-json\/wp\/v2\/tags?post=19254"}],"curies":[{"name":"wp","href":"https:\/\/api.w.org\/{rel}","templated":true}]}}