{"id":19294,"date":"2018-08-23T13:02:44","date_gmt":"2018-08-23T19:02:44","guid":{"rendered":"http:\/\/www.inces.gob.ve\/?p=19294"},"modified":"2020-05-28T20:34:46","modified_gmt":"2020-05-29T00:34:46","slug":"wuikelman-angel-en-tv-toda-la-patria-debe-ser-una-fabrica-y-una-escuela","status":"publish","type":"post","link":"https:\/\/inces.gob.ve\/index.php\/2018\/08\/23\/wuikelman-angel-en-tv-toda-la-patria-debe-ser-una-fabrica-y-una-escuela\/","title":{"rendered":"Wuikelman Angel en TV: Toda la patria debe ser una f\u00e1brica y una escuela"},"content":{"rendered":"<p align=\"justify\"><span style=\"font-family: Arial,sans-serif;\"><b>**El Inces se anota en el mensaje del primer mandatario nacional: producci\u00f3n de bienes y servicios<\/b><\/span><\/p>\n<p align=\"justify\"><!--more--><\/p>\n<p align=\"justify\"><span style=\"font-family: Arial,sans-serif;\"><b>IVALDO RODR\u00cdGUEZ | SEDE<\/b><\/span><\/p>\n<p align=\"justify\"><span style=\"font-family: Arial,sans-serif;\"><b>Fotos: Luis Angel<\/b><\/span><\/p>\n<p align=\"justify\"><span style=\"font-family: Arial,sans-serif;\">Con un agradecimiento al pueblo trabajador y sobre todo a la juventud venezolana por tener al Inces en sus corazones, inici\u00f3 el presidente del instituto, Wuikelman Angel su participaci\u00f3n en el espacio matutino de Venezolana de Televisi\u00f3n (VTV) \u201cAl Aire\u201d Programa donde fue amablemente invitado con ocasi\u00f3n de celebrarse 59 a\u00f1os de esta casa forjadora de mano dispuesta al trabajo.<\/span><\/p>\n<p align=\"justify\"><span style=\"font-family: Arial,sans-serif;\">En principio se expuso las nuevas posibilidades que abre la instituci\u00f3n con la puesta en marcha de la nueva plataforma tecnol\u00f3gica donde las entidades de trabajo que tienen obligaci\u00f3n fiscal ante el Inces tendr\u00e1n a su disposici\u00f3n el Registro Nacional de Contribuyentes Parafiscales (RNCP), lo que les permitir\u00e1 realizar sus tr\u00e1mites tributarios sin necesidad de trasladarse hasta la instituci\u00f3n. <\/span><\/p>\n<p align=\"justify\"><img loading=\"lazy\" decoding=\"async\" class=\"aligncenter wp-image-19299 size-full\" src=\"http:\/\/www.inces.gob.ve\/wp-content\/uploads\/2018\/08\/1Inces-en-sus-corazones.jpg\" alt=\"\" width=\"850\" height=\"638\" srcset=\"https:\/\/inces.gob.ve\/wp-content\/uploads\/2018\/08\/1Inces-en-sus-corazones.jpg 850w, https:\/\/inces.gob.ve\/wp-content\/uploads\/2018\/08\/1Inces-en-sus-corazones-300x225.jpg 300w, https:\/\/inces.gob.ve\/wp-content\/uploads\/2018\/08\/1Inces-en-sus-corazones-768x576.jpg 768w, https:\/\/inces.gob.ve\/wp-content\/uploads\/2018\/08\/1Inces-en-sus-corazones-136x102.jpg 136w\" sizes=\"auto, (max-width: 850px) 100vw, 850px\" \/><\/p>\n<p align=\"justify\"><span style=\"font-family: Arial,sans-serif;\">Por cierto, acot\u00f3 Angel, las entidades de trabajo cuentan con 45 d\u00edas h\u00e1biles para la actualizaci\u00f3n de sus datos para integrarse a este proceso que se caracterizar\u00e1 por ser m\u00e1s n\u00edtido, expedito, sencillo y transparente.<\/span><\/p>\n<p align=\"justify\"><span style=\"font-family: Arial,sans-serif;\">Podr\u00e1 realizarse en l\u00ednea, de manera progresiva la inscripci\u00f3n y actualizaci\u00f3n de datos del contribuyente, hacer la declaraci\u00f3n bajo fe de juramento, cancelar los pagos en l\u00ednea gracias a los acuerdos establecidos con la banca p\u00fablica y privada y obtener la solvencia Inces de manera electr\u00f3nica.<\/span><\/p>\n<p align=\"justify\"><span style=\"font-family: Arial,sans-serif;\">Pero en la misma plataforma cohabitar\u00e1 la aplicaci\u00f3n HACER (Herramientas para el Aprendizaje Creador, el Estudio y el Reconocimiento); al clicar en el bot\u00f3n \u201cEstudie en el Inces\u201d los usuarios, potenciales estudiantes de la instituci\u00f3n educativa, podr\u00e1n conocer la disponibilidad de la oferta formativa en cada centro de formaci\u00f3n Inces en toda la naci\u00f3n, e incluso, en una segunda etapa inscribirse en l\u00ednea, acreditarse y certificar sus saberes, postular los proyectos de formaci\u00f3n e imprimir su certificado digital. Todo desde el portal <a href=\"http:\/\/www.inces.gob.ve\/\">www.inces.gob.ve<\/a>.<\/span><\/p>\n<p align=\"justify\"><span style=\"font-family: Arial,sans-serif;\"><img loading=\"lazy\" decoding=\"async\" class=\"aligncenter wp-image-19297 size-full\" src=\"http:\/\/www.inces.gob.ve\/wp-content\/uploads\/2018\/08\/3Inces-en-sus-corazones.jpg\" alt=\"\" width=\"850\" height=\"638\" srcset=\"https:\/\/inces.gob.ve\/wp-content\/uploads\/2018\/08\/3Inces-en-sus-corazones.jpg 850w, https:\/\/inces.gob.ve\/wp-content\/uploads\/2018\/08\/3Inces-en-sus-corazones-300x225.jpg 300w, https:\/\/inces.gob.ve\/wp-content\/uploads\/2018\/08\/3Inces-en-sus-corazones-768x576.jpg 768w, https:\/\/inces.gob.ve\/wp-content\/uploads\/2018\/08\/3Inces-en-sus-corazones-136x102.jpg 136w\" sizes=\"auto, (max-width: 850px) 100vw, 850px\" \/><\/span><\/p>\n<p align=\"justify\"><span style=\"font-family: Arial,sans-serif;\">De igual manera se convers\u00f3 acerca de la responsabilidad que mantiene la instituci\u00f3n con la Misi\u00f3n Chamba Juvenil y el Programa Nacional de Aprendices, haciendo \u00e9nfasis en la formaci\u00f3n trazada por los 15 motores de la nueva econom\u00eda nacional.<\/span><\/p>\n<p align=\"justify\">\u201c<span style=\"font-family: Arial,sans-serif;\">El Inces est\u00e1 muy activado con los programas industriales, como toda la vida; con la agricultura urbana, el turismo, sobre todo a trav\u00e9s de la formaci\u00f3n gastron\u00f3mica en nuestros centros Wad\u00e4ka, la elaboraci\u00f3n de partes y piezas mec\u00e1nicas, equipamiento escolar y en fin\u201d.<\/span><\/p>\n<p align=\"justify\"><span style=\"font-family: Arial,sans-serif;\">Fue muy espec\u00edfico el presidente del instituto cuando aclar\u00f3 que, si bien es cierto que el Inces pone a disposici\u00f3n sus 146 centros de formaci\u00f3n en todo el pa\u00eds y sus 100 laboratorios y talleres de avanzada, tambi\u00e9n es necesario saber que el instituto se est\u00e1 integrando a las comunidades, a los barrios, \u201call\u00ed donde est\u00e1 la necesidad de formaci\u00f3n, llega el Inces con su personal y sus m\u00e9todos pr\u00e1cticos\u201d.<\/span><\/p>\n<p align=\"justify\"><span style=\"font-family: Arial,sans-serif;\">Son 59 a\u00f1os en el mundo de la formaci\u00f3n profesional para el trabajo, coment\u00f3 Angel, pero el instituto sigue siendo un centro socialista como lo concibi\u00f3 el Maestro de Am\u00e9rica, Luis Beltr\u00e1n Prieto Figueroa, un ser excepcional que supo inyectar valores, visi\u00f3n colectiva, innovaci\u00f3n, esfuerzo y por sobre todo, confianza en la juventud, tal y como lo expresara en su obra \u201cJoven Emp\u00ednate\u201d donde llama a las nuevas generaciones a que se comprometan y motiven para que levanten, que no se conformen con el fruto que ha ca\u00eddo, sino que luchen por alcanzar el que est\u00e1 entre las ramas; empinarse hacia el logro de sus objetivos, superando todos los obst\u00e1culos que se presentan en el camino, como un deber en busca de una patria mejor.<\/span><\/p>\n<p align=\"justify\"><span style=\"font-family: Arial,sans-serif;\">Finalmente se plante\u00f3 el m\u00e1s preclaro de los objetivos Inces, la direccionalidad hacia el emprendimiento, la prosecuci\u00f3n de estudios, la valoraci\u00f3n de los conocimientos adquiridos en la pr\u00e1ctica de vida y todo con el fin de producir&#8230;producir es la consigna, afirm\u00f3.<\/span><\/p>\n<p align=\"justify\"><span style=\"font-family: Arial,sans-serif;\"><img loading=\"lazy\" decoding=\"async\" class=\"aligncenter wp-image-19295 size-full\" src=\"http:\/\/www.inces.gob.ve\/wp-content\/uploads\/2018\/08\/6-AL-AIRE.jpg\" alt=\"\" width=\"850\" height=\"638\" srcset=\"https:\/\/inces.gob.ve\/wp-content\/uploads\/2018\/08\/6-AL-AIRE.jpg 850w, https:\/\/inces.gob.ve\/wp-content\/uploads\/2018\/08\/6-AL-AIRE-300x225.jpg 300w, https:\/\/inces.gob.ve\/wp-content\/uploads\/2018\/08\/6-AL-AIRE-768x576.jpg 768w, https:\/\/inces.gob.ve\/wp-content\/uploads\/2018\/08\/6-AL-AIRE-136x102.jpg 136w\" sizes=\"auto, (max-width: 850px) 100vw, 850px\" \/><\/span><\/p>\n<p align=\"justify\"><span style=\"font-family: Arial,sans-serif;\">Para cerrar compartimos el tweets que el ciudadano Presidente de la Rep\u00fablica dirigi\u00f3 a la instituci\u00f3n y que fue le\u00eddo en un instante durante el programa: \u201cFelicito a toda la familia del Inces socialista en su 59 aniversario. Instituto que ha garantizado la formaci\u00f3n t\u00e9cnica de la juventud venezolana. Con la llegada de la revoluci\u00f3n dimos un salto cualitativo en la capacitaci\u00f3n del pueblo para la construcci\u00f3n del socialismo\u201d.<br \/>\n<\/span><\/p>\n","protected":false},"excerpt":{"rendered":"<p>**El Inces se anota en el mensaje del primer mandatario nacional: producci\u00f3n de bienes y servicios<\/p>\n","protected":false},"author":15,"featured_media":19298,"comment_status":"closed","ping_status":"open","sticky":false,"template":"","format":"standard","meta":{"footnotes":""},"categories":[2],"tags":[],"class_list":["post-19294","post","type-post","status-publish","format-standard","has-post-thumbnail","hentry","category-blog"],"_links":{"self":[{"href":"https:\/\/inces.gob.ve\/index.php\/wp-json\/wp\/v2\/posts\/19294","targetHints":{"allow":["GET"]}}],"collection":[{"href":"https:\/\/inces.gob.ve\/index.php\/wp-json\/wp\/v2\/posts"}],"about":[{"href":"https:\/\/inces.gob.ve\/index.php\/wp-json\/wp\/v2\/types\/post"}],"author":[{"embeddable":true,"href":"https:\/\/inces.gob.ve\/index.php\/wp-json\/wp\/v2\/users\/15"}],"replies":[{"embeddable":true,"href":"https:\/\/inces.gob.ve\/index.php\/wp-json\/wp\/v2\/comments?post=19294"}],"version-history":[{"count":3,"href":"https:\/\/inces.gob.ve\/index.php\/wp-json\/wp\/v2\/posts\/19294\/revisions"}],"predecessor-version":[{"id":19303,"href":"https:\/\/inces.gob.ve\/index.php\/wp-json\/wp\/v2\/posts\/19294\/revisions\/19303"}],"wp:featuredmedia":[{"embeddable":true,"href":"https:\/\/inces.gob.ve\/index.php\/wp-json\/wp\/v2\/media\/19298"}],"wp:attachment":[{"href":"https:\/\/inces.gob.ve\/index.php\/wp-json\/wp\/v2\/media?parent=19294"}],"wp:term":[{"taxonomy":"category","embeddable":true,"href":"https:\/\/inces.gob.ve\/index.php\/wp-json\/wp\/v2\/categories?post=19294"},{"taxonomy":"post_tag","embeddable":true,"href":"https:\/\/inces.gob.ve\/index.php\/wp-json\/wp\/v2\/tags?post=19294"}],"curies":[{"name":"wp","href":"https:\/\/api.w.org\/{rel}","templated":true}]}}