{"id":19309,"date":"2018-08-24T10:07:44","date_gmt":"2018-08-24T16:07:44","guid":{"rendered":"http:\/\/www.inces.gob.ve\/?p=19309"},"modified":"2020-05-28T20:31:27","modified_gmt":"2020-05-29T00:31:27","slug":"en-inces-sucre-jefes-de-cfs-actualizan-saberes-y-realizan-proyectos-productivos","status":"publish","type":"post","link":"https:\/\/inces.gob.ve\/index.php\/2018\/08\/24\/en-inces-sucre-jefes-de-cfs-actualizan-saberes-y-realizan-proyectos-productivos\/","title":{"rendered":"En Inces Sucre jefes de CFS actualizan saberes y realizan proyectos productivos"},"content":{"rendered":"<p>&nbsp;<\/p>\n<p align=\"justify\"><span style=\"font-family: Arial,sans-serif;\"><b>**<i> El reto de aqu\u00ed a diciembre es levantar producci\u00f3n autosustentable a trav\u00e9s de las formaciones desde cada centro en un corto, mediano y largo plazo&#8230;<\/i><\/b><\/span><\/p>\n<p><!--more--><\/p>\n<p>&nbsp;<\/p>\n<p align=\"justify\"><span style=\"font-family: Arial,sans-serif;\"><b>MILAGROS GUERREO | Sucre<\/b><\/span><\/p>\n<p>&nbsp;<\/p>\n<p align=\"justify\"><span style=\"font-family: Arial,sans-serif;\">Cumpliendo con los lineamientos direccionados por la presidencia del Inces, en el estado Sucre los jefes de los centros de formaci\u00f3n socialista (CFS) actualizaron y ampliaron sus conocimiento en la elaboraci\u00f3n de proyectos, los cuales, marcar\u00e1n en corto, mediano y largo plazo, el rumbo a seguir en esta nueva etapa de producci\u00f3n autosustentable que el pa\u00eds demanda.<\/span><\/p>\n<p>&nbsp;<\/p>\n<p align=\"justify\"><span style=\"font-family: Arial,sans-serif;\">Durante tres d\u00edas de intenso trabajo los jefes de CFS del Eje Sucre se concentraron en la coordinaci\u00f3n del CFS Comercio para actualizar y ajustar conocimientos en tiempos de guerra econ\u00f3mica e hiperinflaci\u00f3n. Sus hom\u00f3logos del Eje Paria que abarcan las zonas Car\u00fapano, Tunapuy y G\u00fciria hicieron lo propio. Todo con el prop\u00f3sito de entregar los proyectos productivos a desarrollar a partir de este a\u00f1o.<\/span><\/p>\n<p align=\"justify\"><span style=\"font-family: Arial,sans-serif;\"><img loading=\"lazy\" decoding=\"async\" class=\"aligncenter wp-image-19311 size-full\" src=\"http:\/\/www.inces.gob.ve\/wp-content\/uploads\/2018\/08\/3proyectos-productivos.jpg\" alt=\"\" width=\"800\" height=\"416\" srcset=\"https:\/\/inces.gob.ve\/wp-content\/uploads\/2018\/08\/3proyectos-productivos.jpg 800w, https:\/\/inces.gob.ve\/wp-content\/uploads\/2018\/08\/3proyectos-productivos-300x156.jpg 300w, https:\/\/inces.gob.ve\/wp-content\/uploads\/2018\/08\/3proyectos-productivos-768x399.jpg 768w\" sizes=\"auto, (max-width: 800px) 100vw, 800px\" \/><\/span><\/p>\n<p align=\"justify\"><span style=\"font-family: Arial,sans-serif;\">Hay que destacar que cada centro tiene un \u00e1rea en espec\u00edfico a desarrollar. En ese sentido, los CFS del eje Sucre, como Comercio, ejecutar\u00e1 un proyecto productivo en funci\u00f3n de la agricultura. En Industria se atender\u00e1 lo relacionado a metalmec\u00e1nica; y en Construcci\u00f3n, se enfocar\u00e1n en la producci\u00f3n de panader\u00eda sin descuidar la parte textil.<\/span><\/p>\n<p><img loading=\"lazy\" decoding=\"async\" class=\"aligncenter wp-image-19312 size-full\" src=\"http:\/\/www.inces.gob.ve\/wp-content\/uploads\/2018\/08\/2proyectos-productivos.jpg\" alt=\"\" width=\"800\" height=\"450\" srcset=\"https:\/\/inces.gob.ve\/wp-content\/uploads\/2018\/08\/2proyectos-productivos.jpg 800w, https:\/\/inces.gob.ve\/wp-content\/uploads\/2018\/08\/2proyectos-productivos-300x169.jpg 300w, https:\/\/inces.gob.ve\/wp-content\/uploads\/2018\/08\/2proyectos-productivos-768x432.jpg 768w\" sizes=\"auto, (max-width: 800px) 100vw, 800px\" \/><\/p>\n<p align=\"justify\"><span style=\"font-family: Arial,sans-serif;\">Para la gerente regional Audin Navarro, ahora el Inces en Sucre tendr\u00e1 un sentido m\u00e1s amplio m\u00e1s all\u00e1 de la mera formaci\u00f3n. \u201cDebemos entender bien claro lo que est\u00e1 sucediendo en el pa\u00eds sometido a una guerra no convencional y que ya pas\u00f3 a la fase de terrorismo en la acci\u00f3n contra la integridad f\u00edsica del presidente Nicol\u00e1s Maduro (\u2026) Tenemos que apoyar a nuestro l\u00edder. Y el reto de aqu\u00ed a diciembre es levantar producci\u00f3n autosustentable a trav\u00e9s de las formaciones desde cada centro de formaci\u00f3n. Hacer un Inces generador de bienes y servicios para el pueblo. Hay que medir la capacidad instalada que tenemos y la disponibilidad de materia primar para producir\u201d.<\/span><\/p>\n<p>&nbsp;<\/p>\n<p align=\"justify\"><span style=\"font-family: Arial,sans-serif;\">El taller fue dictado por el mismo personal del Inces. En tal sentido, el economista Isidro Mar\u00edn dict\u00f3 el taller sobre Estructura de Proyectos, as\u00ed como de Estructura de Costos.<\/span><\/p>\n<p>&nbsp;<\/p>\n","protected":false},"excerpt":{"rendered":"<p>&nbsp; ** El reto de aqu\u00ed a diciembre es levantar producci\u00f3n autosustentable a trav\u00e9s de las formaciones desde cada centro en un corto, mediano y largo plazo&#8230;<\/p>\n","protected":false},"author":15,"featured_media":19310,"comment_status":"closed","ping_status":"open","sticky":false,"template":"","format":"standard","meta":{"footnotes":""},"categories":[2],"tags":[],"class_list":["post-19309","post","type-post","status-publish","format-standard","has-post-thumbnail","hentry","category-blog"],"_links":{"self":[{"href":"https:\/\/inces.gob.ve\/index.php\/wp-json\/wp\/v2\/posts\/19309","targetHints":{"allow":["GET"]}}],"collection":[{"href":"https:\/\/inces.gob.ve\/index.php\/wp-json\/wp\/v2\/posts"}],"about":[{"href":"https:\/\/inces.gob.ve\/index.php\/wp-json\/wp\/v2\/types\/post"}],"author":[{"embeddable":true,"href":"https:\/\/inces.gob.ve\/index.php\/wp-json\/wp\/v2\/users\/15"}],"replies":[{"embeddable":true,"href":"https:\/\/inces.gob.ve\/index.php\/wp-json\/wp\/v2\/comments?post=19309"}],"version-history":[{"count":2,"href":"https:\/\/inces.gob.ve\/index.php\/wp-json\/wp\/v2\/posts\/19309\/revisions"}],"predecessor-version":[{"id":19330,"href":"https:\/\/inces.gob.ve\/index.php\/wp-json\/wp\/v2\/posts\/19309\/revisions\/19330"}],"wp:featuredmedia":[{"embeddable":true,"href":"https:\/\/inces.gob.ve\/index.php\/wp-json\/wp\/v2\/media\/19310"}],"wp:attachment":[{"href":"https:\/\/inces.gob.ve\/index.php\/wp-json\/wp\/v2\/media?parent=19309"}],"wp:term":[{"taxonomy":"category","embeddable":true,"href":"https:\/\/inces.gob.ve\/index.php\/wp-json\/wp\/v2\/categories?post=19309"},{"taxonomy":"post_tag","embeddable":true,"href":"https:\/\/inces.gob.ve\/index.php\/wp-json\/wp\/v2\/tags?post=19309"}],"curies":[{"name":"wp","href":"https:\/\/api.w.org\/{rel}","templated":true}]}}