{"id":19332,"date":"2018-08-24T13:55:27","date_gmt":"2018-08-24T19:55:27","guid":{"rendered":"http:\/\/www.inces.gob.ve\/?p=19332"},"modified":"2020-05-28T20:31:26","modified_gmt":"2020-05-29T00:31:26","slug":"segunda-jornada-de-foros-en-el-auditorio-que-influencia-tiene-el-internet-en-nuestra-vida-profesional","status":"publish","type":"post","link":"https:\/\/inces.gob.ve\/index.php\/2018\/08\/24\/segunda-jornada-de-foros-en-el-auditorio-que-influencia-tiene-el-internet-en-nuestra-vida-profesional\/","title":{"rendered":"Segunda jornada de foros en el auditorio: \u00bfQu\u00e9 influencia tiene el Internet en nuestra vida profesional?"},"content":{"rendered":"<p align=\"justify\"><span style=\"font-family: Arial,sans-serif;\"><i><b>**El investigador Jeison Rausseo present\u00f3 una ponencia titulada Identidad real vs identidad digital<\/b><\/i><\/span><\/p>\n<p align=\"justify\">\n<!--more--><\/p>\n<p align=\"justify\">\n<p align=\"justify\"><a name=\"more-10198\"><\/a><span style=\"font-family: Arial,sans-serif;\"><b>FREDDY MARTINEZ \/ Inces cedes<\/b><\/span><\/p>\n<p align=\"justify\">\n<p align=\"justify\"><span style=\"font-family: Arial,sans-serif;\">En la segunda jornada de ponencias sobre los temas de las tecnolog\u00edas de la informaci\u00f3n y de la comunicaci\u00f3n que se realizan en el auditorio de la sede central del Inces, el investigador Jeison Rausseo present\u00f3 una ponencia titulada: Identidad real versus identidad digital, un tema que atrajo al p\u00fablico asistente dado el inter\u00e9s que tienen los ciudadanos venezolanos en los asuntos de las redes sociales.<\/span><\/p>\n<p align=\"justify\">\n<p align=\"justify\"><span style=\"font-family: Arial,sans-serif;\">El ponente asegur\u00f3 que Venezuela ha tenido un importante crecimiento en el \u00e1rea tecnol\u00f3gica en los \u00faltimos quince a\u00f1os, un fen\u00f3meno ocurrido durante el mandato del Comandante Ch\u00e1vez que no se puede negar. <\/span><\/p>\n<p align=\"justify\">\n<p align=\"justify\"><span style=\"font-family: Arial,sans-serif;\">Con la democratizaci\u00f3n del acceso a las tecnolog\u00edas comenz\u00f3 un aumento del consumo de Internet en Venezuela, pues en el pa\u00eds actualmente existe la misma cantidad de l\u00ednea telef\u00f3nica de celulares activos que habitantes en el pa\u00eds: \u201c35 millones de l\u00edneas telef\u00f3nicas, hasta el momento, hay en el pa\u00eds seg\u00fan cifras de Conatel, de los cuales 18 millones est\u00e1n activos en telefon\u00eda celular\u201d. <\/span><\/p>\n<p align=\"justify\">\n<p align=\"justify\"><span style=\"font-family: Arial,sans-serif;\"><img loading=\"lazy\" decoding=\"async\" class=\"aligncenter wp-image-19333 size-full\" src=\"http:\/\/www.inces.gob.ve\/wp-content\/uploads\/2018\/08\/4-jornada-de-foros.jpg\" alt=\"\" width=\"800\" height=\"534\" srcset=\"https:\/\/inces.gob.ve\/wp-content\/uploads\/2018\/08\/4-jornada-de-foros.jpg 800w, https:\/\/inces.gob.ve\/wp-content\/uploads\/2018\/08\/4-jornada-de-foros-300x200.jpg 300w, https:\/\/inces.gob.ve\/wp-content\/uploads\/2018\/08\/4-jornada-de-foros-768x513.jpg 768w\" sizes=\"auto, (max-width: 800px) 100vw, 800px\" \/><\/span><\/p>\n<p align=\"justify\">\n<p align=\"justify\"><span style=\"font-family: Arial,sans-serif;\">Este hecho ha generado que en nuestro pa\u00eds aumente el uso de las tecnolog\u00edas a la par de los pa\u00edses del autodenominados \u201cprimer mundo\u201d; \u201cese uso que hemos tenido los venezolanos nos ha llevado a estar en los primeros lugares de consumo de tecnolog\u00edas en el mundo, sobre todo en el \u00e1rea de redes sociales\u201d. <\/span><\/p>\n<p align=\"justify\">\n<p align=\"justify\">\u201c<span style=\"font-family: Arial,sans-serif;\">En Venezuela actualmente, seg\u00fan cifras del \u00faltimo Monitor Pa\u00eds de Hinterlaces, habla de que el 90% de los venezolanos tienen un correo electr\u00f3nico, el 73% tienen una cuenta Facebook, m\u00e1s del 40% posee Instagram y un poco m\u00e1s del 35% de los venezolanos tienen acceso a Twitter\u201d. <\/span><\/p>\n<p align=\"justify\">\n<p align=\"justify\"><span style=\"font-family: Arial,sans-serif;\">Esta variable ha hecho que el uso de las tecnolog\u00edas se haya diversificado tanto que, incluso, ha impactado sobre la vida diaria y cotidiana. Por ello ha comenzado a generarse en el pa\u00eds una nueva \u00e1rea en la investigaci\u00f3n que es el tema de la identidad digital, algo que algunos a\u00f1os atr\u00e1s era sencillo manejarlo porque cualquier persona creaba una cuenta Messenger en cualquier sala de chat, (de mucho uso en los a\u00f1os noventa) usando una identidad falsa sin que esto significase un problema mayor para quien usaba esa falsa identidad. <\/span><\/p>\n<p align=\"justify\">\n<p align=\"justify\"><span style=\"font-family: Arial,sans-serif;\">Actualmente el tema de la identidad es tan complejo, que ya no sabemos de qu\u00e9 manera nuestra identidad digital y nuestra identidad real est\u00e9 unida y de cu\u00e1l dependemos realmente. Por ello estoy confrontando la identidad real con la realidad virtual. \u00bfQu\u00e9 influencia tiene el Internet en nuestra vida profesional? <\/span><\/p>\n<p align=\"justify\">\n<p align=\"justify\"><span style=\"font-family: Arial,sans-serif;\">Rausseo manifiesta que es mucha la influencia que tiene el Internet en nuestra vida profesional, aunque aplica para todos los aspectos y condici\u00f3n de cualquier ciudadano, empresas o instituciones. \u201cLa identidad digital es sencillamente toda la informaci\u00f3n que conseguimos en Internet sobre nosotros; simplemente con activar cualquier motor de b\u00fasqueda se llega a cualquier la identidad de cualquier persona\u201d. <\/span><\/p>\n<p align=\"justify\">\n<p align=\"justify\"><img loading=\"lazy\" decoding=\"async\" class=\"aligncenter wp-image-19334 size-full\" src=\"http:\/\/www.inces.gob.ve\/wp-content\/uploads\/2018\/08\/2-jornada-de-foros.jpg\" alt=\"\" width=\"800\" height=\"538\" srcset=\"https:\/\/inces.gob.ve\/wp-content\/uploads\/2018\/08\/2-jornada-de-foros.jpg 800w, https:\/\/inces.gob.ve\/wp-content\/uploads\/2018\/08\/2-jornada-de-foros-300x202.jpg 300w, https:\/\/inces.gob.ve\/wp-content\/uploads\/2018\/08\/2-jornada-de-foros-768x516.jpg 768w\" sizes=\"auto, (max-width: 800px) 100vw, 800px\" \/>\n<\/p>\n<p align=\"justify\"><span style=\"font-family: Arial,sans-serif;\">El investigador digital asegura que, aunque no lo creamos, los motores de b\u00fasqueda se han convertido en el principal aliado de las relaciones humanas, pues \u00bfqu\u00e9 se hace ahora desde una oficina de recursos humanos, por ejemplo, se googlea a esa persona de la que queremos tener informaci\u00f3n. Esto ofrece una idea de qui\u00e9n es o qu\u00e9 piensa esa persona, y sobre todo, si tiene el perfil profesional requerido. <\/span><\/p>\n<p align=\"justify\">\n<p align=\"justify\"><span style=\"font-family: Arial,sans-serif;\">Googlear a una persona es tan usado actualmente que, incluso, cuando alguien va a salir con una persona en plan amoroso, antes del encuentro, el mejor aliado para saber qui\u00e9n es esa persona son las redes sociales. La identidad digital nos la creamos nosotros con todo lo que publicamos en las redes sociales. <\/span><\/p>\n","protected":false},"excerpt":{"rendered":"<p>**El investigador Jeison Rausseo present\u00f3 una ponencia titulada Identidad real vs identidad digital<\/p>\n","protected":false},"author":15,"featured_media":19335,"comment_status":"closed","ping_status":"open","sticky":false,"template":"","format":"standard","meta":{"footnotes":""},"categories":[2],"tags":[],"class_list":["post-19332","post","type-post","status-publish","format-standard","has-post-thumbnail","hentry","category-blog"],"_links":{"self":[{"href":"https:\/\/inces.gob.ve\/index.php\/wp-json\/wp\/v2\/posts\/19332","targetHints":{"allow":["GET"]}}],"collection":[{"href":"https:\/\/inces.gob.ve\/index.php\/wp-json\/wp\/v2\/posts"}],"about":[{"href":"https:\/\/inces.gob.ve\/index.php\/wp-json\/wp\/v2\/types\/post"}],"author":[{"embeddable":true,"href":"https:\/\/inces.gob.ve\/index.php\/wp-json\/wp\/v2\/users\/15"}],"replies":[{"embeddable":true,"href":"https:\/\/inces.gob.ve\/index.php\/wp-json\/wp\/v2\/comments?post=19332"}],"version-history":[{"count":1,"href":"https:\/\/inces.gob.ve\/index.php\/wp-json\/wp\/v2\/posts\/19332\/revisions"}],"predecessor-version":[{"id":19336,"href":"https:\/\/inces.gob.ve\/index.php\/wp-json\/wp\/v2\/posts\/19332\/revisions\/19336"}],"wp:featuredmedia":[{"embeddable":true,"href":"https:\/\/inces.gob.ve\/index.php\/wp-json\/wp\/v2\/media\/19335"}],"wp:attachment":[{"href":"https:\/\/inces.gob.ve\/index.php\/wp-json\/wp\/v2\/media?parent=19332"}],"wp:term":[{"taxonomy":"category","embeddable":true,"href":"https:\/\/inces.gob.ve\/index.php\/wp-json\/wp\/v2\/categories?post=19332"},{"taxonomy":"post_tag","embeddable":true,"href":"https:\/\/inces.gob.ve\/index.php\/wp-json\/wp\/v2\/tags?post=19332"}],"curies":[{"name":"wp","href":"https:\/\/api.w.org\/{rel}","templated":true}]}}