{"id":19370,"date":"2018-08-27T13:12:40","date_gmt":"2018-08-27T19:12:40","guid":{"rendered":"http:\/\/www.inces.gob.ve\/?p=19370"},"modified":"2020-05-28T20:31:26","modified_gmt":"2020-05-29T00:31:26","slug":"inicio-plan-de-recuperacion-de-lineas-telefonicas-y-sistema-de-red-interna-en-el-cfs-metalminero-maracay","status":"publish","type":"post","link":"https:\/\/inces.gob.ve\/index.php\/2018\/08\/27\/inicio-plan-de-recuperacion-de-lineas-telefonicas-y-sistema-de-red-interna-en-el-cfs-metalminero-maracay\/","title":{"rendered":"Inici\u00f3 plan de recuperaci\u00f3n de l\u00edneas telef\u00f3nicas y sistema de red interna en el CFS Metalminero Maracay"},"content":{"rendered":"<p align=\"justify\"><i><b>** El Inces trabaja en brindarle a la clase obrera y al poder popular espacios aptos para su desarrollo laboral y formaci\u00f3n profesional<\/b><\/i><\/p>\n<p align=\"justify\"><!--more--><\/p>\n<p align=\"justify\"><b>DAYANA ALBARR\u00c1N | Aragua <\/b><\/p>\n<p align=\"justify\">\n<p align=\"justify\">En concordancia con la empresa estadal de telecomunicaciones, Cantv, y el apoyo de los trabajadores del \u00e1rea de inform\u00e1tica e infraestructura del Inces regional Aragua, se dio inicio al plan de recuperaci\u00f3n del sistema telef\u00f3nico, internet y cableado estructurado del centro de formaci\u00f3n socialista (CFS) Metalminero Maracay, ubicado en el estado Aragua.<\/p>\n<p align=\"justify\">\n<p align=\"justify\">\u201cHasta los momentos se han recuperado tres l\u00edneas telef\u00f3nicas y se est\u00e1 en el proceso de reestructuraci\u00f3n de la red interna para el sistema de internet, impresiones, conexiones internas, entre otras. Esto gracias al apoyo de la Divisi\u00f3n de Inform\u00e1tica e Infraestructura de la Gerencia Regional Aragua. Tambi\u00e9n se establecieron conversaciones con Cantv, para la reactivaci\u00f3n del sistema de Internet de todo el CFS\u201d, palabras de Clara Camacho, jefa del Programa Nacional de Aprendizaje (PNA).<\/p>\n<p align=\"justify\">\n<p align=\"justify\"><img loading=\"lazy\" decoding=\"async\" class=\"aligncenter wp-image-19371 size-medium\" src=\"http:\/\/www.inces.gob.ve\/wp-content\/uploads\/2018\/08\/2-l\u00edneas-telef\u00f3nicas--242x300.jpg\" alt=\"\" width=\"242\" height=\"300\" srcset=\"https:\/\/inces.gob.ve\/wp-content\/uploads\/2018\/08\/2-l\u00edneas-telef\u00f3nicas--242x300.jpg 242w, https:\/\/inces.gob.ve\/wp-content\/uploads\/2018\/08\/2-l\u00edneas-telef\u00f3nicas-.jpg 500w\" sizes=\"auto, (max-width: 242px) 100vw, 242px\" \/><br \/>\nEsta jornada de rehabilitaci\u00f3n, est\u00e1 enmarcada dentro del Plan de Recuperaci\u00f3n de los CFS; donde, en conjunto con los trabajadores y trabajadoras, maestros y promotores t\u00e9cnicos productivos, participantes, aprendices, comunidad, entre otros, se est\u00e1n realizando jornadas para la adecuaci\u00f3n de los espacios Inces, y as\u00ed poder brindarle a los usuarios y clase obrera, espacios aptos y dignos para la formaci\u00f3n profesional y el desarrollo laboral de todos y todas los que all\u00ed hacen vida.<\/p>\n","protected":false},"excerpt":{"rendered":"<p>** El Inces trabaja en brindarle a la clase obrera y al poder popular espacios aptos para su desarrollo laboral y formaci\u00f3n profesional<\/p>\n","protected":false},"author":15,"featured_media":19372,"comment_status":"closed","ping_status":"open","sticky":false,"template":"","format":"standard","meta":{"footnotes":""},"categories":[2],"tags":[],"class_list":["post-19370","post","type-post","status-publish","format-standard","has-post-thumbnail","hentry","category-blog"],"_links":{"self":[{"href":"https:\/\/inces.gob.ve\/index.php\/wp-json\/wp\/v2\/posts\/19370","targetHints":{"allow":["GET"]}}],"collection":[{"href":"https:\/\/inces.gob.ve\/index.php\/wp-json\/wp\/v2\/posts"}],"about":[{"href":"https:\/\/inces.gob.ve\/index.php\/wp-json\/wp\/v2\/types\/post"}],"author":[{"embeddable":true,"href":"https:\/\/inces.gob.ve\/index.php\/wp-json\/wp\/v2\/users\/15"}],"replies":[{"embeddable":true,"href":"https:\/\/inces.gob.ve\/index.php\/wp-json\/wp\/v2\/comments?post=19370"}],"version-history":[{"count":3,"href":"https:\/\/inces.gob.ve\/index.php\/wp-json\/wp\/v2\/posts\/19370\/revisions"}],"predecessor-version":[{"id":19375,"href":"https:\/\/inces.gob.ve\/index.php\/wp-json\/wp\/v2\/posts\/19370\/revisions\/19375"}],"wp:featuredmedia":[{"embeddable":true,"href":"https:\/\/inces.gob.ve\/index.php\/wp-json\/wp\/v2\/media\/19372"}],"wp:attachment":[{"href":"https:\/\/inces.gob.ve\/index.php\/wp-json\/wp\/v2\/media?parent=19370"}],"wp:term":[{"taxonomy":"category","embeddable":true,"href":"https:\/\/inces.gob.ve\/index.php\/wp-json\/wp\/v2\/categories?post=19370"},{"taxonomy":"post_tag","embeddable":true,"href":"https:\/\/inces.gob.ve\/index.php\/wp-json\/wp\/v2\/tags?post=19370"}],"curies":[{"name":"wp","href":"https:\/\/api.w.org\/{rel}","templated":true}]}}