{"id":19399,"date":"2018-08-28T10:27:23","date_gmt":"2018-08-28T16:27:23","guid":{"rendered":"http:\/\/www.inces.gob.ve\/?p=19399"},"modified":"2020-05-28T20:31:26","modified_gmt":"2020-05-29T00:31:26","slug":"inces-tachira-celebra-sus-59-anos-innovando-para-el-pueblo","status":"publish","type":"post","link":"https:\/\/inces.gob.ve\/index.php\/2018\/08\/28\/inces-tachira-celebra-sus-59-anos-innovando-para-el-pueblo\/","title":{"rendered":"Inces T\u00e1chira celebra sus 59 a\u00f1os innovando para el pueblo"},"content":{"rendered":"<p class=\"western\" align=\"justify\"><span style=\"font-family: Arial,serif;\"><span style=\"font-size: medium;\"><span lang=\"es-ES\"><i><b>**La instituci\u00f3n genera nuevas herramientas tecnol\u00f3gicas que benefician a los tachirenses<\/b><\/i><\/span><\/span><\/span><\/p>\n<p class=\"western\" align=\"justify\"><!--more--><\/p>\n<p align=\"justify\">\n<p class=\"western\" align=\"justify\"><span style=\"font-family: Arial,serif;\"><span style=\"font-size: medium;\"><span lang=\"es-ES\"><b>PRENSA INCES | T\u00e1chira <\/b><\/span><\/span><\/span><\/p>\n<p class=\"western\" align=\"justify\">\n<p class=\"western\" align=\"justify\"><span style=\"font-family: Arial,serif;\"><span style=\"font-size: medium;\"><span lang=\"es-ES\">Con motivo de la celebraci\u00f3n del 59 aniversario del Inces, desde la gerencia regional de T\u00e1chira se inform\u00f3 sobre la nueva p\u00e1gina web y su herramienta tecnol\u00f3gica: la plataforma HACER (Herramienta para el Aprendizaje Colectivo, Estudio y Reconocimiento). A trav\u00e9s de estas innovaciones los usuarios podr\u00e1n cancelar v\u00eda online los tributos, solvencias y a su vez conocer las nuevas ofertas formativas.<\/span><\/span><\/span><\/p>\n<p class=\"western\" align=\"justify\">\n<p class=\"western\" align=\"justify\"><span style=\"font-family: Arial,serif;\"><span style=\"font-size: medium;\"><span lang=\"es-ES\">Geovanni Gonz\u00e1lez, gerente regional de la instituci\u00f3n, inform\u00f3 que esta plataforma permite registrar a los participantes, realizar el pago de tributos, solvencias de entidades de trabajo p\u00fablicas y privadas; conocer las nuevas ofertas formativas y la impresi\u00f3n de los certificados. \u201cEsta iniciativa es completamente automatizada, permitiendo conocer los 149 centros de formaci\u00f3n socialista que tenemos a lo largo del territorio nacional, cada uno con sus blog y las oportunidades de estudio que ofrece el Inces\u201d, agreg\u00f3.<\/span><\/span><\/span><\/p>\n<p class=\"western\" align=\"justify\">\n<img loading=\"lazy\" decoding=\"async\" class=\"aligncenter wp-image-19401 size-full\" src=\"http:\/\/www.inces.gob.ve\/wp-content\/uploads\/2018\/08\/1-59-a\u00f1os-innovando.jpg\" alt=\"\" width=\"800\" height=\"780\" srcset=\"https:\/\/inces.gob.ve\/wp-content\/uploads\/2018\/08\/1-59-a\u00f1os-innovando.jpg 800w, https:\/\/inces.gob.ve\/wp-content\/uploads\/2018\/08\/1-59-a\u00f1os-innovando-300x293.jpg 300w, https:\/\/inces.gob.ve\/wp-content\/uploads\/2018\/08\/1-59-a\u00f1os-innovando-768x749.jpg 768w, https:\/\/inces.gob.ve\/wp-content\/uploads\/2018\/08\/1-59-a\u00f1os-innovando-45x45.jpg 45w\" sizes=\"auto, (max-width: 800px) 100vw, 800px\" \/><\/p>\n<p class=\"western\" align=\"justify\"><span style=\"font-family: Arial,serif;\"><span style=\"font-size: medium;\"><span lang=\"es-ES\">La regi\u00f3n andina cuenta con siete centros de formaci\u00f3n socialista, los cuales se aprecian en la pagina web. Adem\u00e1s, se puede observar en que comunidades esta el Inces ejerciendo formaciones productivas. <\/span><\/span><\/span><\/p>\n<p class=\"western\" align=\"justify\">\n<p class=\"western\" align=\"justify\">\u201c<span style=\"font-family: Arial,serif;\"><span style=\"font-size: medium;\"><span lang=\"es-ES\">Esta plataforma le permite al instructor, profesional, al maestro que sabe un oficio, formar parte de la instituci\u00f3n como formador productivo del Inces; la participaci\u00f3n y programaci\u00f3n de estudios se puede realizar por la p\u00e1gina, la obtenci\u00f3n de los certificados, como dice nuestro presidente Wilkelman Angel Paredes, el cual es un avance significativo para el Inces\u201d, acot\u00f3 Gonz\u00e1lez.<\/span><\/span><\/span><\/p>\n<p class=\"western\" align=\"justify\">\n<p class=\"western\" align=\"justify\"><span style=\"font-family: Arial,serif;\"><span style=\"font-size: medium;\"><span lang=\"es-ES\"><b>Formaci\u00f3n productiva<\/b><\/span><\/span><\/span><\/p>\n<p class=\"western\" align=\"justify\">\n<p class=\"western\" align=\"justify\"><span style=\"font-family: Arial,serif;\"><span style=\"font-size: medium;\"><span lang=\"es-ES\">De igual manera, el titular del Inces en la regi\u00f3n dijo que los centros de formaci\u00f3n socialistas no basar\u00e1n sus formaci\u00f3n solo en lo educativo, sino tambi\u00e9n en lo productivo, mediante proyectos de producci\u00f3n socialista que le permita a las comunidades organizadas formar empresas de producci\u00f3n social y unidades de producci\u00f3n familiar. \u201cLos proyectos productivos permiten contrarrestar la guerra inducida por factores que no son afectos al gobierno\u201d, coment\u00f3.<\/span><\/span><\/span><\/p>\n<p class=\"western\" align=\"justify\">\n<p class=\"western\" align=\"justify\"><span style=\"font-family: Arial,serif;\"><span style=\"font-size: medium;\"><span lang=\"es-ES\"><b>L.A<\/b><\/span><\/span><\/span><\/p>\n","protected":false},"excerpt":{"rendered":"<p>**La instituci\u00f3n genera nuevas herramientas tecnol\u00f3gicas que benefician a los tachirenses<\/p>\n","protected":false},"author":15,"featured_media":19400,"comment_status":"closed","ping_status":"open","sticky":false,"template":"","format":"standard","meta":{"footnotes":""},"categories":[2],"tags":[],"class_list":["post-19399","post","type-post","status-publish","format-standard","has-post-thumbnail","hentry","category-blog"],"_links":{"self":[{"href":"https:\/\/inces.gob.ve\/index.php\/wp-json\/wp\/v2\/posts\/19399","targetHints":{"allow":["GET"]}}],"collection":[{"href":"https:\/\/inces.gob.ve\/index.php\/wp-json\/wp\/v2\/posts"}],"about":[{"href":"https:\/\/inces.gob.ve\/index.php\/wp-json\/wp\/v2\/types\/post"}],"author":[{"embeddable":true,"href":"https:\/\/inces.gob.ve\/index.php\/wp-json\/wp\/v2\/users\/15"}],"replies":[{"embeddable":true,"href":"https:\/\/inces.gob.ve\/index.php\/wp-json\/wp\/v2\/comments?post=19399"}],"version-history":[{"count":1,"href":"https:\/\/inces.gob.ve\/index.php\/wp-json\/wp\/v2\/posts\/19399\/revisions"}],"predecessor-version":[{"id":19402,"href":"https:\/\/inces.gob.ve\/index.php\/wp-json\/wp\/v2\/posts\/19399\/revisions\/19402"}],"wp:featuredmedia":[{"embeddable":true,"href":"https:\/\/inces.gob.ve\/index.php\/wp-json\/wp\/v2\/media\/19400"}],"wp:attachment":[{"href":"https:\/\/inces.gob.ve\/index.php\/wp-json\/wp\/v2\/media?parent=19399"}],"wp:term":[{"taxonomy":"category","embeddable":true,"href":"https:\/\/inces.gob.ve\/index.php\/wp-json\/wp\/v2\/categories?post=19399"},{"taxonomy":"post_tag","embeddable":true,"href":"https:\/\/inces.gob.ve\/index.php\/wp-json\/wp\/v2\/tags?post=19399"}],"curies":[{"name":"wp","href":"https:\/\/api.w.org\/{rel}","templated":true}]}}