{"id":19474,"date":"2018-08-29T14:16:36","date_gmt":"2018-08-29T20:16:36","guid":{"rendered":"http:\/\/www.inces.gob.ve\/?p=19474"},"modified":"2020-05-28T20:34:40","modified_gmt":"2020-05-29T00:34:40","slug":"trabajadores-del-inces-vargas-reciben-formacion-en-higiene-y-manipulacion-de-alimentos","status":"publish","type":"post","link":"https:\/\/inces.gob.ve\/index.php\/2018\/08\/29\/trabajadores-del-inces-vargas-reciben-formacion-en-higiene-y-manipulacion-de-alimentos\/","title":{"rendered":"Trabajadores del Inces Vargas reciben formaci\u00f3n en Higiene y Manipulaci\u00f3n de Alimentos"},"content":{"rendered":"<p align=\"justify\"><span style=\"font-family: Arial,sans-serif;\"><b><i>**La actividad destac\u00f3 la importancia del aseo en la preparaci\u00f3n de los alimentos<\/i> <\/b><\/span><\/p>\n<p align=\"justify\">\n<p align=\"justify\"><!--more--><\/p>\n<p align=\"justify\"><span style=\"font-family: Arial,sans-serif;\"><b>ZUVALQUI DUARTE \/ Vargas<\/b><\/span><\/p>\n<p align=\"justify\">\n<p align=\"justify\"><span style=\"font-family: Arial,sans-serif;\">Trabajadoras y trabajadores de Vargas recibieron taller para el tratamiento adecuado de c\u00e1rnicos, legumbres, verduras y frutas, las bacterias que afectan a estos y las enfermedades que por diversas razones en el manejo inadecuado afectan al ser humano.<\/span><\/p>\n<p align=\"justify\">\n<p align=\"justify\"><span style=\"font-family: Arial,sans-serif;\">El maestro t\u00e9cnico productivo (MTP), Germ\u00e1n S\u00e1nchez, fue el encargado de desarrollar la actividad en los espacios del <b>centro de formaci\u00f3n socialista Huayra,<\/b> ante lo cual mencion\u00f3 su satisfacci\u00f3n con la asistencia y el inter\u00e9s mostrado por los trabajadores, asumiendo el compromiso en dictar otros talleres que beneficien al colectivo.<\/span><\/p>\n<p align=\"justify\">\n<p align=\"justify\"><span style=\"font-family: Arial,sans-serif;\">Posterior a la actividad, S\u00e1nchez y la trabajadora Mariana Hern\u00e1ndez <b>comparti<\/b><b>eron saberes<\/b><b> con la preparaci\u00f3n de <\/b><b>unas exquisitas<\/b><b> <\/b><b>c<\/b><b>atalinas, <\/b><b>receta de la cocina criolla venezolana.<\/b> Esto permiti\u00f3 ampliar conocimientos y de forma amena degustar la preparaci\u00f3n.<\/span><\/p>\n<p align=\"justify\">\n<p align=\"justify\"><span style=\"font-family: Arial,sans-serif;\">Los trabajadores en general reconocieron la importancia de estos talleres y la necesidad que estos encuentros se realicen con mas frecuencia, con formaciones que ayuden y brinden herramientas para la innovaci\u00f3n, inventiva y creaci\u00f3n culinaria.<\/span><\/p>\n","protected":false},"excerpt":{"rendered":"<p>**La actividad destac\u00f3 la importancia del aseo en la preparaci\u00f3n de los alimentos<\/p>\n","protected":false},"author":15,"featured_media":19475,"comment_status":"closed","ping_status":"closed","sticky":false,"template":"","format":"standard","meta":{"footnotes":""},"categories":[2],"tags":[],"class_list":["post-19474","post","type-post","status-publish","format-standard","has-post-thumbnail","hentry","category-blog"],"_links":{"self":[{"href":"https:\/\/inces.gob.ve\/index.php\/wp-json\/wp\/v2\/posts\/19474","targetHints":{"allow":["GET"]}}],"collection":[{"href":"https:\/\/inces.gob.ve\/index.php\/wp-json\/wp\/v2\/posts"}],"about":[{"href":"https:\/\/inces.gob.ve\/index.php\/wp-json\/wp\/v2\/types\/post"}],"author":[{"embeddable":true,"href":"https:\/\/inces.gob.ve\/index.php\/wp-json\/wp\/v2\/users\/15"}],"replies":[{"embeddable":true,"href":"https:\/\/inces.gob.ve\/index.php\/wp-json\/wp\/v2\/comments?post=19474"}],"version-history":[{"count":3,"href":"https:\/\/inces.gob.ve\/index.php\/wp-json\/wp\/v2\/posts\/19474\/revisions"}],"predecessor-version":[{"id":19477,"href":"https:\/\/inces.gob.ve\/index.php\/wp-json\/wp\/v2\/posts\/19474\/revisions\/19477"}],"wp:featuredmedia":[{"embeddable":true,"href":"https:\/\/inces.gob.ve\/index.php\/wp-json\/wp\/v2\/media\/19475"}],"wp:attachment":[{"href":"https:\/\/inces.gob.ve\/index.php\/wp-json\/wp\/v2\/media?parent=19474"}],"wp:term":[{"taxonomy":"category","embeddable":true,"href":"https:\/\/inces.gob.ve\/index.php\/wp-json\/wp\/v2\/categories?post=19474"},{"taxonomy":"post_tag","embeddable":true,"href":"https:\/\/inces.gob.ve\/index.php\/wp-json\/wp\/v2\/tags?post=19474"}],"curies":[{"name":"wp","href":"https:\/\/api.w.org\/{rel}","templated":true}]}}