{"id":19479,"date":"2018-08-30T10:50:30","date_gmt":"2018-08-30T16:50:30","guid":{"rendered":"http:\/\/www.inces.gob.ve\/?p=19479"},"modified":"2020-05-28T20:31:25","modified_gmt":"2020-05-29T00:31:25","slug":"barrio-bruzual-y-el-inces-desarrollan-proyecto-agroecologico-cultural-y-deportivo","status":"publish","type":"post","link":"https:\/\/inces.gob.ve\/index.php\/2018\/08\/30\/barrio-bruzual-y-el-inces-desarrollan-proyecto-agroecologico-cultural-y-deportivo\/","title":{"rendered":"Barrio Bruzual y el Inces desarrollan proyecto agroecol\u00f3gico, cultural y  deportivo"},"content":{"rendered":"<p align=\"justify\">\n<p align=\"justify\"><span style=\"font-family: Liberation Serif;\"><span style=\"font-size: medium;\"><i>** La comunidad de los sectores el Topito, la Cancha y el Inces promueven proyecto agroecol\u00f3gico,<\/i><\/span><\/span><\/p>\n<p align=\"justify\"><span style=\"font-family: Liberation Serif;\"><span style=\"font-size: medium;\"><i>cultural y deportivo en la parte alta del barrio Bruzual, parroquia El Valle<\/i><\/span><\/span><!--more--><\/p>\n<p align=\"justify\">\n<p align=\"justify\"><span style=\"font-family: Liberation Serif;\"><span style=\"font-size: medium;\"><b>GENAIL SALINAS | Sede<\/b><\/span><\/span><\/p>\n<p align=\"justify\"><span style=\"font-family: Liberation Serif;\"><span style=\"font-size: medium;\">Como un proyecto de gran envergadura se lleva a cabo la propuesta de creaci\u00f3n y puesta en marcha de la galer\u00eda fotogr\u00e1fica comunitaria \u201cPor Aqu\u00ed Pas\u00f3 el Comandante Supremo Hugo Ch\u00e1vez\u201d y la primera Escuela Agroecol\u00f3gica del Inces \u201cEl Conuco Hugo Ch\u00e1vez 2002\u201d.<\/span><\/span><\/p>\n<p align=\"justify\">\n<p align=\"justify\"><span style=\"font-family: Liberation Serif;\"><span style=\"font-size: medium;\">Conscientes y dispuestos de la necesidad de crear espacios de producci\u00f3n que garanticen la siembra, venta y distribuci\u00f3n de diferentes rubros alimenticios de ciclos cortos, la comunidad organizada, mediante la figura del consejo comunal \u201cLuchadores del Topito\u201d y el equipo humano de la Gerencia General de Cultura, Deporte, Recreaci\u00f3n y Participaci\u00f3n Comunal del Inces unen esfuerzos para el rescate de un terreno bald\u00edo de aproximadamente 20 mil metros cuadrados, ubicado en la parte alta del barrio Bruzual. <\/span><\/span><\/p>\n<p align=\"justify\">\n<p align=\"justify\"><span style=\"font-family: Liberation Serif;\"><span style=\"font-size: medium;\">Javier N\u00fa\u00f1ez, representante del consejo comunal Luchadores del Topito, indic\u00f3 que \u201cla comunidad de los sectores El Topito y La Cancha son testigos silentes del paso firme, innovador, motivador del Comandante Supremo Hugo Ch\u00e1vez, el 19 de Junio de 2002, atendiendo y escuchando durante su recorrido cada una de las necesidades y propuestas que el pueblo le demandaba\u201d.<\/span><\/span><\/p>\n<p align=\"justify\">\n<p align=\"justify\"><img loading=\"lazy\" decoding=\"async\" class=\"aligncenter wp-image-19480 size-large\" src=\"http:\/\/www.inces.gob.ve\/wp-content\/uploads\/2018\/08\/Equipo-de-Promotores-Socioculturales-1024x616.jpg\" alt=\"\" width=\"640\" height=\"385\" srcset=\"https:\/\/inces.gob.ve\/wp-content\/uploads\/2018\/08\/Equipo-de-Promotores-Socioculturales-1024x616.jpg 1024w, https:\/\/inces.gob.ve\/wp-content\/uploads\/2018\/08\/Equipo-de-Promotores-Socioculturales-300x180.jpg 300w, https:\/\/inces.gob.ve\/wp-content\/uploads\/2018\/08\/Equipo-de-Promotores-Socioculturales-768x462.jpg 768w, https:\/\/inces.gob.ve\/wp-content\/uploads\/2018\/08\/Equipo-de-Promotores-Socioculturales.jpg 2048w\" sizes=\"auto, (max-width: 640px) 100vw, 640px\" \/><\/p>\n<p align=\"justify\">\n<p align=\"justify\"><span style=\"font-family: Liberation Serif;\"><span style=\"font-size: medium;\">N\u00fa\u00f1ez asegur\u00f3 que Ch\u00e1vez a su paso fue dejando una estela de esperanzas, sue\u00f1os, tareas y el compromiso de crecer y contribuir en la construcci\u00f3n del socialismo, de la Patria libre, soberana e independiente, de un nuevo modelo de producci\u00f3n y de atenci\u00f3n al m\u00e1s necesitado.<\/span><\/span><\/p>\n<p align=\"justify\">\n<p align=\"justify\"><span style=\"font-family: Liberation Serif;\"><span style=\"font-size: medium;\">Por su parte Gaspar Blanco, Gerente General de Cultura, Deporte, Recreaci\u00f3n y Participaci\u00f3n Comunal del Inces, expres\u00f3 que \u201cen esa oportunidad (2002) es cuando se habl\u00f3 por primera vez de la agricultura urbana y de la transformaci\u00f3n integral de los barrios\u201d.<\/span><\/span><\/p>\n<p align=\"justify\">\n<p align=\"justify\"><span style=\"font-family: Liberation Serif;\"><span style=\"font-size: medium;\">En tal sentido, el <\/span><span style=\"font-size: medium;\">p<\/span><span style=\"font-size: medium;\">residente del Inces, Wuikelman Angel Paredes, en su gesti\u00f3n de <\/span>\u201c<span style=\"font-size: medium;\">Formar Produciendo &#8211; Producir Formando\u201d , enmarcado en la nueva institucionalidad y en el programa, el Inces va a las comunidades, aprueba el proyecto de la <\/span><span style=\"font-size: medium;\">g<\/span><span style=\"font-size: medium;\">aler\u00eda <\/span><span style=\"font-size: medium;\">f<\/span><span style=\"font-size: medium;\">otogr\u00e1fica <\/span><span style=\"font-size: medium;\">c<\/span><span style=\"font-size: medium;\">omunitaria <\/span>\u201c<span style=\"font-size: medium;\">Por Aqu\u00ed Pas\u00f3 el Comandante Supremo Hugo Ch\u00e1vez\u201d, expres\u00f3, Blanco.<\/span><\/span><\/p>\n<p align=\"justify\">\n<p align=\"justify\"><img loading=\"lazy\" decoding=\"async\" class=\"aligncenter wp-image-19483 size-large\" src=\"http:\/\/www.inces.gob.ve\/wp-content\/uploads\/2018\/08\/Promotores-en-Faena-de-Siembra-1024x616.jpg\" alt=\"\" width=\"640\" height=\"385\" srcset=\"https:\/\/inces.gob.ve\/wp-content\/uploads\/2018\/08\/Promotores-en-Faena-de-Siembra-1024x616.jpg 1024w, https:\/\/inces.gob.ve\/wp-content\/uploads\/2018\/08\/Promotores-en-Faena-de-Siembra-300x180.jpg 300w, https:\/\/inces.gob.ve\/wp-content\/uploads\/2018\/08\/Promotores-en-Faena-de-Siembra-768x462.jpg 768w, https:\/\/inces.gob.ve\/wp-content\/uploads\/2018\/08\/Promotores-en-Faena-de-Siembra.jpg 2048w\" sizes=\"auto, (max-width: 640px) 100vw, 640px\" \/><\/p>\n<p align=\"justify\">\n<p align=\"justify\"><span style=\"font-family: Liberation Serif;\"><span style=\"font-size: medium;\">Gaspar Blanco coment\u00f3 que \u201ceste proyecto de galer\u00eda contar\u00e1 con im\u00e1genes del Comandante Ch\u00e1vez, elaboradas en mosaico, que rese\u00f1an fases de su vida y obras, combinado de espacios libres para que la comunidad pueda hacer sus exposiciones fotogr\u00e1ficas itinerantes. <\/span><\/span><\/p>\n<p align=\"justify\">\n<p align=\"justify\"><span style=\"font-family: Liberation Serif;\"><span style=\"font-size: medium;\">Dentro de las propuestas que plantea la comunidad est\u00e1n la construcci\u00f3n de una escuela agroecol\u00f3gica, enmarcada en las siete l\u00edneas estrat\u00e9gicas de la naci\u00f3n y la defensa de la soberan\u00eda alimentaria, que garantice la transferencia de conocimientos, el <\/span>\u201c<span style=\"font-size: medium;\">Conuco Hugo Ch\u00e1vez 2002\u201dy la Botica Conuquera, de la mano del <\/span><span style=\"font-size: medium;\">m<\/span><span style=\"font-size: medium;\">aestro <\/span><span style=\"font-size: medium;\">t<\/span><span style=\"font-size: medium;\">\u00e9cnico <\/span><span style=\"font-size: medium;\">p<\/span><span style=\"font-size: medium;\">roductivo Rub\u00e9n Laya. Este proyecto integral fue aprobado por la gesti\u00f3n <\/span><\/span><\/p>\n<p align=\"justify\">\n<p align=\"justify\"><span style=\"font-family: Liberation Serif;\"><span style=\"font-size: medium;\">Formar Produciendo &#8211; Producir Formando de Wuikelman Angel, presidente de este importante instituto educativo, d\u00e1ndole continuidad a este compromiso social y pol\u00edtico con la comunidad del punto y c\u00edrculo, de la mano con el consejo comunal \u201cLuchadores del Topito\u201d, quien forma parte de la comuna \u201cManuel Ezequiel Bruzual\u201d, junto a otros siete consejos comunales, subray\u00f3 Blanco.<\/span><\/span><\/p>\n<p align=\"justify\">\n<p align=\"justify\"><span style=\"font-family: Liberation Serif;\"><span style=\"font-size: medium;\">Para Maigualida Peraza, representante de la comunidad parte alta del Topito, este tipo de proyectos s<\/span><span style=\"font-size: medium;\">on<\/span><span style=\"font-size: medium;\"> muy importante<\/span><span style=\"font-size: medium;\">s<\/span><span style=\"font-size: medium;\"> y necesario<\/span><span style=\"font-size: medium;\">s<\/span><span style=\"font-size: medium;\">, destacando que \u201c<\/span><span style=\"font-size: medium;\">m<\/span><span style=\"font-size: medium;\">e parece excelente el proyecto que se est\u00e1 implementando aqu\u00ed sobre la siembra de rubros de ciclos cortos. Los invito a todos para que vengan y participen; esto es cuesti\u00f3n de enamorarse de la tierra, de lo que nos provee la tierra, porque es la fuente inagotable que tenemos todos y no la sabemos aprovechar\u201d.Tenemos que aprovechar esta gran oportunidad con el maestro Laya y utilizar todos los conocimientos que \u00e9l tiene. <\/span><span style=\"font-size: medium;\">Y<\/span><span style=\"font-size: medium;\">o en lo personal tambi\u00e9n pongo a disposici\u00f3n mis conocimientos b\u00e1sicos para ayudar a todo aquel que as\u00ed lo quiera\u201d, expres\u00f3 Peraza.<\/span><\/span><\/p>\n<p align=\"justify\">\n<p align=\"justify\"><img loading=\"lazy\" decoding=\"async\" class=\"aligncenter wp-image-19482 size-large\" src=\"http:\/\/www.inces.gob.ve\/wp-content\/uploads\/2018\/08\/Maigualida-Peraza-1024x616.jpg\" alt=\"\" width=\"640\" height=\"385\" srcset=\"https:\/\/inces.gob.ve\/wp-content\/uploads\/2018\/08\/Maigualida-Peraza-1024x616.jpg 1024w, https:\/\/inces.gob.ve\/wp-content\/uploads\/2018\/08\/Maigualida-Peraza-300x180.jpg 300w, https:\/\/inces.gob.ve\/wp-content\/uploads\/2018\/08\/Maigualida-Peraza-768x462.jpg 768w, https:\/\/inces.gob.ve\/wp-content\/uploads\/2018\/08\/Maigualida-Peraza.jpg 2048w\" sizes=\"auto, (max-width: 640px) 100vw, 640px\" \/><\/p>\n<p align=\"justify\">\n<p align=\"justify\"><span style=\"font-family: Liberation Serif;\"><span style=\"font-size: medium;\">En este orden de ideas Maigualida Peraza nos dijo que \u201ces un privilegio poder tener un espacio como este, con el que muchas comunidades no cuentan y debemos aprovechar lo que Dios nos da, esto nos sirve para sustentar esta parte alta de los sectores El Topito, La Cancha, as\u00ed como para sentir la satisfacci\u00f3n que tiene el campesino que no es otra que ver cuando sale el primer fruto y esperar con paciencia lo que da la lluvia y ver los logros de lo que estamos esperando\u201d.<\/span><\/span><\/p>\n<p align=\"justify\">\n<p align=\"justify\"><span style=\"font-family: Liberation Serif;\"><span style=\"font-size: medium;\">Rub\u00e9n Laya, promotor sociocultural y maestro t\u00e9cnico productivo del Inces coment\u00f3: \u201cYa realizamos una parte de la limpieza y comenzamos con la siembra de ma\u00edz y algunas leguminosas, con la intenci\u00f3n de recuperar este espacio que ten\u00eda muchos a\u00f1os abandonado. En cualquier espacio podemos sembrar, con la transformaci\u00f3n agroecol\u00f3gica y con los saberes de los maestros pueblos podemos poner a producir espacios como estos.\u201d<\/span><\/span><\/p>\n<p align=\"justify\">\n<p align=\"justify\"><span style=\"font-family: Liberation Serif;\"><span style=\"font-size: medium;\">Laya continu\u00f3<\/span><span style=\"font-size: medium;\"> \u201cLo que s\u00e9 yo, no es m\u00edo, es de quien lo necesita. En estas casi dos hect\u00e1reas se busca la construcci\u00f3n de un aula de clases para las comunidades de El Valle, Coche y Santa Rosal\u00eda buscando dar respuesta a las necesidades del pueblo tal como lo pidi\u00f3 el Comandante Ch\u00e1vez. Estoy muy alegre porque ya se est\u00e1 integrando el Inces y la comunidad, me gusta que podamos integrar a la juventud y aprovechar estos saberes que vienen de muy lejos, yo vengo del llano\u201d, coment\u00f3 Laya.<\/span><\/span><\/p>\n<p align=\"justify\">\n<p align=\"justify\"><img loading=\"lazy\" decoding=\"async\" class=\"aligncenter wp-image-19481 size-large\" src=\"http:\/\/www.inces.gob.ve\/wp-content\/uploads\/2018\/08\/Maestro-Tecnico-Productivo-Ruben-Laya-1024x616.jpg\" alt=\"\" width=\"640\" height=\"385\" srcset=\"https:\/\/inces.gob.ve\/wp-content\/uploads\/2018\/08\/Maestro-Tecnico-Productivo-Ruben-Laya-1024x616.jpg 1024w, https:\/\/inces.gob.ve\/wp-content\/uploads\/2018\/08\/Maestro-Tecnico-Productivo-Ruben-Laya-300x180.jpg 300w, https:\/\/inces.gob.ve\/wp-content\/uploads\/2018\/08\/Maestro-Tecnico-Productivo-Ruben-Laya-768x462.jpg 768w, https:\/\/inces.gob.ve\/wp-content\/uploads\/2018\/08\/Maestro-Tecnico-Productivo-Ruben-Laya.jpg 2048w\" sizes=\"auto, (max-width: 640px) 100vw, 640px\" \/><\/p>\n<p align=\"justify\">\n<p align=\"justify\"><span style=\"font-family: Liberation Serif;\"><span style=\"font-size: medium;\">Es importante destacar que este proyecto agroecol\u00f3gico cuenta con talento humano de gran calidad social, que por su parte el maestro popular Rub\u00e9n Laya viene de trabajar en diferentes experiencias de organizaci\u00f3n como lo son \u201cMi Conuco 86\u201d que es un espacio de formaci\u00f3n, acreditaci\u00f3n, cultivo de rubros de ciclos cortos, donde hacen vida muchas instituciones, misiones y organizaciones sociales, entre otros espacios comunitarios.<\/span><\/span><\/p>\n<p align=\"justify\">\n<p align=\"justify\"><span style=\"font-family: Liberation Serif;\"><span style=\"font-size: medium;\">Para finalizar, dentro de este espacio natural y comunitario se est\u00e1n sembrando rubros de ciclos cortos como: ma\u00edz, quinchoncho, caraotas, frijol vallo, entre otros; donados por parte de la alcald\u00eda de Caracas, pl\u00e1ntulas del colectivo \u201cMi Conuco 86\u201d y otros aliados, donde se plantea reinvertir los recursos y aprovechar su potencial con la siembra de otros rubros como: lechuga, cilantro, ceboll\u00edn, perejil y pepino.<\/span><\/span><\/p>\n","protected":false},"excerpt":{"rendered":"<p>** La comunidad de los sectores el Topito, la Cancha y el Inces promueven proyecto agroecol\u00f3gico, cultural y deportivo en la parte alta del barrio Bruzual, parroquia El Valle<\/p>\n","protected":false},"author":15,"featured_media":19484,"comment_status":"closed","ping_status":"closed","sticky":false,"template":"","format":"standard","meta":{"footnotes":""},"categories":[2],"tags":[],"class_list":["post-19479","post","type-post","status-publish","format-standard","has-post-thumbnail","hentry","category-blog"],"_links":{"self":[{"href":"https:\/\/inces.gob.ve\/index.php\/wp-json\/wp\/v2\/posts\/19479","targetHints":{"allow":["GET"]}}],"collection":[{"href":"https:\/\/inces.gob.ve\/index.php\/wp-json\/wp\/v2\/posts"}],"about":[{"href":"https:\/\/inces.gob.ve\/index.php\/wp-json\/wp\/v2\/types\/post"}],"author":[{"embeddable":true,"href":"https:\/\/inces.gob.ve\/index.php\/wp-json\/wp\/v2\/users\/15"}],"replies":[{"embeddable":true,"href":"https:\/\/inces.gob.ve\/index.php\/wp-json\/wp\/v2\/comments?post=19479"}],"version-history":[{"count":1,"href":"https:\/\/inces.gob.ve\/index.php\/wp-json\/wp\/v2\/posts\/19479\/revisions"}],"predecessor-version":[{"id":19486,"href":"https:\/\/inces.gob.ve\/index.php\/wp-json\/wp\/v2\/posts\/19479\/revisions\/19486"}],"wp:featuredmedia":[{"embeddable":true,"href":"https:\/\/inces.gob.ve\/index.php\/wp-json\/wp\/v2\/media\/19484"}],"wp:attachment":[{"href":"https:\/\/inces.gob.ve\/index.php\/wp-json\/wp\/v2\/media?parent=19479"}],"wp:term":[{"taxonomy":"category","embeddable":true,"href":"https:\/\/inces.gob.ve\/index.php\/wp-json\/wp\/v2\/categories?post=19479"},{"taxonomy":"post_tag","embeddable":true,"href":"https:\/\/inces.gob.ve\/index.php\/wp-json\/wp\/v2\/tags?post=19479"}],"curies":[{"name":"wp","href":"https:\/\/api.w.org\/{rel}","templated":true}]}}