{"id":19487,"date":"2018-08-30T11:20:10","date_gmt":"2018-08-30T17:20:10","guid":{"rendered":"http:\/\/www.inces.gob.ve\/?p=19487"},"modified":"2020-05-28T20:31:25","modified_gmt":"2020-05-29T00:31:25","slug":"el-inces-como-centro-de-oportunidades-para-el-talento-artistico","status":"publish","type":"post","link":"https:\/\/inces.gob.ve\/index.php\/2018\/08\/30\/el-inces-como-centro-de-oportunidades-para-el-talento-artistico\/","title":{"rendered":"El Inces como centro de oportunidades para el talento art\u00edstico"},"content":{"rendered":"<p align=\"justify\"><i><b>** El ingenio y las capacidades emocionales de la juventud toman la palabra y se abren cada vez m\u00e1s espacio en el instituto<\/b><\/i><!--more--><\/p>\n<p align=\"justify\"><b>IVALDO RODR\u00cdGUEZ | Sede<\/b><\/p>\n<p align=\"justify\"><b>F\/ Kelly Garc\u00eda<\/b><\/p>\n<p align=\"justify\">La edici\u00f3n N.\u00ba 71 del programa radial y semanal \u201cSomos Inces\u201d tuvo una dosis de frescura muy particular. Se centr\u00f3 en los esfuerzos que realiza el instituto, no solo en formar al participante en un <b>oficio calificado para incorporarlo al proceso social del trabajo<\/b>, sino en provocar en ese mismo participante la manifestaci\u00f3n y desarrollo de sus talentos art\u00edsticos naturales, organizando eventos que permitan aflorar estas energ\u00edas creadoras para el disfrute del interesado y de la comunidad en general. En otras palabras, el Inces como generador de oportunidades para la <b>captaci\u00f3n y el desarrollo del talento art\u00edstico.<\/b><\/p>\n<p align=\"justify\">En este sentido se hizo mucho \u00e9nfasis en una experiencia que trajo una estela muy positiva para toda la comunidad inceista, como fue la edici\u00f3n 2018 del festival <b>\u201cExpresa tu Talento\u201d,<\/b> la cual se llev\u00f3 a cabo en el auditorio del Incret a mediados de este mes de agosto.<\/p>\n<p align=\"justify\"><img loading=\"lazy\" decoding=\"async\" class=\"aligncenter wp-image-19491 size-large\" src=\"http:\/\/www.inces.gob.ve\/wp-content\/uploads\/2018\/08\/20180830_104320-1024x768.jpg\" alt=\"\" width=\"640\" height=\"480\" srcset=\"https:\/\/inces.gob.ve\/wp-content\/uploads\/2018\/08\/20180830_104320-1024x768.jpg 1024w, https:\/\/inces.gob.ve\/wp-content\/uploads\/2018\/08\/20180830_104320-300x225.jpg 300w, https:\/\/inces.gob.ve\/wp-content\/uploads\/2018\/08\/20180830_104320-768x576.jpg 768w, https:\/\/inces.gob.ve\/wp-content\/uploads\/2018\/08\/20180830_104320-136x102.jpg 136w\" sizes=\"auto, (max-width: 640px) 100vw, 640px\" \/><\/p>\n<p align=\"justify\">All\u00ed participaron los aprendices Inces del Distrito Capital, siendo evaluados en las categor\u00edas de Baile y Canto. Como invitados especiales asistieron Wuikelman Angel Paredes, presidente del Inces y moderador del programa radial; Francisco Quevedo, gerente Regional de Inces Distrito Capital y Jos\u00e9 Tovar, coordinador regional de Juventud Productiva.<\/p>\n<p align=\"justify\">Se coment\u00f3 en el espacio que 30 j\u00f3venes del Programa Nacional de Aprendizaje (PNA) participaron en el festival organizado por el Inces Distrito Capital y cont\u00f3 adem\u00e1s con un jurado muy calificado que supo canalizar las oleadas de talento exhibido.<\/p>\n<p align=\"justify\">En este tenor, el presidente del instituto expres\u00f3 su satisfacci\u00f3n por una realidad que se hace evidente y es que el Inces, al lado de la ense\u00f1anza productiva, le da cobijo e impulso a los sue\u00f1os, sentimientos y esperanzas que los aspirantes traen de manera espont\u00e1nea. \u201cAhora el Inces los acompa\u00f1a m\u00e1s all\u00e1 de lo meramente educativo e institucional\u201d.<\/p>\n<p align=\"justify\">Jos\u00e9 Luis Tovar, coordinador regional de Juventud Productiva brind\u00f3 detalles ilustrativos de esa experiencia como tribuna de capacidades y bondades naturales, manifestando que durante el festival era evidente el crecimiento art\u00edstico de los participantes. \u201cIba brotando el caudal de su expresividad, cada vez con mayor autenticidad y sentimiento\u201d.<\/p>\n<p align=\"justify\"><img loading=\"lazy\" decoding=\"async\" class=\"aligncenter wp-image-19489 size-large\" src=\"http:\/\/www.inces.gob.ve\/wp-content\/uploads\/2018\/08\/20180830_110413-1024x768.jpg\" alt=\"\" width=\"640\" height=\"480\" srcset=\"https:\/\/inces.gob.ve\/wp-content\/uploads\/2018\/08\/20180830_110413-1024x768.jpg 1024w, https:\/\/inces.gob.ve\/wp-content\/uploads\/2018\/08\/20180830_110413-300x225.jpg 300w, https:\/\/inces.gob.ve\/wp-content\/uploads\/2018\/08\/20180830_110413-768x576.jpg 768w, https:\/\/inces.gob.ve\/wp-content\/uploads\/2018\/08\/20180830_110413-136x102.jpg 136w\" sizes=\"auto, (max-width: 640px) 100vw, 640px\" \/><\/p>\n<p align=\"justify\">Es con estas manifestaciones que se construye una patria, donde se ofrece espacio para el desarrollo personal y social. Por ello el instituto ha estado cada vez m\u00e1s inmerso en las comunidades; captando j\u00f3venes con inquietudes y facilit\u00e1ndoles herramientas para su crecimiento, que en definitiva es el crecimiento de todos, el engrandecimiento de la patria. De all\u00ed que con justicia tengamos el derecho a so\u00f1ar, como lo dijo el comandante, con una Venezuela potencia; as\u00ed lo expres\u00f3 el m\u00e1ximo representante de la instituci\u00f3n formativa.<\/p>\n<p align=\"justify\"><b>Plan Vacacional Musical<\/b><\/p>\n<p align=\"justify\">En un contacto telef\u00f3nico con la jefa del CFS Metropolitano de Caricuao, Carin\u00e9s Mart\u00ednez, se pudo divulgar las mieles de otra experiencia que dej\u00f3 un regusto en la comunidad laboral del Inces y sus zonas circunvecinas 120 ni\u00f1os del punto y c\u00edrculo e hijos de nuestros trabajadores. Se trata del Plan Vacacional Musical donde se pudieron apreciar actividades tan diversas como: percusi\u00f3n, guitarra, canto, cuatro, danza y hasta cocina con los Mini Che.<\/p>\n<p align=\"justify\">All\u00ed disfrutaron y afloraron su creatividad los muchachos, con el apoyo de la Fundaci\u00f3n Movimiento Notas en Red (FMNR), Movimiento Nacional de Recreadores y los maestros pueblo de la instituci\u00f3n.<\/p>\n<p align=\"justify\">Mart\u00ednez muy orgullosa coment\u00f3 que \u201chemos sembrado una semilla desde el Inces que seguiremos regando para un mejor y productivo futuro, son nuestros hijos los propulsores de una nueva y fruct\u00edfera Venezuela\u201d.<\/p>\n<p align=\"justify\">Qued\u00f3 un buen sabor de boca cuando Angel Paredes garantiz\u00f3 la proliferaci\u00f3n y difusi\u00f3n de m\u00e1s festivales y afines a futuro, en todas las regionales del pa\u00eds.<\/p>\n<p align=\"justify\">Para finalizar esta edici\u00f3n radial el presidente del instituto tom\u00f3 unos minutos para agradecer a toda la comunidad laboral y a los medios de comunicaci\u00f3n social, su respaldo y aporte para que los 59 a\u00f1os del Inces quedaran sellados con celebraciones llenas de contenido, sentimiento y esperanzas hacia el porvenir nacional.<\/p>\n<p align=\"justify\">Acompa\u00f1aron en la moderaci\u00f3n del programa haciendo un trabajo sobrio, juvenil, fresco y positivo, los j\u00f3venes Bryan Gonz\u00e1lez y Megui Jaimes quien m\u00e1s que con su conversaci\u00f3n, encant\u00f3 a todos con la interpretaci\u00f3n de sentidas piezas musicales que la perfilan m\u00e1s all\u00e1 de la palabra promesa; como una realidad en formaci\u00f3n y cargada de futuro promisorio en el canto. Hasta ellos nuestro reconocimiento sincero y solidario.<\/p>\n","protected":false},"excerpt":{"rendered":"<p>** El ingenio y las capacidades emocionales de la juventud toman la palabra y se abren cada vez m\u00e1s espacio en el instituto<\/p>\n","protected":false},"author":4,"featured_media":19490,"comment_status":"closed","ping_status":"closed","sticky":false,"template":"","format":"standard","meta":{"footnotes":""},"categories":[2],"tags":[],"class_list":["post-19487","post","type-post","status-publish","format-standard","has-post-thumbnail","hentry","category-blog"],"_links":{"self":[{"href":"https:\/\/inces.gob.ve\/index.php\/wp-json\/wp\/v2\/posts\/19487","targetHints":{"allow":["GET"]}}],"collection":[{"href":"https:\/\/inces.gob.ve\/index.php\/wp-json\/wp\/v2\/posts"}],"about":[{"href":"https:\/\/inces.gob.ve\/index.php\/wp-json\/wp\/v2\/types\/post"}],"author":[{"embeddable":true,"href":"https:\/\/inces.gob.ve\/index.php\/wp-json\/wp\/v2\/users\/4"}],"replies":[{"embeddable":true,"href":"https:\/\/inces.gob.ve\/index.php\/wp-json\/wp\/v2\/comments?post=19487"}],"version-history":[{"count":2,"href":"https:\/\/inces.gob.ve\/index.php\/wp-json\/wp\/v2\/posts\/19487\/revisions"}],"predecessor-version":[{"id":19493,"href":"https:\/\/inces.gob.ve\/index.php\/wp-json\/wp\/v2\/posts\/19487\/revisions\/19493"}],"wp:featuredmedia":[{"embeddable":true,"href":"https:\/\/inces.gob.ve\/index.php\/wp-json\/wp\/v2\/media\/19490"}],"wp:attachment":[{"href":"https:\/\/inces.gob.ve\/index.php\/wp-json\/wp\/v2\/media?parent=19487"}],"wp:term":[{"taxonomy":"category","embeddable":true,"href":"https:\/\/inces.gob.ve\/index.php\/wp-json\/wp\/v2\/categories?post=19487"},{"taxonomy":"post_tag","embeddable":true,"href":"https:\/\/inces.gob.ve\/index.php\/wp-json\/wp\/v2\/tags?post=19487"}],"curies":[{"name":"wp","href":"https:\/\/api.w.org\/{rel}","templated":true}]}}