{"id":19504,"date":"2018-08-30T13:30:42","date_gmt":"2018-08-30T19:30:42","guid":{"rendered":"http:\/\/www.inces.gob.ve\/?p=19504"},"modified":"2020-05-28T20:31:25","modified_gmt":"2020-05-29T00:31:25","slug":"inces-cumplio-59-anos-impulsando-saberes-productivos","status":"publish","type":"post","link":"https:\/\/inces.gob.ve\/index.php\/2018\/08\/30\/inces-cumplio-59-anos-impulsando-saberes-productivos\/","title":{"rendered":"Inces cumpli\u00f3 59 a\u00f1os impulsando saberes productivos"},"content":{"rendered":"<p class=\"western\" align=\"justify\"><span style=\"font-family: Arial,sans-serif;\"><b>*<\/b><i><b>* El pasado mi\u00e9rcoles 22 de agosto de 2018, el Inces, ente adscrito al Ministerio del Poder Popular para la Educaci\u00f3n, celebr\u00f3 con diversas actividades el quincuag\u00e9simo noveno aniversario, donde trabajadores, aprendices, participantes, pensionados, jubilados, organizaciones sindicales, maestros y promotores t\u00e9cnicos productivos se integraron para festejar esta importante fecha. <\/b><\/i><\/span><\/p>\n<p class=\"western\" align=\"justify\"><!--more-->\n<\/p>\n<p class=\"western\" align=\"justify\"><span style=\"font-family: Arial,sans-serif;\"><b>MIRIAM GONZ\u00c1LEZ VILLARROEL | Falc\u00f3n<\/b><\/span><\/p>\n<p class=\"western\" align=\"justify\">\n<p class=\"western\" align=\"justify\"><span style=\"font-family: Arial,sans-serif;\">Expres\u00f3 Eneyda Mart\u00ednez Rodr\u00edguez, gerente regional del Inces: \u201cEn el marco del proceso de transformaci\u00f3n de la instituci\u00f3n, celebramos casi seis d\u00e9cadas, 59 a\u00f1os, de llevar educaci\u00f3n popular, liberadora al pueblo venezolano; educaci\u00f3n basada en valores y principios socialistas, que hoy se traducen en la construcci\u00f3n del nuevo hombre y de la nueva mujer para el trabajo productivo\u201d. <\/span><\/p>\n<p align=\"justify\">\n<p class=\"western\" align=\"justify\"><img loading=\"lazy\" decoding=\"async\" class=\"aligncenter wp-image-19509 size-full\" src=\"http:\/\/www.inces.gob.ve\/wp-content\/uploads\/2018\/08\/1-59-a\u00f1os-impulsando-saberes.jpg\" alt=\"\" width=\"700\" height=\"601\" srcset=\"https:\/\/inces.gob.ve\/wp-content\/uploads\/2018\/08\/1-59-a\u00f1os-impulsando-saberes.jpg 700w, https:\/\/inces.gob.ve\/wp-content\/uploads\/2018\/08\/1-59-a\u00f1os-impulsando-saberes-300x258.jpg 300w\" sizes=\"auto, (max-width: 700px) 100vw, 700px\" \/><br \/>\n<span style=\"font-family: Arial,sans-serif;\">Resalt\u00f3, a 59 a\u00f1os de la fundaci\u00f3n del Inces, que el legado del maestro Luis Beltr\u00e1n Prieto Figueroa sigue vigente, pero adapt\u00e1ndose al actual contexto hist\u00f3rico del pa\u00eds, a los planes y pol\u00edticas p\u00fablicas que en materia de educaci\u00f3n han sido implementadas por el gobierno revolucionario durante los \u00faltimos a\u00f1os, y hoy por hoy, le da la oportunidad a miles de venezolanos de aprender saberes productivos que aporten al desarrollo de la regi\u00f3n y del pa\u00eds.<\/span><\/p>\n<p class=\"western\" align=\"justify\">\n<p class=\"western\" align=\"justify\">\u201c<span style=\"font-family: Arial,sans-serif;\">El proceso de transformaci\u00f3n e impulso que en estos momentos desde la presidencia del Inces, se fomenta, va orientado a las verdaderas necesidades de las comunidades y en este aniversario el Inces lanza su nueva plataforma formativa HACER (Herramienta para el Aprendizaje Colectivo, el Estudio y Reconocimiento) que va a permitir que cualquier usuario pueda acudir y seleccionar opciones formativas en las cuales est\u00e9 interesado\u00bb, puntualiz\u00f3 Mart\u00ednez.<\/span><\/p>\n<p align=\"justify\">\n<p class=\"western\" align=\"justify\"><span style=\"font-family: Arial,sans-serif;\"><img loading=\"lazy\" decoding=\"async\" class=\"aligncenter wp-image-19507 size-full\" src=\"http:\/\/www.inces.gob.ve\/wp-content\/uploads\/2018\/08\/4-59-a\u00f1os-impulsando-saberes.jpg\" alt=\"\" width=\"700\" height=\"699\" srcset=\"https:\/\/inces.gob.ve\/wp-content\/uploads\/2018\/08\/4-59-a\u00f1os-impulsando-saberes.jpg 700w, https:\/\/inces.gob.ve\/wp-content\/uploads\/2018\/08\/4-59-a\u00f1os-impulsando-saberes-150x150.jpg 150w, https:\/\/inces.gob.ve\/wp-content\/uploads\/2018\/08\/4-59-a\u00f1os-impulsando-saberes-300x300.jpg 300w\" sizes=\"auto, (max-width: 700px) 100vw, 700px\" \/><\/span><\/p>\n<p class=\"western\" align=\"justify\">\n<p class=\"western\" align=\"justify\">\n<p class=\"western\" align=\"justify\"><span style=\"font-family: Arial,sans-serif;\">Diversas actividades<\/span><\/p>\n<p class=\"western\" align=\"justify\"><span style=\"font-family: Arial,sans-serif;\">Igualmente, precis\u00f3, fue una semana de intercambio de saberes en todos los Centros de Formaci\u00f3n Socialistas de Coro y Punto Fijo, desde donde se desarrollaron actividades deportivas, culturales, encuentro con los medios comunicaci\u00f3n, talleres, entregas de constancias, Plan Vacacional Agosto de Escuelas Abiertas en Victoria 2018, y el acto central donde la instituci\u00f3n impuso botones por 5, 10, 15, 20, 25, 30 y 35 a\u00f1os de servicios a trabajadoras y trabajadores.<\/span><\/p>\n<p align=\"justify\">\n<p class=\"western\" align=\"justify\"><span style=\"font-family: Arial,sans-serif;\"><img loading=\"lazy\" decoding=\"async\" class=\"aligncenter wp-image-19506 size-full\" src=\"http:\/\/www.inces.gob.ve\/wp-content\/uploads\/2018\/08\/5-59-a\u00f1os-impulsando-saberes.jpg\" alt=\"\" width=\"800\" height=\"383\" srcset=\"https:\/\/inces.gob.ve\/wp-content\/uploads\/2018\/08\/5-59-a\u00f1os-impulsando-saberes.jpg 800w, https:\/\/inces.gob.ve\/wp-content\/uploads\/2018\/08\/5-59-a\u00f1os-impulsando-saberes-300x144.jpg 300w, https:\/\/inces.gob.ve\/wp-content\/uploads\/2018\/08\/5-59-a\u00f1os-impulsando-saberes-768x368.jpg 768w\" sizes=\"auto, (max-width: 800px) 100vw, 800px\" \/><\/span><\/p>\n<p class=\"western\" align=\"justify\">\n<p class=\"western\" align=\"justify\"><span style=\"font-family: Arial,sans-serif;\">Dejando Huellas<\/span><\/p>\n<p class=\"western\" align=\"justify\"><span style=\"font-family: Arial,sans-serif;\">Para Julia Guanipa, Orador de Orden de los actos y quien recibi\u00f3 bot\u00f3n por 30 a\u00f1os de servicios, el Inces ha venido acompa\u00f1ado por el trabajo incansable, sostenible y firme de hombres y mujeres comprometidos con valores y principios \u00e9ticos, enrumbados hacia la excelencia, \u201choy d\u00eda debemos sentirnos orgullosos de quienes somos. Inces, es la instituci\u00f3n m\u00e1s grande y noble del pa\u00eds\u201d. <\/span><\/p>\n<p class=\"western\" align=\"justify\">\n<p class=\"western\" align=\"justify\"><span style=\"font-family: Arial,sans-serif;\"><img loading=\"lazy\" decoding=\"async\" class=\"aligncenter wp-image-19505 size-full\" src=\"http:\/\/www.inces.gob.ve\/wp-content\/uploads\/2018\/08\/6-59-a\u00f1os-impulsando-saberes.jpg\" alt=\"\" width=\"800\" height=\"625\" srcset=\"https:\/\/inces.gob.ve\/wp-content\/uploads\/2018\/08\/6-59-a\u00f1os-impulsando-saberes.jpg 800w, https:\/\/inces.gob.ve\/wp-content\/uploads\/2018\/08\/6-59-a\u00f1os-impulsando-saberes-300x234.jpg 300w, https:\/\/inces.gob.ve\/wp-content\/uploads\/2018\/08\/6-59-a\u00f1os-impulsando-saberes-768x600.jpg 768w\" sizes=\"auto, (max-width: 800px) 100vw, 800px\" \/><\/span><\/p>\n<p class=\"western\" align=\"justify\">\n<p class=\"western\" align=\"justify\"><span style=\"font-family: Arial,sans-serif;\">Recalc\u00f3 Guanipa como todos y cada uno de los que integramos el Inces debemos dejar huellas positivas dentro de la instituci\u00f3n, \u201cdebemos ser responsables al dar lo mejor de nosotros y la responsabilidad por mostrar caminos, donde otros nos sigan y nos tomen como ejemplo e inspiraci\u00f3n, porque desde la instituci\u00f3n debemos ser un modelo para los j\u00f3venes que se forman d\u00eda a d\u00eda en nuestros espacios\u201d. <\/span><\/p>\n<p class=\"western\" align=\"justify\">\n<p class=\"western\" align=\"justify\">\n","protected":false},"excerpt":{"rendered":"<p>** El pasado mi\u00e9rcoles 22 de agosto de 2018, el Inces, ente adscrito al Ministerio del Poder Popular para la Educaci\u00f3n, celebr\u00f3 con diversas actividades el quincuag\u00e9simo noveno aniversario, donde trabajadores, aprendices, participantes, pensionados, jubilados, organizaciones sindicales, maestros y promotores t\u00e9cnicos productivos se integraron para festejar esta importante fecha.<\/p>\n","protected":false},"author":15,"featured_media":19508,"comment_status":"closed","ping_status":"closed","sticky":false,"template":"","format":"standard","meta":{"footnotes":""},"categories":[2],"tags":[],"class_list":["post-19504","post","type-post","status-publish","format-standard","has-post-thumbnail","hentry","category-blog"],"_links":{"self":[{"href":"https:\/\/inces.gob.ve\/index.php\/wp-json\/wp\/v2\/posts\/19504","targetHints":{"allow":["GET"]}}],"collection":[{"href":"https:\/\/inces.gob.ve\/index.php\/wp-json\/wp\/v2\/posts"}],"about":[{"href":"https:\/\/inces.gob.ve\/index.php\/wp-json\/wp\/v2\/types\/post"}],"author":[{"embeddable":true,"href":"https:\/\/inces.gob.ve\/index.php\/wp-json\/wp\/v2\/users\/15"}],"replies":[{"embeddable":true,"href":"https:\/\/inces.gob.ve\/index.php\/wp-json\/wp\/v2\/comments?post=19504"}],"version-history":[{"count":1,"href":"https:\/\/inces.gob.ve\/index.php\/wp-json\/wp\/v2\/posts\/19504\/revisions"}],"predecessor-version":[{"id":19510,"href":"https:\/\/inces.gob.ve\/index.php\/wp-json\/wp\/v2\/posts\/19504\/revisions\/19510"}],"wp:featuredmedia":[{"embeddable":true,"href":"https:\/\/inces.gob.ve\/index.php\/wp-json\/wp\/v2\/media\/19508"}],"wp:attachment":[{"href":"https:\/\/inces.gob.ve\/index.php\/wp-json\/wp\/v2\/media?parent=19504"}],"wp:term":[{"taxonomy":"category","embeddable":true,"href":"https:\/\/inces.gob.ve\/index.php\/wp-json\/wp\/v2\/categories?post=19504"},{"taxonomy":"post_tag","embeddable":true,"href":"https:\/\/inces.gob.ve\/index.php\/wp-json\/wp\/v2\/tags?post=19504"}],"curies":[{"name":"wp","href":"https:\/\/api.w.org\/{rel}","templated":true}]}}