{"id":19514,"date":"2018-08-30T14:38:12","date_gmt":"2018-08-30T20:38:12","guid":{"rendered":"http:\/\/www.inces.gob.ve\/?p=19514"},"modified":"2020-05-28T20:31:25","modified_gmt":"2020-05-29T00:31:25","slug":"inces-acredito-los-saberes-a-569-mujeres-productivas-en-el-zulia","status":"publish","type":"post","link":"https:\/\/inces.gob.ve\/index.php\/2018\/08\/30\/inces-acredito-los-saberes-a-569-mujeres-productivas-en-el-zulia\/","title":{"rendered":"Inces acredit\u00f3 los saberes a 569 mujeres productivas en el Zulia"},"content":{"rendered":"<p class=\"western\" align=\"justify\"><span style=\"font-family: Arial,sans-serif;\"><i><b><span lang=\"es-VE\">** Fueron acreditadas en las \u00e1reas: textil, turismo y agr\u00edcola <\/span><\/b><\/i><\/span><\/p>\n<p class=\"western\" lang=\"es-VE\" align=\"justify\"><!--more--><\/p>\n<p class=\"western\" align=\"justify\"><span style=\"font-family: Arial,sans-serif;\"><span lang=\"es-VE\"><b>YUDITH CASTRO\/Zulia<\/b><\/span><\/span><\/p>\n<p align=\"justify\">\n<p class=\"western\" align=\"justify\"><span style=\"font-family: Arial,sans-serif;\"><span lang=\"es-VE\"><b>El Inces en Maracaibo acredit\u00f3, en el transcurso de este a\u00f1o, los saberes de 569 mujeres<\/b><\/span><span lang=\"es-VE\">, as\u00ed lo afirm\u00f3 la coordinadora de Mujer Productiva Inces, Nair\u00ed Fern\u00e1ndez, durante una acreditaci\u00f3n de saberes que se realiz\u00f3 en la sede administrativa del Inces. <\/span><\/span><\/p>\n<p align=\"justify\">\n<p class=\"western\" align=\"justify\"><a name=\"__DdeLink__228_1058929833\"><\/a> <span style=\"font-family: Arial,sans-serif;\"><span lang=\"es-VE\">Indic\u00f3 que f<\/span><span lang=\"es-VE\"><b>ueron acreditadas en las \u00e1reas: textil, turismo y agr\u00edcola.<\/b><\/span><span lang=\"es-VE\"> Algunas damas pertenecen al programa Soy Mujer del Banco Bicentenario, otras son de la Corporaci\u00f3n Nacional de Alimentos Escolar (CNAE), del Ministerio del Poder Popular para las Comunas y Protecci\u00f3n Social, de los <\/span><span lang=\"es-VE\"><b>CLAP Panadero,<\/b><\/span><span lang=\"es-VE\"> beneficiadas por la Misi\u00f3n Hogares de la Patria y de las comunidades en general, entre otras.<\/span><\/span><\/p>\n<p align=\"justify\">\n<p class=\"western\" align=\"justify\"><span style=\"font-family: Arial,sans-serif;\"><span lang=\"es-VE\">As\u00ed mismo, se\u00f1al\u00f3 que se les brind\u00f3 atenci\u00f3n a trav\u00e9s de conversatorios relacionados con la lactancia materna y sobre la Ley Org\u00e1nica sobre el Derecho de las mujeres a una vida libre de violencia y <\/span><span lang=\"es-VE\"><b>actualmente hay 535 mujeres en opciones formativas.<\/b><\/span><\/span><\/p>\n<p align=\"justify\">\n<p class=\"western\" align=\"justify\"><span style=\"font-family: Arial,sans-serif;\"><span lang=\"es-VE\">La acreditaci\u00f3n es un proceso r\u00e1pido &#8211; se\u00f1al\u00f3-. Los aspirantes participaron en un conversatorio en el cual intercambiaron sus saberes con el experto en el \u00e1rea, Igor Morales y posteriormente efectuaron la fase pr\u00e1ctica. <\/span><\/span><\/p>\n<p align=\"justify\">\n<p class=\"western\" align=\"justify\"><span style=\"font-family: Arial,sans-serif;\"><span lang=\"es-VE\"><b>Hablan las protagonistas<\/b><\/span><\/span><\/p>\n<p class=\"western\" align=\"justify\"><span style=\"font-family: Arial,sans-serif;\"><span lang=\"es-VE\">Ledys Barreto, docente jubilada de la Universidad del Zulia, demostr\u00f3 sus habilidades en el \u00e1rea de reposter\u00eda al hacer una deliciosa torta. \u201cAl principio estaba muy nerviosa, el profesor del Inces, Igor Morales es muy exigente y excelente en el \u00e1rea de cocina. Fue para m\u00ed un honor que \u00e9l acreditara mi saber.\u201d<\/span><\/span><\/p>\n<p class=\"western\" align=\"justify\"><span style=\"font-family: Arial,sans-serif;\"><span lang=\"es-VE\"><img loading=\"lazy\" decoding=\"async\" class=\"aligncenter wp-image-19518 size-full\" src=\"http:\/\/www.inces.gob.ve\/wp-content\/uploads\/2018\/08\/1Inces-acredit\u00f3-los-saberes.jpg\" alt=\"\" width=\"850\" height=\"645\" srcset=\"https:\/\/inces.gob.ve\/wp-content\/uploads\/2018\/08\/1Inces-acredit\u00f3-los-saberes.jpg 850w, https:\/\/inces.gob.ve\/wp-content\/uploads\/2018\/08\/1Inces-acredit\u00f3-los-saberes-300x228.jpg 300w, https:\/\/inces.gob.ve\/wp-content\/uploads\/2018\/08\/1Inces-acredit\u00f3-los-saberes-768x583.jpg 768w, https:\/\/inces.gob.ve\/wp-content\/uploads\/2018\/08\/1Inces-acredit\u00f3-los-saberes-136x102.jpg 136w\" sizes=\"auto, (max-width: 850px) 100vw, 850px\" \/><\/span><\/span><\/p>\n<p class=\"western\" align=\"justify\"><span style=\"font-family: Arial,sans-serif;\"><span lang=\"es-VE\">Con un gran \u00e1nimo y sonrisa, Wendys Guti\u00e9rrez de 40 a\u00f1os, educadora de una de las escuelas arquidiocesanas prepar\u00f3, durante la prueba pr\u00e1ctica, galletas de mantequilla. \u201cPara mi es importante estar certificada por esta prestigiosa instituci\u00f3n porque deseo que <\/span><span lang=\"es-VE\"><b>Unamujer me brinde la oportunidad de otorgarme un cr\u00e9dito para trabajar en esta \u00e1rea desde mi hogar.<\/b><\/span><span lang=\"es-VE\">\u201d<\/span><\/span><\/p>\n<p align=\"justify\">\n<p class=\"western\" align=\"justify\"><img loading=\"lazy\" decoding=\"async\" class=\"aligncenter wp-image-19517 \" src=\"http:\/\/www.inces.gob.ve\/wp-content\/uploads\/2018\/08\/2Inces-acredit\u00f3-los-saberes.jpg\" alt=\"\" width=\"454\" height=\"645\" srcset=\"https:\/\/inces.gob.ve\/wp-content\/uploads\/2018\/08\/2Inces-acredit\u00f3-los-saberes.jpg 684w, https:\/\/inces.gob.ve\/wp-content\/uploads\/2018\/08\/2Inces-acredit\u00f3-los-saberes-211x300.jpg 211w, https:\/\/inces.gob.ve\/wp-content\/uploads\/2018\/08\/2Inces-acredit\u00f3-los-saberes-540x768.jpg 540w\" sizes=\"auto, (max-width: 454px) 100vw, 454px\" \/><\/p>\n<p class=\"western\" align=\"justify\"><span style=\"font-family: Arial,sans-serif;\"><span lang=\"es-VE\">Para finalizar, Lisbeth Prada realiz\u00f3 unas ricas empanadas de carne molida las cuales fueron degustadas por los presentes. \u201cCertificar mis saberes para m\u00ed es un regalo porque obtendr\u00e9 un documento que valida mis conocimientos en el \u00e1rea de cocina y eso es importante. Luego presentar\u00e9 otra prueba para certificar otros oficios.\u201d<\/span><\/span><\/p>\n<p align=\"justify\">\n<p class=\"western\" align=\"justify\"><span style=\"font-family: Arial,sans-serif;\"><span lang=\"es-VE\"><img loading=\"lazy\" decoding=\"async\" class=\"aligncenter wp-image-19515 size-full\" src=\"http:\/\/www.inces.gob.ve\/wp-content\/uploads\/2018\/08\/5Inces-acredit\u00f3-los-saberes.jpg\" alt=\"\" width=\"850\" height=\"698\" srcset=\"https:\/\/inces.gob.ve\/wp-content\/uploads\/2018\/08\/5Inces-acredit\u00f3-los-saberes.jpg 850w, https:\/\/inces.gob.ve\/wp-content\/uploads\/2018\/08\/5Inces-acredit\u00f3-los-saberes-300x246.jpg 300w, https:\/\/inces.gob.ve\/wp-content\/uploads\/2018\/08\/5Inces-acredit\u00f3-los-saberes-768x631.jpg 768w\" sizes=\"auto, (max-width: 850px) 100vw, 850px\" \/><\/span><\/span><\/p>\n","protected":false},"excerpt":{"rendered":"<p>** Fueron acreditadas en las \u00e1reas: textil, turismo y agr\u00edcola<\/p>\n","protected":false},"author":15,"featured_media":19516,"comment_status":"closed","ping_status":"closed","sticky":false,"template":"","format":"standard","meta":{"footnotes":""},"categories":[2],"tags":[],"class_list":["post-19514","post","type-post","status-publish","format-standard","has-post-thumbnail","hentry","category-blog"],"_links":{"self":[{"href":"https:\/\/inces.gob.ve\/index.php\/wp-json\/wp\/v2\/posts\/19514","targetHints":{"allow":["GET"]}}],"collection":[{"href":"https:\/\/inces.gob.ve\/index.php\/wp-json\/wp\/v2\/posts"}],"about":[{"href":"https:\/\/inces.gob.ve\/index.php\/wp-json\/wp\/v2\/types\/post"}],"author":[{"embeddable":true,"href":"https:\/\/inces.gob.ve\/index.php\/wp-json\/wp\/v2\/users\/15"}],"replies":[{"embeddable":true,"href":"https:\/\/inces.gob.ve\/index.php\/wp-json\/wp\/v2\/comments?post=19514"}],"version-history":[{"count":2,"href":"https:\/\/inces.gob.ve\/index.php\/wp-json\/wp\/v2\/posts\/19514\/revisions"}],"predecessor-version":[{"id":19520,"href":"https:\/\/inces.gob.ve\/index.php\/wp-json\/wp\/v2\/posts\/19514\/revisions\/19520"}],"wp:featuredmedia":[{"embeddable":true,"href":"https:\/\/inces.gob.ve\/index.php\/wp-json\/wp\/v2\/media\/19516"}],"wp:attachment":[{"href":"https:\/\/inces.gob.ve\/index.php\/wp-json\/wp\/v2\/media?parent=19514"}],"wp:term":[{"taxonomy":"category","embeddable":true,"href":"https:\/\/inces.gob.ve\/index.php\/wp-json\/wp\/v2\/categories?post=19514"},{"taxonomy":"post_tag","embeddable":true,"href":"https:\/\/inces.gob.ve\/index.php\/wp-json\/wp\/v2\/tags?post=19514"}],"curies":[{"name":"wp","href":"https:\/\/api.w.org\/{rel}","templated":true}]}}