{"id":19546,"date":"2018-08-31T12:30:36","date_gmt":"2018-08-31T18:30:36","guid":{"rendered":"http:\/\/www.inces.gob.ve\/?p=19546"},"modified":"2020-05-28T20:31:25","modified_gmt":"2020-05-29T00:31:25","slug":"maestros-pueblo-productivos-son-reconocidos-por-sus-anos-de-servicio","status":"publish","type":"post","link":"https:\/\/inces.gob.ve\/index.php\/2018\/08\/31\/maestros-pueblo-productivos-son-reconocidos-por-sus-anos-de-servicio\/","title":{"rendered":"Maestros pueblo productivos son reconocidos por sus a\u00f1os de servicio"},"content":{"rendered":"<p class=\"western\" align=\"justify\"><span style=\"font-size: medium;\"><i><b>** Asumen la producci\u00f3n desde cada Centro de Formaci\u00f3n Socialista como bandera para impulsar la econom\u00eda local<\/b><\/i><\/span><\/p>\n<p align=\"justify\"><!--more--><\/p>\n<p class=\"western\" align=\"justify\"><span style=\"font-family: Arial,sans-serif;\"><span style=\"font-size: medium;\">\u00a0<\/span><\/span><\/p>\n<p class=\"western\" align=\"justify\"><span style=\"font-family: Arial,sans-serif;\"><span style=\"font-size: medium;\"><b>ZUVALQUI DUARTE | Vargas<\/b><\/span><\/span><\/p>\n<p align=\"justify\">\n<p class=\"western\" align=\"justify\"><span style=\"font-family: Arial,sans-serif;\">En el Inces sede, ubicado en Caracas, se llev\u00f3 a cabo la entrega de la Orden Luis Beltr\u00e1n Prieto Figueroa a la figura del \u201cMaestro Pueblo Productivo\u201d con la presencia de Wuikelman Angel Paredes, presidente del Inces y su equipo directivo, acto que cont\u00f3 con la presencia de diputados de la Asamblea Nacional Constituyente.<\/span><\/p>\n<p align=\"justify\">\n<p class=\"western\" align=\"justify\"><span style=\"font-family: Arial,sans-serif;\"><img loading=\"lazy\" decoding=\"async\" class=\"aligncenter wp-image-19549 size-full\" src=\"http:\/\/www.inces.gob.ve\/wp-content\/uploads\/2018\/08\/1a\u00f1os-de-servicio.jpg\" alt=\"\" width=\"850\" height=\"609\" srcset=\"https:\/\/inces.gob.ve\/wp-content\/uploads\/2018\/08\/1a\u00f1os-de-servicio.jpg 850w, https:\/\/inces.gob.ve\/wp-content\/uploads\/2018\/08\/1a\u00f1os-de-servicio-300x215.jpg 300w, https:\/\/inces.gob.ve\/wp-content\/uploads\/2018\/08\/1a\u00f1os-de-servicio-768x550.jpg 768w\" sizes=\"auto, (max-width: 850px) 100vw, 850px\" \/><\/span><\/p>\n<p class=\"western\" align=\"justify\"><span style=\"font-family: Arial,sans-serif;\">Valent\u00edn Leiba, Carmen Zapata, Pedro Moreno y Romer Gonz\u00e1lez asistieron al acto en reconocimiento a su valioso esfuerzo y trabajo, destacando que es la primera vez que la instituci\u00f3n reconoce la labor que a\u00f1o tras a\u00f1o ha desarrollado el maestro pueblo y mostraron orgullosos sus medallas, botones y diplomas recibidos, asumiendo el compromiso de seguir formado ciudadanos y ciudadanas que acuden al Inces para desarrollar un oficio que le permita integrarse al campo laboral o a conformar unidades de producci\u00f3n social o familiar y de esta manera impulsar la econom\u00eda comunal.<\/span><\/p>\n<p class=\"western\" align=\"justify\">\n<p class=\"western\" align=\"justify\"><span style=\"font-family: Arial,sans-serif;\"><img loading=\"lazy\" decoding=\"async\" class=\"aligncenter wp-image-19548 size-full\" src=\"http:\/\/www.inces.gob.ve\/wp-content\/uploads\/2018\/08\/2a\u00f1os-de-servicio.jpg\" alt=\"\" width=\"700\" height=\"651\" srcset=\"https:\/\/inces.gob.ve\/wp-content\/uploads\/2018\/08\/2a\u00f1os-de-servicio.jpg 700w, https:\/\/inces.gob.ve\/wp-content\/uploads\/2018\/08\/2a\u00f1os-de-servicio-300x279.jpg 300w, https:\/\/inces.gob.ve\/wp-content\/uploads\/2018\/08\/2a\u00f1os-de-servicio-340x316.jpg 340w\" sizes=\"auto, (max-width: 700px) 100vw, 700px\" \/><\/span><\/p>\n<p class=\"western\" align=\"justify\"><span style=\"font-family: Arial,sans-serif;\">Hern\u00e1n Garboza, gerente regional del Inces Vargas, felicita a todas las compa\u00f1eras y compa\u00f1eros reconocidos por a\u00f1os de servicios, por su destacada labor en el logro de las metas y en la formaci\u00f3n de todos los participantes de los cursos, talleres y programas; asimismo, celebra el reconocimiento del maestro pueblo productivo y hace un llamado a sumarse a la tarea de producir desde cada centro de formaci\u00f3n socialista,<\/span><\/p>\n<p class=\"western\" align=\"justify\">\n","protected":false},"excerpt":{"rendered":"<p>** Asumen la producci\u00f3n desde cada Centro de Formaci\u00f3n Socialista como bandera para impulsar la econom\u00eda local<\/p>\n","protected":false},"author":15,"featured_media":19547,"comment_status":"closed","ping_status":"closed","sticky":false,"template":"","format":"standard","meta":{"footnotes":""},"categories":[2],"tags":[],"class_list":["post-19546","post","type-post","status-publish","format-standard","has-post-thumbnail","hentry","category-blog"],"_links":{"self":[{"href":"https:\/\/inces.gob.ve\/index.php\/wp-json\/wp\/v2\/posts\/19546","targetHints":{"allow":["GET"]}}],"collection":[{"href":"https:\/\/inces.gob.ve\/index.php\/wp-json\/wp\/v2\/posts"}],"about":[{"href":"https:\/\/inces.gob.ve\/index.php\/wp-json\/wp\/v2\/types\/post"}],"author":[{"embeddable":true,"href":"https:\/\/inces.gob.ve\/index.php\/wp-json\/wp\/v2\/users\/15"}],"replies":[{"embeddable":true,"href":"https:\/\/inces.gob.ve\/index.php\/wp-json\/wp\/v2\/comments?post=19546"}],"version-history":[{"count":1,"href":"https:\/\/inces.gob.ve\/index.php\/wp-json\/wp\/v2\/posts\/19546\/revisions"}],"predecessor-version":[{"id":19550,"href":"https:\/\/inces.gob.ve\/index.php\/wp-json\/wp\/v2\/posts\/19546\/revisions\/19550"}],"wp:featuredmedia":[{"embeddable":true,"href":"https:\/\/inces.gob.ve\/index.php\/wp-json\/wp\/v2\/media\/19547"}],"wp:attachment":[{"href":"https:\/\/inces.gob.ve\/index.php\/wp-json\/wp\/v2\/media?parent=19546"}],"wp:term":[{"taxonomy":"category","embeddable":true,"href":"https:\/\/inces.gob.ve\/index.php\/wp-json\/wp\/v2\/categories?post=19546"},{"taxonomy":"post_tag","embeddable":true,"href":"https:\/\/inces.gob.ve\/index.php\/wp-json\/wp\/v2\/tags?post=19546"}],"curies":[{"name":"wp","href":"https:\/\/api.w.org\/{rel}","templated":true}]}}