{"id":19551,"date":"2018-08-31T13:08:14","date_gmt":"2018-08-31T19:08:14","guid":{"rendered":"http:\/\/www.inces.gob.ve\/?p=19551"},"modified":"2020-05-28T20:31:25","modified_gmt":"2020-05-29T00:31:25","slug":"inces-certifica-a-trabajadores-del-ipasme","status":"publish","type":"post","link":"https:\/\/inces.gob.ve\/index.php\/2018\/08\/31\/inces-certifica-a-trabajadores-del-ipasme\/","title":{"rendered":"Inces certifica a trabajadores del Ipasme"},"content":{"rendered":"<p><i><b>** Los oficios pertenecen al motor Textil<\/b><\/i><!--more--><\/p>\n<p><b>INCES SEDE | Caracas<\/b><\/p>\n<p align=\"justify\">Un total de 75 trabajadores adscritos al Instituto de Previsi\u00f3n y Asistencia Social para el Personal del Ministerio de Educaci\u00f3n (Ipasme) fueron certificados por el Inces, la tarde de este viernes 31 de agosto.<\/p>\n<p align=\"justify\">\n<p align=\"justify\">Confecci\u00f3n de Ropa \u00cdntima, Elaboraci\u00f3n de Bolsos y Morrales y Confecci\u00f3n de Lencer\u00eda fueron algunos de los oficios dictados por la maestra t\u00e9cnico productiva Mar\u00eda Malaver al personal del Ipasme<\/p>\n<p align=\"justify\"><img loading=\"lazy\" decoding=\"async\" class=\"aligncenter wp-image-19553 size-large\" src=\"http:\/\/www.inces.gob.ve\/wp-content\/uploads\/2018\/08\/Dl8nTjjX4AI712Q-1024x576.jpg\" alt=\"\" width=\"640\" height=\"360\" srcset=\"https:\/\/inces.gob.ve\/wp-content\/uploads\/2018\/08\/Dl8nTjjX4AI712Q-1024x576.jpg 1024w, https:\/\/inces.gob.ve\/wp-content\/uploads\/2018\/08\/Dl8nTjjX4AI712Q-300x169.jpg 300w, https:\/\/inces.gob.ve\/wp-content\/uploads\/2018\/08\/Dl8nTjjX4AI712Q-768x432.jpg 768w, https:\/\/inces.gob.ve\/wp-content\/uploads\/2018\/08\/Dl8nTjjX4AI712Q.jpg 1080w\" sizes=\"auto, (max-width: 640px) 100vw, 640px\" \/><\/p>\n<p align=\"justify\">\n<p align=\"justify\">Por parte del Inces estuvo presente el presidente de la Instituci\u00f3n, Wuikelman Angel Paredes, quien respecto a esta actividad public\u00f3 en su cuenta Twitter: \u201cNo olvidemos la importancia de la formaci\u00f3n permanente para el trabajo, pues estar\u00edamos dando respuestas pertinentes en el quehacer laboral\u201d<\/p>\n<p><b>Noticia en desarrollo<\/b><\/p>\n","protected":false},"excerpt":{"rendered":"<p>** Los oficios pertenecen al motor Textil<\/p>\n","protected":false},"author":4,"featured_media":19552,"comment_status":"closed","ping_status":"open","sticky":false,"template":"","format":"standard","meta":{"footnotes":""},"categories":[2],"tags":[],"class_list":["post-19551","post","type-post","status-publish","format-standard","has-post-thumbnail","hentry","category-blog"],"_links":{"self":[{"href":"https:\/\/inces.gob.ve\/index.php\/wp-json\/wp\/v2\/posts\/19551","targetHints":{"allow":["GET"]}}],"collection":[{"href":"https:\/\/inces.gob.ve\/index.php\/wp-json\/wp\/v2\/posts"}],"about":[{"href":"https:\/\/inces.gob.ve\/index.php\/wp-json\/wp\/v2\/types\/post"}],"author":[{"embeddable":true,"href":"https:\/\/inces.gob.ve\/index.php\/wp-json\/wp\/v2\/users\/4"}],"replies":[{"embeddable":true,"href":"https:\/\/inces.gob.ve\/index.php\/wp-json\/wp\/v2\/comments?post=19551"}],"version-history":[{"count":1,"href":"https:\/\/inces.gob.ve\/index.php\/wp-json\/wp\/v2\/posts\/19551\/revisions"}],"predecessor-version":[{"id":19554,"href":"https:\/\/inces.gob.ve\/index.php\/wp-json\/wp\/v2\/posts\/19551\/revisions\/19554"}],"wp:featuredmedia":[{"embeddable":true,"href":"https:\/\/inces.gob.ve\/index.php\/wp-json\/wp\/v2\/media\/19552"}],"wp:attachment":[{"href":"https:\/\/inces.gob.ve\/index.php\/wp-json\/wp\/v2\/media?parent=19551"}],"wp:term":[{"taxonomy":"category","embeddable":true,"href":"https:\/\/inces.gob.ve\/index.php\/wp-json\/wp\/v2\/categories?post=19551"},{"taxonomy":"post_tag","embeddable":true,"href":"https:\/\/inces.gob.ve\/index.php\/wp-json\/wp\/v2\/tags?post=19551"}],"curies":[{"name":"wp","href":"https:\/\/api.w.org\/{rel}","templated":true}]}}