{"id":19565,"date":"2018-08-31T13:43:04","date_gmt":"2018-08-31T19:43:04","guid":{"rendered":"http:\/\/www.inces.gob.ve\/?p=19565"},"modified":"2020-05-28T20:31:25","modified_gmt":"2020-05-29T00:31:25","slug":"hijos-de-trabajadores-del-cfs-el-vigia-se-divierten-aprendiendo-y-produciendo","status":"publish","type":"post","link":"https:\/\/inces.gob.ve\/index.php\/2018\/08\/31\/hijos-de-trabajadores-del-cfs-el-vigia-se-divierten-aprendiendo-y-produciendo\/","title":{"rendered":"Hijos de trabajadores del CFS El Vig\u00eda se divierten aprendiendo y produciendo"},"content":{"rendered":"<p align=\"justify\"><span style=\"font-family: Arial,sans-serif;\"><i><b>** Confeccionaron y pintaron su franela, colaboraron en la elaboraci\u00f3n de adornos en madera, prepararon bombones y se divirtieron durante el plan vacacional<\/b><\/i><\/span><\/p>\n<p align=\"justify\">\n<p align=\"justify\"><!--more-->\n<\/p>\n<p align=\"justify\"><span style=\"font-family: Arial,sans-serif;\"><b>NADIA LOBO | M\u00e9rida<\/b><\/span><\/p>\n<p align=\"justify\">\n<p align=\"justify\">\n<p align=\"justify\"><span style=\"font-family: Arial,sans-serif;\">Bajo el lema \u201cFormar Produciendo, Producir Formando\u201d el centro de formaci\u00f3n socialista (CFS) El Vig\u00eda, ubicado en el municipio Alberto Adriani del estado M\u00e9rida, desarroll\u00f3 con \u00e9xito el Plan Vacacional destinado a los hijos e hijas de los trabajadores del Inces de esa entidad andina.<\/span><\/p>\n<p align=\"justify\">\n<p align=\"justify\"><span style=\"font-family: Arial,sans-serif;\">Se trata de un total de 40 ni\u00f1os y ni\u00f1as que durante una semana compartieron, disfrutaron y se divirtieron elaborando diferentes obras y piezas, lo que les permiti\u00f3 conquistar una jornada diferente, centrada en la producci\u00f3n y la formaci\u00f3n, adem\u00e1s de otras actividades recreativas que el CFS organiz\u00f3 con el apoyo de los propios trabajadores del centro de formaci\u00f3n.<\/span><\/p>\n<p align=\"justify\">\n<p align=\"justify\"><span style=\"font-family: Arial,sans-serif;\"><img loading=\"lazy\" decoding=\"async\" class=\"aligncenter wp-image-19571 size-full\" src=\"http:\/\/www.inces.gob.ve\/wp-content\/uploads\/2018\/08\/1aprendiendo-y-produciendo-.jpg\" alt=\"\" width=\"800\" height=\"599\" srcset=\"https:\/\/inces.gob.ve\/wp-content\/uploads\/2018\/08\/1aprendiendo-y-produciendo-.jpg 800w, https:\/\/inces.gob.ve\/wp-content\/uploads\/2018\/08\/1aprendiendo-y-produciendo--300x225.jpg 300w, https:\/\/inces.gob.ve\/wp-content\/uploads\/2018\/08\/1aprendiendo-y-produciendo--768x575.jpg 768w, https:\/\/inces.gob.ve\/wp-content\/uploads\/2018\/08\/1aprendiendo-y-produciendo--136x102.jpg 136w\" sizes=\"auto, (max-width: 800px) 100vw, 800px\" \/><\/span><\/p>\n<p align=\"justify\"><span style=\"font-family: Arial,sans-serif;\">La acci\u00f3n se centr\u00f3 en recorrer los diferentes espacios del CFS donde los consentidos de la casa, conocieron sus instalaciones, desde la parte administrativas, pasando por el consultorio m\u00e9dico, talleres, salones, hasta la visita y recorrido por los cinco laboratorios de alta tecnolog\u00eda con que cuenta el Inces.<\/span><\/p>\n<p align=\"justify\">\n<p align=\"justify\"><img loading=\"lazy\" decoding=\"async\" class=\"aligncenter wp-image-19570 size-full\" src=\"http:\/\/www.inces.gob.ve\/wp-content\/uploads\/2018\/08\/2aprendiendo-y-produciendo-.jpg\" alt=\"\" width=\"788\" height=\"800\" srcset=\"https:\/\/inces.gob.ve\/wp-content\/uploads\/2018\/08\/2aprendiendo-y-produciendo-.jpg 788w, https:\/\/inces.gob.ve\/wp-content\/uploads\/2018\/08\/2aprendiendo-y-produciendo--296x300.jpg 296w, https:\/\/inces.gob.ve\/wp-content\/uploads\/2018\/08\/2aprendiendo-y-produciendo--768x780.jpg 768w, https:\/\/inces.gob.ve\/wp-content\/uploads\/2018\/08\/2aprendiendo-y-produciendo--756x768.jpg 756w\" sizes=\"auto, (max-width: 788px) 100vw, 788px\" \/><\/p>\n<p align=\"justify\"><span style=\"font-family: Arial,sans-serif;\">En este sentido, el plan vacacional no solo se centr\u00f3 en la diversi\u00f3n, sino que adem\u00e1s, se enfoc\u00f3 en las primeras muestras de formaci\u00f3n y producci\u00f3n desde confeccionar su propia franela, utilizando el taller de textil, hasta estampar y personalizar su prenda aplicando la t\u00e9cnica de serigraf\u00eda. <\/span><\/p>\n<p align=\"justify\">\n<p align=\"justify\"><span style=\"font-family: Arial,sans-serif;\"><img loading=\"lazy\" decoding=\"async\" class=\"aligncenter wp-image-19569 \" src=\"http:\/\/www.inces.gob.ve\/wp-content\/uploads\/2018\/08\/3aprendiendo-y-produciendo-.jpg\" alt=\"\" width=\"664\" height=\"659\" srcset=\"https:\/\/inces.gob.ve\/wp-content\/uploads\/2018\/08\/3aprendiendo-y-produciendo-.jpg 744w, https:\/\/inces.gob.ve\/wp-content\/uploads\/2018\/08\/3aprendiendo-y-produciendo--150x150.jpg 150w, https:\/\/inces.gob.ve\/wp-content\/uploads\/2018\/08\/3aprendiendo-y-produciendo--300x298.jpg 300w\" sizes=\"auto, (max-width: 664px) 100vw, 664px\" \/><\/span><\/p>\n<p align=\"justify\"><span style=\"font-family: Arial,sans-serif;\">Otras de las actividades programadas denominada \u201cManitos a la siembra\u201d le permiti\u00f3 a los hijos de los trabajadores del Inces la siembra de plantas y semillas; conocieron el procesamiento del cacao, desde su siembra hasta convertirlo en chocolate y elaboraron su propio bomb\u00f3n. Siendo otra de las experiencias inigualables y productivas contempladas dentro del plan vacacional.<\/span><\/p>\n<p align=\"justify\">\n<p align=\"justify\"><span style=\"font-family: Arial,sans-serif;\">El recorrido por el taller de carpinter\u00eda estuvo bajo las m\u00e1s estrictas medidas de seguridad, donde los peque\u00f1os pudieron observar a los participantes trabajar en el torno, mesa de lijado y otras herramientas del tallado. Es importante destacar que en el curso de ebanister\u00eda se elabor\u00f3 un juguete did\u00e1ctico para cada uno de los ni\u00f1os.<\/span><\/p>\n<p align=\"justify\">\n<p align=\"justify\"><img loading=\"lazy\" decoding=\"async\" class=\"aligncenter wp-image-19567 size-full\" src=\"http:\/\/www.inces.gob.ve\/wp-content\/uploads\/2018\/08\/6aprendiendo-y-produciendo-.jpg\" alt=\"\" width=\"800\" height=\"600\" srcset=\"https:\/\/inces.gob.ve\/wp-content\/uploads\/2018\/08\/6aprendiendo-y-produciendo-.jpg 800w, https:\/\/inces.gob.ve\/wp-content\/uploads\/2018\/08\/6aprendiendo-y-produciendo--300x225.jpg 300w, https:\/\/inces.gob.ve\/wp-content\/uploads\/2018\/08\/6aprendiendo-y-produciendo--768x576.jpg 768w, https:\/\/inces.gob.ve\/wp-content\/uploads\/2018\/08\/6aprendiendo-y-produciendo--136x102.jpg 136w\" sizes=\"auto, (max-width: 800px) 100vw, 800px\" \/><br \/>\n<span style=\"font-family: Arial,sans-serif;\">La programaci\u00f3n se desarroll\u00f3 durante cinco jornadas, organizadas por los propios trabajadores del CFS, con el apoyo de los maestros y promotores t\u00e9cnicos productivos y la colaboraci\u00f3n de aprendices y recreadores del municipio Alberto Adriani, que cont\u00f3, adem\u00e1s del acostumbrado chequeo m\u00e9dico, de variadas actividades recreativas, deportivas, cotillones, mu\u00f1ecos gigantes, piscina, golosinas y meriendas; culminando con la entrega de un lindo recuerdo y un certificado para cada ni\u00f1os por su participaci\u00f3n en el plan vacacional Inces-2018. <\/span><\/p>\n<p align=\"justify\">\n<p align=\"justify\"><img loading=\"lazy\" decoding=\"async\" class=\"aligncenter wp-image-19568 size-full\" src=\"http:\/\/www.inces.gob.ve\/wp-content\/uploads\/2018\/08\/5aprendiendo-y-produciendo-.jpg\" alt=\"\" width=\"800\" height=\"595\" srcset=\"https:\/\/inces.gob.ve\/wp-content\/uploads\/2018\/08\/5aprendiendo-y-produciendo-.jpg 800w, https:\/\/inces.gob.ve\/wp-content\/uploads\/2018\/08\/5aprendiendo-y-produciendo--300x223.jpg 300w, https:\/\/inces.gob.ve\/wp-content\/uploads\/2018\/08\/5aprendiendo-y-produciendo--768x571.jpg 768w, https:\/\/inces.gob.ve\/wp-content\/uploads\/2018\/08\/5aprendiendo-y-produciendo--136x102.jpg 136w\" sizes=\"auto, (max-width: 800px) 100vw, 800px\" \/>\n<\/p>\n<p align=\"justify\">\n","protected":false},"excerpt":{"rendered":"<p>** Confeccionaron y pintaron su franela, colaboraron en la elaboraci\u00f3n de adornos en madera, prepararon bombones y se divirtieron durante el plan vacacional<\/p>\n","protected":false},"author":15,"featured_media":19566,"comment_status":"closed","ping_status":"closed","sticky":false,"template":"","format":"standard","meta":{"footnotes":""},"categories":[2],"tags":[],"class_list":["post-19565","post","type-post","status-publish","format-standard","has-post-thumbnail","hentry","category-blog"],"_links":{"self":[{"href":"https:\/\/inces.gob.ve\/index.php\/wp-json\/wp\/v2\/posts\/19565","targetHints":{"allow":["GET"]}}],"collection":[{"href":"https:\/\/inces.gob.ve\/index.php\/wp-json\/wp\/v2\/posts"}],"about":[{"href":"https:\/\/inces.gob.ve\/index.php\/wp-json\/wp\/v2\/types\/post"}],"author":[{"embeddable":true,"href":"https:\/\/inces.gob.ve\/index.php\/wp-json\/wp\/v2\/users\/15"}],"replies":[{"embeddable":true,"href":"https:\/\/inces.gob.ve\/index.php\/wp-json\/wp\/v2\/comments?post=19565"}],"version-history":[{"count":1,"href":"https:\/\/inces.gob.ve\/index.php\/wp-json\/wp\/v2\/posts\/19565\/revisions"}],"predecessor-version":[{"id":19572,"href":"https:\/\/inces.gob.ve\/index.php\/wp-json\/wp\/v2\/posts\/19565\/revisions\/19572"}],"wp:featuredmedia":[{"embeddable":true,"href":"https:\/\/inces.gob.ve\/index.php\/wp-json\/wp\/v2\/media\/19566"}],"wp:attachment":[{"href":"https:\/\/inces.gob.ve\/index.php\/wp-json\/wp\/v2\/media?parent=19565"}],"wp:term":[{"taxonomy":"category","embeddable":true,"href":"https:\/\/inces.gob.ve\/index.php\/wp-json\/wp\/v2\/categories?post=19565"},{"taxonomy":"post_tag","embeddable":true,"href":"https:\/\/inces.gob.ve\/index.php\/wp-json\/wp\/v2\/tags?post=19565"}],"curies":[{"name":"wp","href":"https:\/\/api.w.org\/{rel}","templated":true}]}}