{"id":19638,"date":"2018-09-03T10:46:18","date_gmt":"2018-09-03T16:46:18","guid":{"rendered":"http:\/\/www.inces.gob.ve\/?p=19638"},"modified":"2020-05-28T20:31:24","modified_gmt":"2020-05-29T00:31:24","slug":"maestro-y-participantes-del-cfs-bicentenario-comparten-experiencias-productivas","status":"publish","type":"post","link":"https:\/\/inces.gob.ve\/index.php\/2018\/09\/03\/maestro-y-participantes-del-cfs-bicentenario-comparten-experiencias-productivas\/","title":{"rendered":"Maestro y participantes del CFS Bicentenario comparten experiencias productivas"},"content":{"rendered":"<p align=\"justify\"><i><b>** En el marco del 59 aniversario del Inces, la exposici\u00f3n permiti\u00f3 que participantes y maestros compartieron sus vivencias durante su formaci\u00f3n<\/b><\/i><\/p>\n<p align=\"justify\">\n<p align=\"justify\"><!--more--><\/p>\n<p align=\"justify\">\n<p align=\"justify\"><span style=\"font-family: Arial,sans-serif;\"><b>NADIA LOBO | M\u00e9rida<\/b><\/span><\/p>\n<p align=\"justify\">\n<p align=\"justify\"><span style=\"font-family: Arial,sans-serif;\">Maestros pueblo, promotores t\u00e9cnicos productivos, participantes y trabajadores del centro de formaci\u00f3n socialista (CFS) Bicentenario, ubicado en la ciudad de M\u00e9rida, se dieron cita para socializar sus experiencias en los diferentes cursos y talleres que adelante el Inces en esta entidad andina.<\/span><\/p>\n<p align=\"justify\"><span style=\"font-family: Arial,sans-serif;\">La actividad inici\u00f3 con un sentido reconocimiento al maestro Luis Beltr\u00e1n Prieto Figueroa, fundador del Inces, donde no solo se record\u00f3 su legado como destacado luchador por los derechos del pueblo, sino adem\u00e1s, fue reconocido como uno de los m\u00e1s importantes maestros venezolanos del siglo XX.<\/span><\/p>\n<p>&nbsp;<\/p>\n<p>&nbsp;<\/p>\n<p align=\"justify\"><img loading=\"lazy\" decoding=\"async\" class=\"aligncenter wp-image-19644 size-large\" src=\"http:\/\/www.inces.gob.ve\/wp-content\/uploads\/2018\/09\/PELUQUERIA-5-1024x768.jpg\" alt=\"\" width=\"640\" height=\"480\" srcset=\"https:\/\/inces.gob.ve\/wp-content\/uploads\/2018\/09\/PELUQUERIA-5-1024x768.jpg 1024w, https:\/\/inces.gob.ve\/wp-content\/uploads\/2018\/09\/PELUQUERIA-5-300x225.jpg 300w, https:\/\/inces.gob.ve\/wp-content\/uploads\/2018\/09\/PELUQUERIA-5-768x576.jpg 768w, https:\/\/inces.gob.ve\/wp-content\/uploads\/2018\/09\/PELUQUERIA-5-136x102.jpg 136w\" sizes=\"auto, (max-width: 640px) 100vw, 640px\" \/><\/p>\n<p align=\"justify\">El encuentro, enmarcado en el quincuag\u00e9simo noveno aniversario del Inces, permiti\u00f3 compartir experiencias, conocimientos obtenidos y el intercambio de saberes tanto de facilitadores como de los propios participantes que evidenciaron durante el proceso de formaci\u00f3n en diversas \u00e1reas como: agro-ecolog\u00eda, textil, panader\u00eda, carpinter\u00eda y mec\u00e1nica automotriz.<\/p>\n<p align=\"justify\">El maestro Ricardo Ceballos, facilitador del \u00e1rea agr\u00edcola, manifest\u00f3 con satisfacci\u00f3n el acompa\u00f1amiento que viene prestando en diferentes comunidades con los cursos de construcci\u00f3n de semilleros, controladores biol\u00f3gicos, huertos familiar, agro-ecolog\u00eda, entre otros.<\/p>\n<p align=\"justify\"><img loading=\"lazy\" decoding=\"async\" class=\"aligncenter wp-image-19641 size-large\" src=\"http:\/\/www.inces.gob.ve\/wp-content\/uploads\/2018\/09\/EXPO-PANANDERIA-1024x768.jpg\" alt=\"\" width=\"640\" height=\"480\" srcset=\"https:\/\/inces.gob.ve\/wp-content\/uploads\/2018\/09\/EXPO-PANANDERIA-1024x768.jpg 1024w, https:\/\/inces.gob.ve\/wp-content\/uploads\/2018\/09\/EXPO-PANANDERIA-300x225.jpg 300w, https:\/\/inces.gob.ve\/wp-content\/uploads\/2018\/09\/EXPO-PANANDERIA-768x576.jpg 768w, https:\/\/inces.gob.ve\/wp-content\/uploads\/2018\/09\/EXPO-PANANDERIA-136x102.jpg 136w\" sizes=\"auto, (max-width: 640px) 100vw, 640px\" \/><\/p>\n<p align=\"justify\">Mar\u00eda P\u00e9rez, participante del curso textil, con emotividad expres\u00f3 que durante el curso aprendieron diferentes t\u00e9cnicas de costura y nuevas creaciones en ropa \u00edntima, pa\u00f1ales reusables para ni\u00f1os, vestidos, trajes y pantalones que mostraron durante el cierre de curso.<\/p>\n<p align=\"justify\"><img loading=\"lazy\" decoding=\"async\" class=\"aligncenter wp-image-19643 size-large\" src=\"http:\/\/www.inces.gob.ve\/wp-content\/uploads\/2018\/09\/CORAL-EXPO-BICENTENARIO-2-1024x768.jpg\" alt=\"\" width=\"640\" height=\"480\" srcset=\"https:\/\/inces.gob.ve\/wp-content\/uploads\/2018\/09\/CORAL-EXPO-BICENTENARIO-2-1024x768.jpg 1024w, https:\/\/inces.gob.ve\/wp-content\/uploads\/2018\/09\/CORAL-EXPO-BICENTENARIO-2-300x225.jpg 300w, https:\/\/inces.gob.ve\/wp-content\/uploads\/2018\/09\/CORAL-EXPO-BICENTENARIO-2-768x576.jpg 768w, https:\/\/inces.gob.ve\/wp-content\/uploads\/2018\/09\/CORAL-EXPO-BICENTENARIO-2-136x102.jpg 136w\" sizes=\"auto, (max-width: 640px) 100vw, 640px\" \/><\/p>\n<p align=\"justify\">\u201cAgradezco al Inces y a la profesora Mar\u00eda Josefina D\u00e1vila por regalarnos sus conocimientos a nosotras que ahora podemos compartirlo con nuestros familiares, vecinos y comunidad. Gracias a este curso he tenido la oportunidad de ayudarme econ\u00f3micamente vendiendo mis creaciones y tengo planificado conjuntamente con mi familia solicitar el cr\u00e9dito \u201cSoy Mujer\u201d al banco Bicentenario para nuestra propia empresa textil\u201d, dijo la participante.<\/p>\n<p align=\"justify\"><b>M<\/b><b>oda y peluquer\u00eda prese<\/b><b>n<\/b><b>te<\/b><\/p>\n<p align=\"justify\">Los participantes de los cursos del \u00e1rea textil pudieron desfilar piezas confeccionadas durante la formaci\u00f3n, desde ropa \u00edntima, hasta lencer\u00eda, lo cual les permite poder crear sus propios dise\u00f1os en ropa tanto para ni\u00f1os como para damas y caballeros.<\/p>\n<p align=\"justify\">Por la pasarela desfilaron, vestidos, trajes de ba\u00f1o, blusas, faldas y pantalones que fueron confeccionados en los diferentes cursos y dependencias del CFS Bicentenario, adem\u00e1s de mostrar otros tipos de prendas dise\u00f1adas con tela de reciclaje y modificaciones de piezas.<\/p>\n<p align=\"justify\"><img loading=\"lazy\" decoding=\"async\" class=\"aligncenter wp-image-19639 size-large\" src=\"http:\/\/www.inces.gob.ve\/wp-content\/uploads\/2018\/09\/EXPO-BICENTENARIO--1024x768.jpg\" alt=\"\" width=\"640\" height=\"480\" srcset=\"https:\/\/inces.gob.ve\/wp-content\/uploads\/2018\/09\/EXPO-BICENTENARIO--1024x768.jpg 1024w, https:\/\/inces.gob.ve\/wp-content\/uploads\/2018\/09\/EXPO-BICENTENARIO--300x225.jpg 300w, https:\/\/inces.gob.ve\/wp-content\/uploads\/2018\/09\/EXPO-BICENTENARIO--768x576.jpg 768w, https:\/\/inces.gob.ve\/wp-content\/uploads\/2018\/09\/EXPO-BICENTENARIO--136x102.jpg 136w\" sizes=\"auto, (max-width: 640px) 100vw, 640px\" \/><\/p>\n<p align=\"justify\">Por otra parte, el curso de peluquer\u00eda present\u00f3 y comparti\u00f3 con los presentes los avances en su formaci\u00f3n, pues cada uno de los participantes comparti\u00f3 con el p\u00fablico presente su modelo mostrando desde cortes de cabello hasta los m\u00e1s sofisticados peinados.<\/p>\n<p align=\"justify\">PAN DULCE Y SALADO<\/p>\n<p align=\"justify\">El pan no pod\u00eda faltar en la exposici\u00f3n, ya que el CFS Bicentenario desarrolla de manera exitosa su proyecto en el \u00e1rea de panificaci\u00f3n, con los diferentes cursos de panader\u00eda artesanal y reposter\u00eda que se preparan en el centro de formaci\u00f3n y que garantiza el pan para la comunidad a precios justo.<\/p>\n<p align=\"justify\">CORAL OFRECI\u00d3 REPERTORIO<\/p>\n<p align=\"justify\">Durante la actividad, la Coral de Inces M\u00e9rida, ofreci\u00f3 al p\u00fablico presente su mas reciente recital lleno de alegr\u00eda, emoci\u00f3n y patriotismo, pues gran parte de su repertorio esta centrado en el folclore venezolano.<\/p>\n<p align=\"justify\">Los integrantes de la Coral del Inces-M\u00e9rida, estar\u00e1n presente en las diversas actividades que desarrolla la Gerencia Regional para celebrar el 59 aniversario de la instituci\u00f3n, asegur\u00f3 su director, profesor R\u00f3ldan F\u00e9rnandez.<\/p>\n<p align=\"justify\">NADIA LOBO|M\u00e9rida<\/p>\n","protected":false},"excerpt":{"rendered":"<p>** En el marco del 59 aniversario del Inces, la exposici\u00f3n permiti\u00f3 que participantes y maestros compartieron sus vivencias durante su formaci\u00f3n<\/p>\n","protected":false},"author":4,"featured_media":19640,"comment_status":"closed","ping_status":"closed","sticky":false,"template":"","format":"standard","meta":{"footnotes":""},"categories":[2],"tags":[],"class_list":["post-19638","post","type-post","status-publish","format-standard","has-post-thumbnail","hentry","category-blog"],"_links":{"self":[{"href":"https:\/\/inces.gob.ve\/index.php\/wp-json\/wp\/v2\/posts\/19638","targetHints":{"allow":["GET"]}}],"collection":[{"href":"https:\/\/inces.gob.ve\/index.php\/wp-json\/wp\/v2\/posts"}],"about":[{"href":"https:\/\/inces.gob.ve\/index.php\/wp-json\/wp\/v2\/types\/post"}],"author":[{"embeddable":true,"href":"https:\/\/inces.gob.ve\/index.php\/wp-json\/wp\/v2\/users\/4"}],"replies":[{"embeddable":true,"href":"https:\/\/inces.gob.ve\/index.php\/wp-json\/wp\/v2\/comments?post=19638"}],"version-history":[{"count":4,"href":"https:\/\/inces.gob.ve\/index.php\/wp-json\/wp\/v2\/posts\/19638\/revisions"}],"predecessor-version":[{"id":19666,"href":"https:\/\/inces.gob.ve\/index.php\/wp-json\/wp\/v2\/posts\/19638\/revisions\/19666"}],"wp:featuredmedia":[{"embeddable":true,"href":"https:\/\/inces.gob.ve\/index.php\/wp-json\/wp\/v2\/media\/19640"}],"wp:attachment":[{"href":"https:\/\/inces.gob.ve\/index.php\/wp-json\/wp\/v2\/media?parent=19638"}],"wp:term":[{"taxonomy":"category","embeddable":true,"href":"https:\/\/inces.gob.ve\/index.php\/wp-json\/wp\/v2\/categories?post=19638"},{"taxonomy":"post_tag","embeddable":true,"href":"https:\/\/inces.gob.ve\/index.php\/wp-json\/wp\/v2\/tags?post=19638"}],"curies":[{"name":"wp","href":"https:\/\/api.w.org\/{rel}","templated":true}]}}