{"id":19728,"date":"2018-09-06T11:56:17","date_gmt":"2018-09-06T17:56:17","guid":{"rendered":"http:\/\/www.inces.gob.ve\/?p=19728"},"modified":"2020-05-28T20:31:23","modified_gmt":"2020-05-29T00:31:23","slug":"inces-caracas-fortalece-plan-de-siembra-y-produccion-agricola","status":"publish","type":"post","link":"https:\/\/inces.gob.ve\/index.php\/2018\/09\/06\/inces-caracas-fortalece-plan-de-siembra-y-produccion-agricola\/","title":{"rendered":"Inces Caracas fortalece plan de siembra y producci\u00f3n agr\u00edcola\u00a0"},"content":{"rendered":"<p align=\"justify\"><span style=\"font-family: Arial,sans-serif;\"><i><b>**El CFS Metalmec\u00e1nica del 23 de enero se suma al plan de siembra y producci\u00f3n agr\u00edcola con la cosecha de cilantro, rubro que ser\u00e1 distribuido en la parroquia a bajo costo.<\/b><\/i><\/span><\/p>\n<p align=\"justify\"><!--more--><\/p>\n<p align=\"justify\"><span style=\"font-family: Arial,sans-serif;\"><b>JOS\u00c9 EUGENIO MENDOZA | Distrito Capital<\/b><\/span><\/p>\n<p align=\"justify\"><span style=\"font-family: Arial,sans-serif;\">Como parte de la estrategia del Inces Distrito Capital en materia de producci\u00f3n agr\u00edcola, se realiz\u00f3 una jornada para recolectar la cosecha de cilantro dentro de las instalaciones del CFS 23 de Enero. <\/span><\/p>\n<p align=\"justify\"><img loading=\"lazy\" decoding=\"async\" class=\"aligncenter wp-image-19730 size-full\" src=\"http:\/\/www.inces.gob.ve\/wp-content\/uploads\/2018\/09\/2producci\u00f3n-agr\u00edcola.jpg\" alt=\"\" width=\"850\" height=\"638\" srcset=\"https:\/\/inces.gob.ve\/wp-content\/uploads\/2018\/09\/2producci\u00f3n-agr\u00edcola.jpg 850w, https:\/\/inces.gob.ve\/wp-content\/uploads\/2018\/09\/2producci\u00f3n-agr\u00edcola-300x225.jpg 300w, https:\/\/inces.gob.ve\/wp-content\/uploads\/2018\/09\/2producci\u00f3n-agr\u00edcola-768x576.jpg 768w, https:\/\/inces.gob.ve\/wp-content\/uploads\/2018\/09\/2producci\u00f3n-agr\u00edcola-136x102.jpg 136w\" sizes=\"auto, (max-width: 850px) 100vw, 850px\" \/><\/p>\n<p align=\"justify\"><span style=\"font-family: Arial,sans-serif;\">Eudi Otaiza, jefe del centro de formaci\u00f3n, expres\u00f3: \u00abeste es el resultado de un esfuerzo colectivo que hacemos, principalmente, para beneficio de la comunidad, pues la venta de este rubro ser\u00e1 a precio solidario para las y los vecinos de este centro formativo\u00bb.<\/span><\/p>\n<p align=\"justify\"><span style=\"font-family: Arial,sans-serif;\">Otaiza agreg\u00f3 que si bien el fuerte del CFS no es el \u00e1rea agr\u00edcola, se han realizado trabajos para su adecuaci\u00f3n con el fin de convertirlos en un centro polivalente, capaz de atender los distintos \u00e1mbitos de formaci\u00f3n, con especial inter\u00e9s en potenciar el \u00e1mbito agroalimentario requerido por la comunidad.<\/span><\/p>\n<p align=\"justify\"><img loading=\"lazy\" decoding=\"async\" class=\"aligncenter wp-image-19729 size-full\" src=\"http:\/\/www.inces.gob.ve\/wp-content\/uploads\/2018\/09\/3producci\u00f3n-agr\u00edcola.jpg\" alt=\"\" width=\"850\" height=\"638\" srcset=\"https:\/\/inces.gob.ve\/wp-content\/uploads\/2018\/09\/3producci\u00f3n-agr\u00edcola.jpg 850w, https:\/\/inces.gob.ve\/wp-content\/uploads\/2018\/09\/3producci\u00f3n-agr\u00edcola-300x225.jpg 300w, https:\/\/inces.gob.ve\/wp-content\/uploads\/2018\/09\/3producci\u00f3n-agr\u00edcola-768x576.jpg 768w, https:\/\/inces.gob.ve\/wp-content\/uploads\/2018\/09\/3producci\u00f3n-agr\u00edcola-136x102.jpg 136w\" sizes=\"auto, (max-width: 850px) 100vw, 850px\" \/><\/p>\n<p align=\"justify\"><span style=\"font-family: Arial,sans-serif;\">Todos los rubros producidos en este centro educativo se distribuyen en la comodidad a precios accesibles en el marco del plan de producci\u00f3n orientado por el presidente del Inces Wuikelman Angel Paredes.<\/span><\/p>\n","protected":false},"excerpt":{"rendered":"<p>**El CFS Metalmec\u00e1nica del 23 de enero se suma al plan de siembra y producci\u00f3n agr\u00edcola con la cosecha de cilantro, rubro que ser\u00e1 distribuido en la parroquia a bajo costo.<\/p>\n","protected":false},"author":15,"featured_media":19731,"comment_status":"closed","ping_status":"closed","sticky":false,"template":"","format":"standard","meta":{"footnotes":""},"categories":[2],"tags":[],"class_list":["post-19728","post","type-post","status-publish","format-standard","has-post-thumbnail","hentry","category-blog"],"_links":{"self":[{"href":"https:\/\/inces.gob.ve\/index.php\/wp-json\/wp\/v2\/posts\/19728","targetHints":{"allow":["GET"]}}],"collection":[{"href":"https:\/\/inces.gob.ve\/index.php\/wp-json\/wp\/v2\/posts"}],"about":[{"href":"https:\/\/inces.gob.ve\/index.php\/wp-json\/wp\/v2\/types\/post"}],"author":[{"embeddable":true,"href":"https:\/\/inces.gob.ve\/index.php\/wp-json\/wp\/v2\/users\/15"}],"replies":[{"embeddable":true,"href":"https:\/\/inces.gob.ve\/index.php\/wp-json\/wp\/v2\/comments?post=19728"}],"version-history":[{"count":2,"href":"https:\/\/inces.gob.ve\/index.php\/wp-json\/wp\/v2\/posts\/19728\/revisions"}],"predecessor-version":[{"id":19740,"href":"https:\/\/inces.gob.ve\/index.php\/wp-json\/wp\/v2\/posts\/19728\/revisions\/19740"}],"wp:featuredmedia":[{"embeddable":true,"href":"https:\/\/inces.gob.ve\/index.php\/wp-json\/wp\/v2\/media\/19731"}],"wp:attachment":[{"href":"https:\/\/inces.gob.ve\/index.php\/wp-json\/wp\/v2\/media?parent=19728"}],"wp:term":[{"taxonomy":"category","embeddable":true,"href":"https:\/\/inces.gob.ve\/index.php\/wp-json\/wp\/v2\/categories?post=19728"},{"taxonomy":"post_tag","embeddable":true,"href":"https:\/\/inces.gob.ve\/index.php\/wp-json\/wp\/v2\/tags?post=19728"}],"curies":[{"name":"wp","href":"https:\/\/api.w.org\/{rel}","templated":true}]}}