{"id":19793,"date":"2018-09-10T08:08:54","date_gmt":"2018-09-10T14:08:54","guid":{"rendered":"http:\/\/www.inces.gob.ve\/?p=19793"},"modified":"2020-05-28T20:31:23","modified_gmt":"2020-05-29T00:31:23","slug":"semillero-de-la-patria-vacaciono-con-el-inces","status":"publish","type":"post","link":"https:\/\/inces.gob.ve\/index.php\/2018\/09\/10\/semillero-de-la-patria-vacaciono-con-el-inces\/","title":{"rendered":"Semillero de la patria vacacion\u00f3 con el Inces"},"content":{"rendered":"<p align=\"justify\"><span style=\"font-family: Arial,sans-serif;\"><i><b>** El plan recreativo sirvi\u00f3 para crear conciencia ecol\u00f3gica y productiva en los ni\u00f1os y ni\u00f1as <\/b><\/i><\/span><\/p>\n<p align=\"justify\">\n<!--more--><\/p>\n<p align=\"justify\"><span style=\"font-family: Arial,sans-serif;\"><b>MARI\u00c1NGEL HENR\u00cdQUEZ | Monagas<\/b><\/span><\/p>\n<p align=\"justify\">\n<p align=\"justify\"><span style=\"font-family: Arial,sans-serif;\">Durante tres semanas los hijos e hijas de los trabajadores del Inces en el estado Monagas vivieron la experiencia de participar en actividades formativas, productivas, recreativas y culturales que formaron parte del taller de Mini Chef promovido en todo el territorio nacional para el disfrute de los m\u00e1s peque\u00f1os de la casa en el periodo vacacional.<\/span><\/p>\n<p align=\"justify\">\n<p align=\"justify\"><span style=\"font-family: Arial,sans-serif;\">Con una programaci\u00f3n nutrida, donde se involucraron los motores estrat\u00e9gicos econ\u00f3micos, los chamos y chamas desarollaron pr\u00e1cticas de producci\u00f3n en selecci\u00f3n y siembra de diversas semillas, manejo de controladores biol\u00f3gicos, entre otras del \u00e1rea agr\u00edcola.<\/span><\/p>\n<p align=\"justify\">\n<p align=\"justify\"><img loading=\"lazy\" decoding=\"async\" class=\"aligncenter wp-image-19796 size-full\" src=\"http:\/\/www.inces.gob.ve\/wp-content\/uploads\/2018\/09\/1-Semillero-de-la-patria.jpg\" alt=\"\" width=\"750\" height=\"458\" srcset=\"https:\/\/inces.gob.ve\/wp-content\/uploads\/2018\/09\/1-Semillero-de-la-patria.jpg 750w, https:\/\/inces.gob.ve\/wp-content\/uploads\/2018\/09\/1-Semillero-de-la-patria-300x183.jpg 300w\" sizes=\"auto, (max-width: 750px) 100vw, 750px\" \/>\n<\/p>\n<p align=\"justify\"><span style=\"font-family: Arial,sans-serif;\">Adem\u00e1s, desempe\u00f1aron un papel importante en la elaboraci\u00f3n de panes, tortas, dulces y cocteles con el apoyo del maestro t\u00e9cnico productivo (MTP) Luis Sojo del programa Turismo, con el que adquirieron nuevos conocimientos que seguir\u00e1n implementando desde sus hogares.<\/span><\/p>\n<p align=\"justify\">\n<p align=\"justify\"><span style=\"font-family: Arial,sans-serif;\">Motivados por sus ganas de aprender, disfrutar, compartir y divertirse los ni\u00f1os y ni\u00f1as tambi\u00e9n realizaron trabajos relacionados con el motor Construcci\u00f3n, como la elaboraci\u00f3n de juegos did\u00e1cticos, <\/span><\/p>\n<p align=\"justify\">\n<p align=\"justify\"><span style=\"font-family: Arial,sans-serif;\">Yarled Marcano, ni\u00f1a de 8 a\u00f1os de edad, dijo que el plan le pareci\u00f3 bien porque fue muy divertido y le permiti\u00f3 conocer a otros amiguitos; lo que m\u00e1s le gust\u00f3 fueron las actividades de cocina, ya que tuvo la oportunidad por primera vez de trabajar en equipo y hacer muchas cosas deliciosas. Con una sonrisa en su rostro le dio las gracias al Inces por la iniciativa y solicit\u00f3 que lo lleven a cabo otra vez.<\/span><\/p>\n<p align=\"justify\">\n<p align=\"justify\"><img loading=\"lazy\" decoding=\"async\" class=\"aligncenter wp-image-19794 size-full\" src=\"http:\/\/www.inces.gob.ve\/wp-content\/uploads\/2018\/09\/4Semillero-de-la-patria.jpg\" alt=\"\" width=\"800\" height=\"600\" srcset=\"https:\/\/inces.gob.ve\/wp-content\/uploads\/2018\/09\/4Semillero-de-la-patria.jpg 800w, https:\/\/inces.gob.ve\/wp-content\/uploads\/2018\/09\/4Semillero-de-la-patria-300x225.jpg 300w, https:\/\/inces.gob.ve\/wp-content\/uploads\/2018\/09\/4Semillero-de-la-patria-768x576.jpg 768w, https:\/\/inces.gob.ve\/wp-content\/uploads\/2018\/09\/4Semillero-de-la-patria-136x102.jpg 136w\" sizes=\"auto, (max-width: 800px) 100vw, 800px\" \/>\n<\/p>\n<p align=\"justify\"><span style=\"font-family: Arial,sans-serif;\">Por su parte, Marlene Barry, coordinadora del motor mencionado, manifest\u00f3 \u201cde complemento y para realzar los valores y principios en los peque\u00f1os, la Coordinaci\u00f3n de Cultura, Deporte, Recreaci\u00f3n y Participaci\u00f3n Comunal, en conjunto con los MTP de los cursos de Recreaci\u00f3n, le ofrecieron juegos, din\u00e1micas, pinta caritas, pel\u00edculas y dem\u00e1s actividades para su formaci\u00f3n integral\u201d.<\/span><\/p>\n<p align=\"justify\">\n<p align=\"justify\">\n","protected":false},"excerpt":{"rendered":"<p>** El plan recreativo sirvi\u00f3 para crear conciencia ecol\u00f3gica y productiva en los ni\u00f1os y ni\u00f1as<\/p>\n","protected":false},"author":15,"featured_media":19795,"comment_status":"closed","ping_status":"closed","sticky":false,"template":"","format":"standard","meta":{"footnotes":""},"categories":[2],"tags":[],"class_list":["post-19793","post","type-post","status-publish","format-standard","has-post-thumbnail","hentry","category-blog"],"_links":{"self":[{"href":"https:\/\/inces.gob.ve\/index.php\/wp-json\/wp\/v2\/posts\/19793","targetHints":{"allow":["GET"]}}],"collection":[{"href":"https:\/\/inces.gob.ve\/index.php\/wp-json\/wp\/v2\/posts"}],"about":[{"href":"https:\/\/inces.gob.ve\/index.php\/wp-json\/wp\/v2\/types\/post"}],"author":[{"embeddable":true,"href":"https:\/\/inces.gob.ve\/index.php\/wp-json\/wp\/v2\/users\/15"}],"replies":[{"embeddable":true,"href":"https:\/\/inces.gob.ve\/index.php\/wp-json\/wp\/v2\/comments?post=19793"}],"version-history":[{"count":1,"href":"https:\/\/inces.gob.ve\/index.php\/wp-json\/wp\/v2\/posts\/19793\/revisions"}],"predecessor-version":[{"id":19797,"href":"https:\/\/inces.gob.ve\/index.php\/wp-json\/wp\/v2\/posts\/19793\/revisions\/19797"}],"wp:featuredmedia":[{"embeddable":true,"href":"https:\/\/inces.gob.ve\/index.php\/wp-json\/wp\/v2\/media\/19795"}],"wp:attachment":[{"href":"https:\/\/inces.gob.ve\/index.php\/wp-json\/wp\/v2\/media?parent=19793"}],"wp:term":[{"taxonomy":"category","embeddable":true,"href":"https:\/\/inces.gob.ve\/index.php\/wp-json\/wp\/v2\/categories?post=19793"},{"taxonomy":"post_tag","embeddable":true,"href":"https:\/\/inces.gob.ve\/index.php\/wp-json\/wp\/v2\/tags?post=19793"}],"curies":[{"name":"wp","href":"https:\/\/api.w.org\/{rel}","templated":true}]}}