{"id":19942,"date":"2018-09-13T10:44:52","date_gmt":"2018-09-13T16:44:52","guid":{"rendered":"http:\/\/www.inces.gob.ve\/?p=19942"},"modified":"2020-05-28T20:31:22","modified_gmt":"2020-05-29T00:31:22","slug":"consejo-de-trabajadores-productivos-se-formaran-con-inces-en-area-tecnicas-y-administrativas","status":"publish","type":"post","link":"https:\/\/inces.gob.ve\/index.php\/2018\/09\/13\/consejo-de-trabajadores-productivos-se-formaran-con-inces-en-area-tecnicas-y-administrativas\/","title":{"rendered":"Consejo de Trabajadores Productivos se formar\u00e1n con Inces en \u00e1rea t\u00e9cnicas y administrativas"},"content":{"rendered":"<p style=\"text-align: justify;\" align=\"justify\"><span style=\"font-family: Arial,sans-serif;\"><i><b>** 27 voceros de esta organizaci\u00f3n obrera iniciaron el Plan de Formaci\u00f3n en las instalaciones del CFS Jes\u00fas Gordo P\u00e1ez de Barquisimeto<\/b><\/i><\/span><\/p>\n<p align=\"justify\">\n<p style=\"text-align: justify;\" align=\"justify\"><!--more--><\/p>\n<p style=\"text-align: justify;\" align=\"justify\"><span style=\"font-family: Arial,sans-serif;\"><b>GAUDY L\u00d3PEZ | Lara<\/b><\/span><\/p>\n<p align=\"justify\">\n<p style=\"text-align: justify;\" align=\"justify\"><span style=\"font-family: Arial,sans-serif;\">Un conversatorio sobre la historia del movimiento obrero por el constituyentista Jos\u00e9 Nova dio inicio al Plan de Formaci\u00f3n a Consejos de Trabajadores Productivos (CTP) de empresas de alimentos, farmacia, y productos de higiene y aseo personal del estado Lara. El Inces formar\u00e1 en los m\u00f3dulos administrativos y t\u00e9cnicos a los voceros de la organizaci\u00f3n obrerista.<\/span><\/p>\n<p align=\"justify\">\n<p style=\"text-align: justify;\" align=\"justify\"><span style=\"font-family: Arial,sans-serif;\">La primera fase del plan formativo piloto se realizar\u00e1 en los espacios del centro de formaci\u00f3n socialista (CFS) Jes\u00fas Gordo P\u00e1ez, donde se abordar\u00e1n contenidos pol\u00edticos, ideol\u00f3gicos, encadenamiento productivo, defensa integral, econom\u00eda productiva, t\u00e9cnica y administrativa con la participaci\u00f3n del Inces, Escuela de Formaci\u00f3n 1 de mayo, Milicia Bolivariana, Sundes, Seniat, Ministerio del Poder Popular para el el Proceso Social del Trabajo, Universidad Jes\u00fas Rivero y Seniat. <\/span><\/p>\n<p align=\"justify\">\n<p style=\"text-align: justify;\" align=\"justify\"><span style=\"font-family: Arial,sans-serif;\">En el lanzamiento del plan de formaci\u00f3n, el constituyentista Jos\u00e9 Novoa hizo un recuento hist\u00f3rico del movimiento obrero. Comparti\u00f3 con los asistentes la diferencia entre el socialismo burgu\u00e9s y el cient\u00edfico, la revoluci\u00f3n industrial y la constituci\u00f3n de la primera Conferencia Internacional de Trabajadores. \u201cA los trabajadores le lleg\u00f3 la hora de prepararse para defender al pueblo que decidi\u00f3 ser libre de las agresiones de Estados Unidos\u201d<\/span><\/p>\n<p align=\"justify\">\n<p style=\"text-align: justify;\" align=\"justify\"><span style=\"font-family: Arial,sans-serif;\"><img loading=\"lazy\" decoding=\"async\" class=\"aligncenter wp-image-19943 size-full\" src=\"http:\/\/www.inces.gob.ve\/wp-content\/uploads\/2018\/09\/2Consejo-de-Trabajadores.jpg\" alt=\"\" width=\"800\" height=\"600\" srcset=\"https:\/\/inces.gob.ve\/wp-content\/uploads\/2018\/09\/2Consejo-de-Trabajadores.jpg 800w, https:\/\/inces.gob.ve\/wp-content\/uploads\/2018\/09\/2Consejo-de-Trabajadores-300x225.jpg 300w, https:\/\/inces.gob.ve\/wp-content\/uploads\/2018\/09\/2Consejo-de-Trabajadores-768x576.jpg 768w, https:\/\/inces.gob.ve\/wp-content\/uploads\/2018\/09\/2Consejo-de-Trabajadores-136x102.jpg 136w\" sizes=\"auto, (max-width: 800px) 100vw, 800px\" \/><\/span><\/p>\n<p style=\"text-align: justify;\" align=\"justify\"><span style=\"font-family: Arial,sans-serif;\">Pedro Rosas, presidente de la Federaci\u00f3n de Universidades Socialista record\u00f3 a los 27 voceros de consejos de trabajadores productivos, a la juventud que se forma en Inces y a los responsables de instituciones del Gobierno Bolivariano que los trabajadores deben fortalecer sus conocimientos en todos los \u00e1mbitos para asumir el control de las empresas ante las amenazas intervencionistas del Imperio.<\/span><\/p>\n<p align=\"justify\">\n<p style=\"text-align: justify;\" align=\"justify\"><span style=\"font-family: Arial,sans-serif;\">La segunda fase de la capacitaci\u00f3n, que ser\u00e1 incluida en el Plan Bienal de Formaci\u00f3n, se realizar\u00e1 directamente desde la f\u00e1brica, as\u00ed lo destac\u00f3 el vocero de la sala situacional de los Consejos Productivos de Trabajadores, en Lara, impulsados por el presidente Nicol\u00e1s Maduro para entregar herramientas a los trabajadores para que aseguren y se encadenen a los motores productivos de la Agenda Econ\u00f3mica Bolivariana. <\/span><\/p>\n<p align=\"justify\">\n<p style=\"text-align: justify;\" align=\"justify\"><span style=\"font-family: Arial,sans-serif;\">Al lanzamiento de la actividad tambi\u00e9n asistieron el gerente del Inces, Julio C\u00e9sar Garc\u00eda L\u00f3pez, jefe de Divisi\u00f3n de Formaci\u00f3n Profesional; Rub\u00e9n Rond\u00f3n, presidente de la Federaci\u00f3n Venezolana de Trabajadores, Eliezer Vargas y Luis Soto, coordinador de los CTP en el estado Lara.<\/span><\/p>\n","protected":false},"excerpt":{"rendered":"<p>** 27 voceros de esta organizaci\u00f3n obrera iniciaron el Plan de Formaci\u00f3n en las instalaciones del CFS Jes\u00fas Gordo P\u00e1ez de Barquisimeto<\/p>\n","protected":false},"author":15,"featured_media":19944,"comment_status":"closed","ping_status":"closed","sticky":false,"template":"","format":"standard","meta":{"footnotes":""},"categories":[2],"tags":[],"class_list":["post-19942","post","type-post","status-publish","format-standard","has-post-thumbnail","hentry","category-blog"],"_links":{"self":[{"href":"https:\/\/inces.gob.ve\/index.php\/wp-json\/wp\/v2\/posts\/19942","targetHints":{"allow":["GET"]}}],"collection":[{"href":"https:\/\/inces.gob.ve\/index.php\/wp-json\/wp\/v2\/posts"}],"about":[{"href":"https:\/\/inces.gob.ve\/index.php\/wp-json\/wp\/v2\/types\/post"}],"author":[{"embeddable":true,"href":"https:\/\/inces.gob.ve\/index.php\/wp-json\/wp\/v2\/users\/15"}],"replies":[{"embeddable":true,"href":"https:\/\/inces.gob.ve\/index.php\/wp-json\/wp\/v2\/comments?post=19942"}],"version-history":[{"count":2,"href":"https:\/\/inces.gob.ve\/index.php\/wp-json\/wp\/v2\/posts\/19942\/revisions"}],"predecessor-version":[{"id":19946,"href":"https:\/\/inces.gob.ve\/index.php\/wp-json\/wp\/v2\/posts\/19942\/revisions\/19946"}],"wp:featuredmedia":[{"embeddable":true,"href":"https:\/\/inces.gob.ve\/index.php\/wp-json\/wp\/v2\/media\/19944"}],"wp:attachment":[{"href":"https:\/\/inces.gob.ve\/index.php\/wp-json\/wp\/v2\/media?parent=19942"}],"wp:term":[{"taxonomy":"category","embeddable":true,"href":"https:\/\/inces.gob.ve\/index.php\/wp-json\/wp\/v2\/categories?post=19942"},{"taxonomy":"post_tag","embeddable":true,"href":"https:\/\/inces.gob.ve\/index.php\/wp-json\/wp\/v2\/tags?post=19942"}],"curies":[{"name":"wp","href":"https:\/\/api.w.org\/{rel}","templated":true}]}}