{"id":19952,"date":"2018-09-13T11:05:38","date_gmt":"2018-09-13T17:05:38","guid":{"rendered":"http:\/\/www.inces.gob.ve\/?p=19952"},"modified":"2020-05-28T20:31:22","modified_gmt":"2020-05-29T00:31:22","slug":"conversan-sobre-el-plan-de-recuperacion-crecimiento-y-prosperidad-economica","status":"publish","type":"post","link":"https:\/\/inces.gob.ve\/index.php\/2018\/09\/13\/conversan-sobre-el-plan-de-recuperacion-crecimiento-y-prosperidad-economica\/","title":{"rendered":"Conversan sobre el plan de recuperaci\u00f3n crecimiento y prosperidad econ\u00f3mica"},"content":{"rendered":"<p style=\"text-align: justify;\" align=\"justify\"><span style=\"font-family: Arial,sans-serif;\"><i><b>** Herramientas para conocer las razones y el porque de las medidas econ\u00f3micas<\/b><\/i><\/span><\/p>\n<p align=\"justify\">\n<p style=\"text-align: justify;\" align=\"justify\"><!--more--><\/p>\n<p align=\"justify\">\n<p style=\"text-align: justify;\" align=\"justify\"><span style=\"font-family: Arial,sans-serif;\"><b>DANNYS MORILLO | Lara<\/b><\/span><\/p>\n<p align=\"justify\">\n<p style=\"text-align: justify;\" align=\"justify\"><span style=\"font-family: Arial,sans-serif;\">Con la finalidad de atender al punto y c\u00edrculo del Inces y con la calidad y profundidad que hace recordar los esfuerzos realizados por el comandante Ch\u00e1vez para ser un pa\u00eds independiente y soberano, la parroquia Uni\u00f3n se reuni\u00f3 en Inces Lara para asistir a la conferencia referida al Programa de Recuperaci\u00f3n, Crecimiento y Prosperidad Econ\u00f3mica, bajo la conducci\u00f3n del ingeniero Camilo Dicola.<\/span><\/p>\n<p style=\"text-align: justify;\" align=\"justify\"><span style=\"font-family: Arial,sans-serif;\">Para Dicola, los aspectos hist\u00f3ricos y actuales que impulsaron al presidente Nicol\u00e1s Maduro a emprender esta ofensiva econ\u00f3mica son fundamentales \u201cvenimos a traer informaci\u00f3n de estas medidas econ\u00f3micas en el marco del neoliberalismo. Las medidas tomadas son para defender y proteger siempre al m\u00e1s vulnerable. Se est\u00e1n protegiendo los salarios y los puestos de trabajo; observando la claridad de la gente ante la reconversi\u00f3n monetaria, el Petro, la geopol\u00edtica internacional y la amenaza imperialista\u201d.<\/span><\/p>\n<p style=\"text-align: justify;\" align=\"justify\"><span style=\"font-family: Arial,sans-serif;\">Ante un escenario donde \u201cellos (la oposici\u00f3n) creen que solo una intervenci\u00f3n militar puede detener la fuerza revolucionaria, se encontrar\u00e1n con el pueblo de Bol\u00edvar y de Ch\u00e1vez, no hay medio de tergiversaci\u00f3n, terrorismo o guarimba que haya podido romper nuestras ganas de ser independientes. Que la paz y la concordia impere es lo que esperamos todos los venezolanos y las venezolanas\u201d, asever\u00f3.<\/span><\/p>\n<p style=\"text-align: justify;\" align=\"justify\"><span style=\"font-family: Arial,sans-serif;\">A esta actividad asistieron los diputados del Consejo Legislativo del Estado Lara, Yanis, Aguero, Carlos Pe\u00f1a, Isabel Lameda y el constituyente Ad\u00e1n A\u00f1ez Baptista, j\u00f3venes de Chamba juvenil, organizaciones comunitarias, C\u00edrculo Obrero, Coraz\u00f3n de mi Patria, as\u00ed como la Misi\u00f3n Saber y Trabajo.<\/span><\/p>\n","protected":false},"excerpt":{"rendered":"<p>** Herramientas para conocer las razones y el porque de las medidas econ\u00f3micas<\/p>\n","protected":false},"author":15,"featured_media":19953,"comment_status":"closed","ping_status":"closed","sticky":false,"template":"","format":"standard","meta":{"footnotes":""},"categories":[2],"tags":[],"class_list":["post-19952","post","type-post","status-publish","format-standard","has-post-thumbnail","hentry","category-blog"],"_links":{"self":[{"href":"https:\/\/inces.gob.ve\/index.php\/wp-json\/wp\/v2\/posts\/19952","targetHints":{"allow":["GET"]}}],"collection":[{"href":"https:\/\/inces.gob.ve\/index.php\/wp-json\/wp\/v2\/posts"}],"about":[{"href":"https:\/\/inces.gob.ve\/index.php\/wp-json\/wp\/v2\/types\/post"}],"author":[{"embeddable":true,"href":"https:\/\/inces.gob.ve\/index.php\/wp-json\/wp\/v2\/users\/15"}],"replies":[{"embeddable":true,"href":"https:\/\/inces.gob.ve\/index.php\/wp-json\/wp\/v2\/comments?post=19952"}],"version-history":[{"count":2,"href":"https:\/\/inces.gob.ve\/index.php\/wp-json\/wp\/v2\/posts\/19952\/revisions"}],"predecessor-version":[{"id":19955,"href":"https:\/\/inces.gob.ve\/index.php\/wp-json\/wp\/v2\/posts\/19952\/revisions\/19955"}],"wp:featuredmedia":[{"embeddable":true,"href":"https:\/\/inces.gob.ve\/index.php\/wp-json\/wp\/v2\/media\/19953"}],"wp:attachment":[{"href":"https:\/\/inces.gob.ve\/index.php\/wp-json\/wp\/v2\/media?parent=19952"}],"wp:term":[{"taxonomy":"category","embeddable":true,"href":"https:\/\/inces.gob.ve\/index.php\/wp-json\/wp\/v2\/categories?post=19952"},{"taxonomy":"post_tag","embeddable":true,"href":"https:\/\/inces.gob.ve\/index.php\/wp-json\/wp\/v2\/tags?post=19952"}],"curies":[{"name":"wp","href":"https:\/\/api.w.org\/{rel}","templated":true}]}}