{"id":19982,"date":"2018-09-13T12:48:50","date_gmt":"2018-09-13T18:48:50","guid":{"rendered":"http:\/\/www.inces.gob.ve\/?p=19982"},"modified":"2020-05-28T20:31:22","modified_gmt":"2020-05-29T00:31:22","slug":"aprendices-del-inces-bolivar-asumen-el-reto-de-la-conservacion-2","status":"publish","type":"post","link":"https:\/\/inces.gob.ve\/index.php\/2018\/09\/13\/aprendices-del-inces-bolivar-asumen-el-reto-de-la-conservacion-2\/","title":{"rendered":"Aprendices del Inces Bol\u00edvar asumen el reto de la conservaci\u00f3n"},"content":{"rendered":"<p><span style=\"font-family: Arial,sans-serif;\"><b>** <i>Conservar los espacios en los centros de formaci\u00f3n es el objetivo de los estudiantes <\/i><\/b><\/span><\/p>\n<p><!--more--><\/p>\n<p><span style=\"font-family: Arial,sans-serif;\"><b>JOSE SU\u00c1REZ | Bol\u00edvar<\/b><\/span><\/p>\n<p>&nbsp;<\/p>\n<p><span style=\"font-family: Arial,sans-serif;\">Un total de 82 aprendices del Inces Bol\u00edvar realizaron el plan de embellecimiento y recuperaci\u00f3n en las instalaciones del centro de formaci\u00f3n socialista (CFS) \u201cManuel Carlos Piar\u201d en Puerto Ordaz.<\/span><\/p>\n<p><img loading=\"lazy\" decoding=\"async\" class=\"aligncenter wp-image-19985 size-full\" src=\"http:\/\/www.inces.gob.ve\/wp-content\/uploads\/2018\/09\/2conservaci\u00f3n.jpg\" alt=\"\" width=\"800\" height=\"501\" srcset=\"https:\/\/inces.gob.ve\/wp-content\/uploads\/2018\/09\/2conservaci\u00f3n.jpg 800w, https:\/\/inces.gob.ve\/wp-content\/uploads\/2018\/09\/2conservaci\u00f3n-300x188.jpg 300w, https:\/\/inces.gob.ve\/wp-content\/uploads\/2018\/09\/2conservaci\u00f3n-768x481.jpg 768w\" sizes=\"auto, (max-width: 800px) 100vw, 800px\" \/><\/p>\n<p><span style=\"font-family: Arial,sans-serif;\">Esta labor social fue organizada por la vocera del Plan Chamba Juvenil, Rosayma Carri\u00f3n y las promotoras t\u00e9cnicas productivas Anny Vivenez y Yudith Romero. Esta iniciativa nace con el objetivo de garantizar el compromiso que deben tener los j\u00f3venes para preservar los espacios de la instituci\u00f3n. <\/span><\/p>\n<p>&nbsp;<\/p>\n<p><span style=\"font-family: Arial,sans-serif;\">Durante la jornada, los participantes de las empresas Ferrominera, Venalum, Consigua, Orinoco Iron, Copal, Seguros la Previsora, Maderas del Orinoco y Venprecar, realizaron el acondicionamiento de las aulas de clase y desmalezamiento de las \u00e1reas verdes. As\u00ed mismo, se estimul\u00f3 a los j\u00f3venes para que sembraran un cantero de ceboll\u00edn en el huerto del centro, el cual impulsa la siembra productiva del Programa Agr\u00edcola. <\/span><\/p>\n<p>&nbsp;<\/p>\n<p><span style=\"font-family: Arial,sans-serif;\"><img loading=\"lazy\" decoding=\"async\" class=\"aligncenter wp-image-19984 size-large\" src=\"http:\/\/www.inces.gob.ve\/wp-content\/uploads\/2018\/09\/3conservaci\u00f3n-1024x697.jpg\" alt=\"\" width=\"640\" height=\"436\" srcset=\"https:\/\/inces.gob.ve\/wp-content\/uploads\/2018\/09\/3conservaci\u00f3n-1024x697.jpg 1024w, https:\/\/inces.gob.ve\/wp-content\/uploads\/2018\/09\/3conservaci\u00f3n-300x204.jpg 300w, https:\/\/inces.gob.ve\/wp-content\/uploads\/2018\/09\/3conservaci\u00f3n-768x523.jpg 768w, https:\/\/inces.gob.ve\/wp-content\/uploads\/2018\/09\/3conservaci\u00f3n-305x207.jpg 305w, https:\/\/inces.gob.ve\/wp-content\/uploads\/2018\/09\/3conservaci\u00f3n.jpg 2046w\" sizes=\"auto, (max-width: 640px) 100vw, 640px\" \/><\/span><\/p>\n<p>&nbsp;<\/p>\n<p><span style=\"font-family: Arial,sans-serif;\">Vivenez expres\u00f3 \u201ccuando t\u00fa limpias te apropias del lugar, lo respetas y se crea un sentido de pertenencia. Es necesario que ellos -los participantes- sientan que el Inces es de ellos y de todos los que deseen formarse en esta casa de estudio\u201d.<\/span><\/p>\n<p>&nbsp;<\/p>\n<p><span style=\"font-family: Arial,sans-serif;\">Por su parte, la aprendiz Mireya Mart\u00ednez dijo: \u201cEl servicio comunitario genera mejoras en las instalaciones del centro; sobretodo para nosotros, los estudiantes que necesitamos de un espacio adecuado para hacer agradable nuestra capacitaci\u00f3n. Por otra parte nos motiva a tener m\u00e1s responsabilidad social\u201d.<\/span><\/p>\n<p>&nbsp;<\/p>\n<p><img loading=\"lazy\" decoding=\"async\" class=\"aligncenter wp-image-19983 size-full\" src=\"http:\/\/www.inces.gob.ve\/wp-content\/uploads\/2018\/09\/4conservaci\u00f3n.jpg\" alt=\"\" width=\"800\" height=\"517\" srcset=\"https:\/\/inces.gob.ve\/wp-content\/uploads\/2018\/09\/4conservaci\u00f3n.jpg 800w, https:\/\/inces.gob.ve\/wp-content\/uploads\/2018\/09\/4conservaci\u00f3n-300x194.jpg 300w, https:\/\/inces.gob.ve\/wp-content\/uploads\/2018\/09\/4conservaci\u00f3n-768x496.jpg 768w\" sizes=\"auto, (max-width: 800px) 100vw, 800px\" \/><br \/>\n<span style=\"font-family: Arial,sans-serif;\">El Inces Bol\u00edvar contin\u00faa brindado todo su apoyo a la juventud, fortaleciendo su capacitaci\u00f3n de manera integral y promoviendo la inserci\u00f3n laboral a la generaci\u00f3n de relevo.<\/span><\/p>\n<p>&nbsp;<\/p>\n<p>&nbsp;<\/p>\n","protected":false},"excerpt":{"rendered":"<p>** Conservar los espacios en los centros de formaci\u00f3n es el objetivo de los estudiantes<\/p>\n","protected":false},"author":15,"featured_media":19986,"comment_status":"closed","ping_status":"closed","sticky":false,"template":"","format":"standard","meta":{"footnotes":""},"categories":[2],"tags":[],"class_list":["post-19982","post","type-post","status-publish","format-standard","has-post-thumbnail","hentry","category-blog"],"_links":{"self":[{"href":"https:\/\/inces.gob.ve\/index.php\/wp-json\/wp\/v2\/posts\/19982","targetHints":{"allow":["GET"]}}],"collection":[{"href":"https:\/\/inces.gob.ve\/index.php\/wp-json\/wp\/v2\/posts"}],"about":[{"href":"https:\/\/inces.gob.ve\/index.php\/wp-json\/wp\/v2\/types\/post"}],"author":[{"embeddable":true,"href":"https:\/\/inces.gob.ve\/index.php\/wp-json\/wp\/v2\/users\/15"}],"replies":[{"embeddable":true,"href":"https:\/\/inces.gob.ve\/index.php\/wp-json\/wp\/v2\/comments?post=19982"}],"version-history":[{"count":3,"href":"https:\/\/inces.gob.ve\/index.php\/wp-json\/wp\/v2\/posts\/19982\/revisions"}],"predecessor-version":[{"id":19989,"href":"https:\/\/inces.gob.ve\/index.php\/wp-json\/wp\/v2\/posts\/19982\/revisions\/19989"}],"wp:featuredmedia":[{"embeddable":true,"href":"https:\/\/inces.gob.ve\/index.php\/wp-json\/wp\/v2\/media\/19986"}],"wp:attachment":[{"href":"https:\/\/inces.gob.ve\/index.php\/wp-json\/wp\/v2\/media?parent=19982"}],"wp:term":[{"taxonomy":"category","embeddable":true,"href":"https:\/\/inces.gob.ve\/index.php\/wp-json\/wp\/v2\/categories?post=19982"},{"taxonomy":"post_tag","embeddable":true,"href":"https:\/\/inces.gob.ve\/index.php\/wp-json\/wp\/v2\/tags?post=19982"}],"curies":[{"name":"wp","href":"https:\/\/api.w.org\/{rel}","templated":true}]}}