{"id":19990,"date":"2018-09-13T13:04:07","date_gmt":"2018-09-13T19:04:07","guid":{"rendered":"http:\/\/www.inces.gob.ve\/?p=19990"},"modified":"2020-05-28T20:31:22","modified_gmt":"2020-05-29T00:31:22","slug":"inces-crea-proyecto-productivos-para-fortalecer-la-gastronomia-larense","status":"publish","type":"post","link":"https:\/\/inces.gob.ve\/index.php\/2018\/09\/13\/inces-crea-proyecto-productivos-para-fortalecer-la-gastronomia-larense\/","title":{"rendered":"Inces crea proyecto productivos para fortalecer la gastronom\u00eda larense"},"content":{"rendered":"<p style=\"text-align: justify;\" align=\"justify\"><span style=\"font-family: Arial,sans-serif;\"><i><b>** Se trata de un Caf\u00e9 Arte que abrir\u00e1 sus puertas a propios, visitantes y p\u00fablico en general en el CFS \u201cJes\u00fas Gordo P\u00e1ez\u201d de Barquisimeto <\/b><\/i><\/span><\/p>\n<p align=\"justify\">\n<p style=\"text-align: justify;\" align=\"justify\"><!--more--><\/p>\n<p style=\"text-align: justify;\" align=\"justify\"><span style=\"font-family: Arial,sans-serif;\"><b>NERIO MONTERO | Lara <\/b><\/span><\/p>\n<p style=\"text-align: justify;\" align=\"justify\"><span style=\"font-family: Arial,sans-serif;\">El proyecto Caf\u00e9 Arte, que generar\u00e1 ingresos propios, ofrecer\u00e1 al p\u00fablico variados tipos de caf\u00e9 con sabor guaro, dulces t\u00edpicos de la regi\u00f3n y un espacio para la lectura. Se espera que esta iniciativa del saber y sabor abra sus puertas a propios, visitantes y p\u00fablico en general.<\/span><\/p>\n<p align=\"justify\">\n<p style=\"text-align: justify;\" align=\"justify\"><span style=\"font-family: Arial,sans-serif;\">El coordinador del centro de formaci\u00f3n socialista (CFS) \u201cJes\u00fas Gordo Paez\u201d, Jonathan G\u00f3mez, dio detalles del plan productivo que funcionar\u00e1 en la planta baja del centro, ubicado en la carrera 19 con calle 23 de Barquisimeto, para la venta de delicias t\u00edpicas de la regi\u00f3n larense, como catalinas, acemitas, panes, tortas y diferentes tipos de caf\u00e9. <\/span><\/p>\n<p align=\"justify\">\n<p style=\"text-align: justify;\" align=\"justify\"><span style=\"font-family: Arial,sans-serif;\"><img loading=\"lazy\" decoding=\"async\" class=\"aligncenter wp-image-19992 size-full\" src=\"http:\/\/www.inces.gob.ve\/wp-content\/uploads\/2018\/09\/2gastronom\u00eda-larense-.jpg\" alt=\"\" width=\"800\" height=\"600\" srcset=\"https:\/\/inces.gob.ve\/wp-content\/uploads\/2018\/09\/2gastronom\u00eda-larense-.jpg 800w, https:\/\/inces.gob.ve\/wp-content\/uploads\/2018\/09\/2gastronom\u00eda-larense--300x225.jpg 300w, https:\/\/inces.gob.ve\/wp-content\/uploads\/2018\/09\/2gastronom\u00eda-larense--768x576.jpg 768w, https:\/\/inces.gob.ve\/wp-content\/uploads\/2018\/09\/2gastronom\u00eda-larense--136x102.jpg 136w\" sizes=\"auto, (max-width: 800px) 100vw, 800px\" \/><\/span><\/p>\n<p style=\"text-align: justify;\" align=\"justify\"><span style=\"font-family: Arial,sans-serif;\">Este proyecto tiene como referencia al CFS Gastron\u00f3mico Wad\u00e4ka, inaugurado en el 2017 en Caracas. \u201cEste espacio productivo permitir\u00e1 el encuentro del punto y c\u00edrculo para que nuestros artesanos, cultores, y todo p\u00fablico disfruten, a precios solidarios, de un caf\u00e9 hecho con las manos de trabajadores\u201d, as\u00ed lo describi\u00f3 el responsable de la viabilidad del plan. <\/span><\/p>\n<p align=\"justify\">\n<p style=\"text-align: justify;\" align=\"justify\"><span style=\"font-family: Arial,sans-serif;\">Con esta iniciativa, convocada para potenciar en los espacios del Inces la producci\u00f3n de bienes y servicios, la instituci\u00f3n persigue fortalecer al motor Turismo como uno de los ejes de mayor importancia para apalancar el desarrollo econ\u00f3mico del pa\u00eds. <\/span><\/p>\n","protected":false},"excerpt":{"rendered":"<p>** Se trata de un Caf\u00e9 Arte que abrir\u00e1 sus puertas a propios, visitantes y p\u00fablico en general en el CFS \u201cJes\u00fas Gordo P\u00e1ez\u201d de Barquisimeto<\/p>\n","protected":false},"author":15,"featured_media":19991,"comment_status":"closed","ping_status":"closed","sticky":false,"template":"","format":"standard","meta":{"footnotes":""},"categories":[2],"tags":[],"class_list":["post-19990","post","type-post","status-publish","format-standard","has-post-thumbnail","hentry","category-blog"],"_links":{"self":[{"href":"https:\/\/inces.gob.ve\/index.php\/wp-json\/wp\/v2\/posts\/19990","targetHints":{"allow":["GET"]}}],"collection":[{"href":"https:\/\/inces.gob.ve\/index.php\/wp-json\/wp\/v2\/posts"}],"about":[{"href":"https:\/\/inces.gob.ve\/index.php\/wp-json\/wp\/v2\/types\/post"}],"author":[{"embeddable":true,"href":"https:\/\/inces.gob.ve\/index.php\/wp-json\/wp\/v2\/users\/15"}],"replies":[{"embeddable":true,"href":"https:\/\/inces.gob.ve\/index.php\/wp-json\/wp\/v2\/comments?post=19990"}],"version-history":[{"count":2,"href":"https:\/\/inces.gob.ve\/index.php\/wp-json\/wp\/v2\/posts\/19990\/revisions"}],"predecessor-version":[{"id":19994,"href":"https:\/\/inces.gob.ve\/index.php\/wp-json\/wp\/v2\/posts\/19990\/revisions\/19994"}],"wp:featuredmedia":[{"embeddable":true,"href":"https:\/\/inces.gob.ve\/index.php\/wp-json\/wp\/v2\/media\/19991"}],"wp:attachment":[{"href":"https:\/\/inces.gob.ve\/index.php\/wp-json\/wp\/v2\/media?parent=19990"}],"wp:term":[{"taxonomy":"category","embeddable":true,"href":"https:\/\/inces.gob.ve\/index.php\/wp-json\/wp\/v2\/categories?post=19990"},{"taxonomy":"post_tag","embeddable":true,"href":"https:\/\/inces.gob.ve\/index.php\/wp-json\/wp\/v2\/tags?post=19990"}],"curies":[{"name":"wp","href":"https:\/\/api.w.org\/{rel}","templated":true}]}}