{"id":20016,"date":"2018-09-13T15:01:08","date_gmt":"2018-09-13T21:01:08","guid":{"rendered":"http:\/\/www.inces.gob.ve\/?p=20016"},"modified":"2020-05-28T20:31:21","modified_gmt":"2020-05-29T00:31:21","slug":"aprendices-de-monagas-presentan-proyecto-productivo","status":"publish","type":"post","link":"https:\/\/inces.gob.ve\/index.php\/2018\/09\/13\/aprendices-de-monagas-presentan-proyecto-productivo\/","title":{"rendered":"Aprendices de Monagas presentan proyecto productivo"},"content":{"rendered":"<p align=\"justify\"><span style=\"font-family: Liberation Sans,sans-serif;\"><b><em>** La formaci\u00f3n del Inces brinda oportunidades para comenzar actividades productivas<\/em> <\/b><\/span><!--more--><\/p>\n<p align=\"justify\"><span style=\"color: #000000;\"><span style=\"font-family: Liberation Sans,sans-serif;\"><b>MARI\u00c1NGEL HENR\u00cdQUEZ <span style=\"font-size: large;\">|<\/span><span style=\"font-size: large;\"> Monagas<\/span><\/b><\/span><\/span><\/p>\n<p align=\"justify\"><span style=\"font-family: Liberation Sans,sans-serif;\">En el marco de la nueva etapa productiva que asume el Inces, los <b>j\u00f3venes aprendices<\/b> del oficio de Asistente Administrativo presentaron en su cierre de formaci\u00f3n te\u00f3rica un <b>proyecto de \u201cElaboraci\u00f3n de jabones artesanales y de platos t\u00edpicos de la regi\u00f3n\u201d<\/b> como muestra de su compromiso y apoyo a las medidas tomadas por el Gobierno Bolivariano para avanzar hac\u00eda el desarrollo del pa\u00eds.<\/span><\/p>\n<p align=\"justify\">\n<p align=\"justify\"><span style=\"font-family: Liberation Sans,sans-serif;\">A la presentaci\u00f3n asisti\u00f3 el gerente regional William N\u00fa\u00f1ez, quien junto a su equipo de trabajo observ\u00f3 la exposici\u00f3n que tuvo lugar en el centro de formaci\u00f3n socialista \u201cSim\u00f3n Rodr\u00edguez\u201d, espacio en el que los j\u00f3venes emprendedores <b>fueron capacitados<\/b> por un colectivos de formadoras y formadores que los estimularon a enfocarse en el <b>\u00e1mbito productivo<\/b> como lo ha orientado el presidente Nicol\u00e1s Maduro.<\/span><\/p>\n<p align=\"justify\">\n<p align=\"justify\"><span style=\"font-family: Liberation Sans,sans-serif;\">Llenos de alegr\u00eda y optimismo, los aprendices explicaron que <\/span><span style=\"font-family: Liberation Sans,sans-serif;\">durante su estad<\/span><span style=\"font-family: Liberation Sans,sans-serif;\">\u00ed<\/span><span style=\"font-family: Liberation Sans,sans-serif;\">a en el Inces <\/span><span style=\"font-family: Liberation Sans,sans-serif;\">tuvieron<\/span><span style=\"font-family: Liberation Sans,sans-serif;\"> la oportunidad de estructurar un proyecto productivo <\/span><span style=\"font-family: Liberation Sans,sans-serif;\">de <\/span><span style=\"font-family: Liberation Sans,sans-serif;\">\u201cElaboraci\u00f3n de jabones artesanales\u201d que tiene como<\/span> <span style=\"font-family: Liberation Sans,sans-serif;\">objetivo <\/span><span style=\"font-family: Liberation Sans,sans-serif;\"><b>combatir y enfrentar la guerra econ\u00f3mica<\/b><\/span><span style=\"font-family: Liberation Sans,sans-serif;\"> y <\/span><span style=\"font-family: Liberation Sans,sans-serif;\">beneficiar a cientos de trabajadores, a la comunidad y dem\u00e1s actores sociales. <\/span><\/p>\n<p align=\"justify\">\n<p align=\"justify\"><img loading=\"lazy\" decoding=\"async\" class=\"aligncenter wp-image-20018 size-large\" src=\"http:\/\/www.inces.gob.ve\/wp-content\/uploads\/2018\/09\/IMG_20180829_124203-1024x768.jpg\" alt=\"\" width=\"640\" height=\"480\" srcset=\"https:\/\/inces.gob.ve\/wp-content\/uploads\/2018\/09\/IMG_20180829_124203-1024x768.jpg 1024w, https:\/\/inces.gob.ve\/wp-content\/uploads\/2018\/09\/IMG_20180829_124203-300x225.jpg 300w, https:\/\/inces.gob.ve\/wp-content\/uploads\/2018\/09\/IMG_20180829_124203-768x576.jpg 768w, https:\/\/inces.gob.ve\/wp-content\/uploads\/2018\/09\/IMG_20180829_124203-136x102.jpg 136w\" sizes=\"auto, (max-width: 640px) 100vw, 640px\" \/><\/p>\n<p align=\"justify\">\n<p align=\"justify\"><span style=\"font-family: Liberation Sans,sans-serif;\">De manera simult\u00e1nea, los aprendices participaron en el <b>curso de \u201cElaboraci\u00f3n de platos t\u00edpicos de la regi\u00f3n\u201d<\/b>, con el que aprendieron a preparar diversos tipos de comidas que fueron mostradas al p\u00fablico en el cierre de la formaci\u00f3n.<\/span><\/p>\n<p align=\"justify\">\n<p align=\"justify\"><span style=\"font-family: Liberation Sans,sans-serif;\">En este sentido, Estefany Tocuyo, resalt\u00f3 que tienen las fuerzas y las ganas para <b>consolidar la iniciativa<\/b>, por lo que le agradeci\u00f3 al Inces por haberle brindado la oportunidad de <b>formase para el trabajo<\/b> y para el emprendimiento productivo que son dos cosas importantes para el pa\u00eds.<\/span><\/p>\n<p align=\"justify\">\n<p align=\"justify\"><img loading=\"lazy\" decoding=\"async\" class=\"aligncenter wp-image-20019 size-large\" src=\"http:\/\/www.inces.gob.ve\/wp-content\/uploads\/2018\/09\/IMG_20180829_124214-1024x768.jpg\" alt=\"\" width=\"640\" height=\"480\" srcset=\"https:\/\/inces.gob.ve\/wp-content\/uploads\/2018\/09\/IMG_20180829_124214-1024x768.jpg 1024w, https:\/\/inces.gob.ve\/wp-content\/uploads\/2018\/09\/IMG_20180829_124214-300x225.jpg 300w, https:\/\/inces.gob.ve\/wp-content\/uploads\/2018\/09\/IMG_20180829_124214-768x576.jpg 768w, https:\/\/inces.gob.ve\/wp-content\/uploads\/2018\/09\/IMG_20180829_124214-136x102.jpg 136w\" sizes=\"auto, (max-width: 640px) 100vw, 640px\" \/><\/p>\n<p align=\"justify\">\n<p align=\"justify\">\u201c<span style=\"font-family: Liberation Sans,sans-serif;\">Nos entusiam\u00f3 la idea de hacer algo nuevo, confiamos en nuestras capacidades, pusimos la <b>creatividad<\/b> y aqu\u00ed est\u00e1 el resultado de todo el esfuerzo. Lo importante es que es de f\u00e1cil elaboraci\u00f3n, solo requiere del compromiso y del esp\u00edritu optimista para lograr lo que nos proponemos y esta actividad la queremos concretar para ofrecerla a precios solidarios y as\u00ed generar los recursos econ\u00f3micos para que sea sustentable y sostenible en el tiempo\u201d, precis\u00f3 Tocuyo.<\/span><\/p>\n","protected":false},"excerpt":{"rendered":"<p>** La formaci\u00f3n del Inces brinda oportunidades para comenzar actividades productivas<\/p>\n","protected":false},"author":15,"featured_media":20017,"comment_status":"closed","ping_status":"open","sticky":false,"template":"","format":"standard","meta":{"footnotes":""},"categories":[2],"tags":[],"class_list":["post-20016","post","type-post","status-publish","format-standard","has-post-thumbnail","hentry","category-blog"],"_links":{"self":[{"href":"https:\/\/inces.gob.ve\/index.php\/wp-json\/wp\/v2\/posts\/20016","targetHints":{"allow":["GET"]}}],"collection":[{"href":"https:\/\/inces.gob.ve\/index.php\/wp-json\/wp\/v2\/posts"}],"about":[{"href":"https:\/\/inces.gob.ve\/index.php\/wp-json\/wp\/v2\/types\/post"}],"author":[{"embeddable":true,"href":"https:\/\/inces.gob.ve\/index.php\/wp-json\/wp\/v2\/users\/15"}],"replies":[{"embeddable":true,"href":"https:\/\/inces.gob.ve\/index.php\/wp-json\/wp\/v2\/comments?post=20016"}],"version-history":[{"count":1,"href":"https:\/\/inces.gob.ve\/index.php\/wp-json\/wp\/v2\/posts\/20016\/revisions"}],"predecessor-version":[{"id":20020,"href":"https:\/\/inces.gob.ve\/index.php\/wp-json\/wp\/v2\/posts\/20016\/revisions\/20020"}],"wp:featuredmedia":[{"embeddable":true,"href":"https:\/\/inces.gob.ve\/index.php\/wp-json\/wp\/v2\/media\/20017"}],"wp:attachment":[{"href":"https:\/\/inces.gob.ve\/index.php\/wp-json\/wp\/v2\/media?parent=20016"}],"wp:term":[{"taxonomy":"category","embeddable":true,"href":"https:\/\/inces.gob.ve\/index.php\/wp-json\/wp\/v2\/categories?post=20016"},{"taxonomy":"post_tag","embeddable":true,"href":"https:\/\/inces.gob.ve\/index.php\/wp-json\/wp\/v2\/tags?post=20016"}],"curies":[{"name":"wp","href":"https:\/\/api.w.org\/{rel}","templated":true}]}}