{"id":20074,"date":"2018-09-17T08:03:31","date_gmt":"2018-09-17T14:03:31","guid":{"rendered":"http:\/\/www.inces.gob.ve\/?p=20074"},"modified":"2020-05-28T20:31:21","modified_gmt":"2020-05-29T00:31:21","slug":"maestros-promotores-y-personal-administrativo-conocen-beneficios-del-blog-regional","status":"publish","type":"post","link":"https:\/\/inces.gob.ve\/index.php\/2018\/09\/17\/maestros-promotores-y-personal-administrativo-conocen-beneficios-del-blog-regional\/","title":{"rendered":"Maestros, promotores y personal administrativo conocen beneficios del blog regional"},"content":{"rendered":"<p align=\"justify\"><i><b>** El uso responsable de las redes sociales y las bondades de la nueva plataforma tecnol\u00f3gica fueron los temas tratados en el N\u00facleo de Desarrollo End\u00f3geno Catia La Mar<\/b><\/i><!--more--><\/p>\n<p align=\"justify\">\n<p align=\"justify\"><b>ZUVALQUI DUARTE | Vargas<\/b><\/p>\n<p align=\"justify\">Con la firme tarea de integrar una red tuitera en la que participen todas y todos los trabajadores adscritos a la gerencia regional de Vargas, se realiz\u00f3 el taller de redes sociales, esta vez con la participaci\u00f3n del personal del centro de formaci\u00f3n socialista Urimare.<\/p>\n<p align=\"justify\">\n<p align=\"justify\">La estrategia comunicacional de integrar maestros, trabajadores, participantes de los cursos, instituciones y comunidades del punto y c\u00edrculo en la promoci\u00f3n y difusi\u00f3n de las actividades y ofertas formativas, ha dado resultados inmediatos, ya que a diario el banco de im\u00e1genes para nuestras publicaciones se fortalece, logrando con esto elevar el n\u00famero de tuits diarios.<\/p>\n<p align=\"justify\">\n<img loading=\"lazy\" decoding=\"async\" class=\"aligncenter wp-image-20076 size-large\" src=\"http:\/\/www.inces.gob.ve\/wp-content\/uploads\/2018\/09\/2-1024x768.jpg\" alt=\"\" width=\"640\" height=\"480\" srcset=\"https:\/\/inces.gob.ve\/wp-content\/uploads\/2018\/09\/2-1024x768.jpg 1024w, https:\/\/inces.gob.ve\/wp-content\/uploads\/2018\/09\/2-300x225.jpg 300w, https:\/\/inces.gob.ve\/wp-content\/uploads\/2018\/09\/2-768x576.jpg 768w, https:\/\/inces.gob.ve\/wp-content\/uploads\/2018\/09\/2-136x102.jpg 136w\" sizes=\"auto, (max-width: 640px) 100vw, 640px\" \/><\/p>\n<p align=\"justify\">\n<p align=\"justify\">Con la activaci\u00f3n de los usuarios oficiales de los centros de formaci\u00f3n socialistas Huayra y Urimare se ha elevado la captaci\u00f3n de personas interesadas en diversas formaciones e instituciones solicitando certificaci\u00f3n de saberes de sus trabajadores. Esto se logra gracias al apoyo de los compa\u00f1eros Lesmes Boada y Plinio Marcano quienes interact\u00faan a trav\u00e9s de las cuentas oficiales.<\/p>\n<p align=\"justify\">\n<p align=\"justify\">Durante todo el mes de septiembre se organizar\u00e1 el m\u00e9todo de trabajo con actividades que comprenden la activaci\u00f3n de todos los usuarios de la red Twitter de maestros y promotores, personal administrativo y obrero, seguimiento y difusi\u00f3n de usuarios oficiales, posicionamiento de etiquetas y lanzamiento del blog, as\u00ed como el enlace con cuentas de los medios de comunicaci\u00f3n p\u00fablicos y privados.<\/p>\n<p align=\"justify\">\n<p align=\"justify\">\n","protected":false},"excerpt":{"rendered":"<p>** El uso responsable de las redes sociales y las bondades de la nueva plataforma tecnol\u00f3gica fueron los temas tratados en el N\u00facleo de Desarrollo End\u00f3geno Catia La Mar<\/p>\n","protected":false},"author":4,"featured_media":20075,"comment_status":"closed","ping_status":"open","sticky":false,"template":"","format":"standard","meta":{"footnotes":""},"categories":[2],"tags":[],"class_list":["post-20074","post","type-post","status-publish","format-standard","has-post-thumbnail","hentry","category-blog"],"_links":{"self":[{"href":"https:\/\/inces.gob.ve\/index.php\/wp-json\/wp\/v2\/posts\/20074","targetHints":{"allow":["GET"]}}],"collection":[{"href":"https:\/\/inces.gob.ve\/index.php\/wp-json\/wp\/v2\/posts"}],"about":[{"href":"https:\/\/inces.gob.ve\/index.php\/wp-json\/wp\/v2\/types\/post"}],"author":[{"embeddable":true,"href":"https:\/\/inces.gob.ve\/index.php\/wp-json\/wp\/v2\/users\/4"}],"replies":[{"embeddable":true,"href":"https:\/\/inces.gob.ve\/index.php\/wp-json\/wp\/v2\/comments?post=20074"}],"version-history":[{"count":1,"href":"https:\/\/inces.gob.ve\/index.php\/wp-json\/wp\/v2\/posts\/20074\/revisions"}],"predecessor-version":[{"id":20077,"href":"https:\/\/inces.gob.ve\/index.php\/wp-json\/wp\/v2\/posts\/20074\/revisions\/20077"}],"wp:featuredmedia":[{"embeddable":true,"href":"https:\/\/inces.gob.ve\/index.php\/wp-json\/wp\/v2\/media\/20075"}],"wp:attachment":[{"href":"https:\/\/inces.gob.ve\/index.php\/wp-json\/wp\/v2\/media?parent=20074"}],"wp:term":[{"taxonomy":"category","embeddable":true,"href":"https:\/\/inces.gob.ve\/index.php\/wp-json\/wp\/v2\/categories?post=20074"},{"taxonomy":"post_tag","embeddable":true,"href":"https:\/\/inces.gob.ve\/index.php\/wp-json\/wp\/v2\/tags?post=20074"}],"curies":[{"name":"wp","href":"https:\/\/api.w.org\/{rel}","templated":true}]}}