{"id":20083,"date":"2018-09-17T10:13:15","date_gmt":"2018-09-17T16:13:15","guid":{"rendered":"http:\/\/www.inces.gob.ve\/?p=20083"},"modified":"2020-05-28T20:31:21","modified_gmt":"2020-05-29T00:31:21","slug":"inces-reconocio-saberes-empiricos-a-trabajadores-del-sector-turismo-y-artesanal","status":"publish","type":"post","link":"https:\/\/inces.gob.ve\/index.php\/2018\/09\/17\/inces-reconocio-saberes-empiricos-a-trabajadores-del-sector-turismo-y-artesanal\/","title":{"rendered":"Inces reconoci\u00f3 saberes emp\u00edricos a trabajadores del sector turismo y artesanal"},"content":{"rendered":"<p align=\"justify\"><span style=\"font-family: Arial,serif;\"><span style=\"font-size: large;\"><i><b>***<\/b><\/i><\/span><\/span> <i><b> <\/b><\/i><span style=\"font-family: Arial,serif;\"><span style=\"font-size: large;\"><i><b>La actividad cont\u00f3 con la asistencia del ministro de Pesca y Acuicultura, y protector del estado Nueva Esparta, Dante Rivas<\/b><\/i><\/span><\/span><!--more--><\/p>\n<p align=\"justify\"><b><span style=\"font-family: Arial,serif;\"><span style=\"font-size: large;\">F<\/span><\/span><span style=\"font-family: Arial,serif;\"><span style=\"font-size: large;\">RANCIS MORENO | Nueva Esparta<\/span><\/span><\/b><\/p>\n<p align=\"justify\"><span style=\"font-family: Arial,serif;\"><span style=\"font-size: medium;\">Un total de <\/span><\/span><span style=\"font-family: Arial,serif;\"><span style=\"font-size: medium;\"><b>700 acreditaciones <\/b><\/span><\/span><span style=\"font-family: Arial,serif;\"><span style=\"font-size: medium;\">fueron otorgadas por el<\/span><\/span><b> <\/b><span style=\"font-family: Arial,serif;\"><span style=\"font-size: medium;\">Instituto Nacional de Capacitaci\u00f3n y Educaci\u00f3n Socialista <\/span><\/span><span style=\"font-family: Arial,serif;\"><span style=\"font-size: medium;\">(<\/span><\/span><span style=\"font-family: Arial,serif;\"><span style=\"font-size: medium;\">Inces<\/span><\/span><span style=\"font-family: Arial,serif;\"><span style=\"font-size: medium;\">),<\/span><\/span> <span style=\"font-family: Arial,serif;\"><span style=\"font-size: medium;\"><b>a trabajadores <\/b><\/span><\/span><span style=\"font-family: Arial,serif;\"><span style=\"font-size: medium;\">y trabajadoras de los <\/span><\/span><span style=\"font-family: Arial,serif;\"><span style=\"font-size: medium;\"><b>h<\/b><\/span><\/span><span style=\"font-family: Arial,serif;\"><span style=\"font-size: medium;\"><b>oteles Hesperia Margarita y Playa <\/b><\/span><\/span><span style=\"font-family: Arial,serif;\"><span style=\"font-size: medium;\"><b>E<\/b><\/span><\/span><span style=\"font-family: Arial,serif;\"><span style=\"font-size: medium;\"><b>l Agua<\/b><\/span><\/span><span style=\"font-family: Arial,serif;\"><span style=\"font-size: medium;\">, junto a un grupo de artesanos pertenecientes a la Asociaci\u00f3n Civil Margarita Posible, en diversos oficios de producci\u00f3n. <\/span><\/span><\/p>\n<p align=\"justify\"><span style=\"font-family: Arial,serif;\"><span style=\"font-size: medium;\">E<\/span><\/span><span style=\"font-family: Arial,serif;\"><span style=\"font-size: medium;\">l acto <\/span><\/span><span style=\"font-family: Arial,serif;\"><span style=\"font-size: medium;\">se celebr\u00f3 en <\/span><\/span><span style=\"font-family: Arial,serif;\"><span style=\"font-size: medium;\">el audit<\/span><\/span><span style=\"font-family: Arial,serif;\"><span style=\"font-size: medium;\">orio <\/span><\/span><span style=\"font-family: Arial,serif;\"><span style=\"font-size: medium;\">del <\/span><\/span><span style=\"font-family: Arial,serif;\"><span style=\"font-size: medium;\">h<\/span><\/span><span style=\"font-family: Arial,serif;\"><span style=\"font-size: medium;\">otel Hesperia Margarita, localizado en el municipio G\u00f3mez, <\/span><\/span><span style=\"font-family: Arial,serif;\"><span style=\"font-size: medium;\">y<\/span><\/span><span style=\"font-family: Arial,serif;\"><span style=\"font-size: medium;\"> cont\u00f3 con la presencia del <\/span><\/span><span style=\"font-family: Arial,serif;\"><span style=\"font-size: medium;\"><b>Ministro del P<\/b><\/span><\/span><span style=\"font-family: Arial,serif;\"><span style=\"font-size: medium;\"><b>oder <\/b><\/span><\/span><span style=\"font-family: Arial,serif;\"><span style=\"font-size: medium;\"><b>P<\/b><\/span><\/span><span style=\"font-family: Arial,serif;\"><span style=\"font-size: medium;\"><b>opular<\/b><\/span><\/span><span style=\"font-family: Arial,serif;\"><span style=\"font-size: medium;\"><b> para la Pesca y Acuicultura<\/b><\/span><\/span><span style=\"font-family: Arial,serif;\"><span style=\"font-size: medium;\">, y a su vez Protector de Nueva Esparta <\/span><\/span><span style=\"font-family: Arial,serif;\"><span style=\"font-size: medium;\"><b>Dante Rivas<\/b><\/span><\/span><span style=\"font-family: Arial,serif;\"><span style=\"font-size: medium;\">, quien junto a las autoridades del Inces <\/span><\/span><span style=\"font-family: Arial,serif;\"><span style=\"font-size: medium;\"><b>Adriana Guerra<\/b><\/span><\/span><span style=\"font-family: Arial,serif;\"><span style=\"font-size: medium;\">, <\/span><\/span><span style=\"font-family: Arial,serif;\"><span style=\"font-size: medium;\"><b>Secretaria Ejecutiva del Consejo Regional de Gesti\u00f3n;<\/b><\/span><\/span><span style=\"font-family: Arial,serif;\"><span style=\"font-size: medium;\"> Alex Andarcia, gerente regional del Inces y Noris Soto, Directora de <\/span><\/span><span style=\"font-family: Arial,serif;\"><span style=\"font-size: medium;\">la <\/span><\/span><span style=\"font-family: Arial,serif;\"><span style=\"font-size: medium;\">Zona Educativa, entregaron las acreditaciones. <\/span><\/span><\/p>\n<p align=\"justify\"><img loading=\"lazy\" decoding=\"async\" class=\"aligncenter wp-image-20086 size-large\" src=\"http:\/\/www.inces.gob.ve\/wp-content\/uploads\/2018\/09\/foto-1-1024x576.jpg\" alt=\"\" width=\"640\" height=\"360\" srcset=\"https:\/\/inces.gob.ve\/wp-content\/uploads\/2018\/09\/foto-1-1024x576.jpg 1024w, https:\/\/inces.gob.ve\/wp-content\/uploads\/2018\/09\/foto-1-300x169.jpg 300w, https:\/\/inces.gob.ve\/wp-content\/uploads\/2018\/09\/foto-1-768x432.jpg 768w\" sizes=\"auto, (max-width: 640px) 100vw, 640px\" \/><\/p>\n<p align=\"justify\"><span style=\"font-family: Arial,serif;\"><span style=\"font-size: medium;\">Durante la <\/span><\/span><span style=\"font-family: Arial,serif;\"><span style=\"font-size: medium;\">actividad los trabajadores y artesanos recibieron certificados de Pastelero, Cocinero, Auxiliar de Contabilidad, Recepcionista, Ingl\u00e9s B\u00e1sico, Secretaria, Asistente Administrativo, Gu\u00eda de Turismo, Confecci\u00f3n de Lencer\u00eda, Electricista de Segunda, Refrigeraci\u00f3n y Aire Acondicionado de Uso Residencial.<\/span><\/span><\/p>\n<p align=\"justify\"><img loading=\"lazy\" decoding=\"async\" class=\"aligncenter wp-image-20087 size-large\" src=\"http:\/\/www.inces.gob.ve\/wp-content\/uploads\/2018\/09\/foto-2-1024x576.jpg\" alt=\"\" width=\"640\" height=\"360\" srcset=\"https:\/\/inces.gob.ve\/wp-content\/uploads\/2018\/09\/foto-2-1024x576.jpg 1024w, https:\/\/inces.gob.ve\/wp-content\/uploads\/2018\/09\/foto-2-300x169.jpg 300w, https:\/\/inces.gob.ve\/wp-content\/uploads\/2018\/09\/foto-2-768x432.jpg 768w\" sizes=\"auto, (max-width: 640px) 100vw, 640px\" \/><\/p>\n<p align=\"justify\"><span style=\"font-family: Arial,serif;\"><span style=\"font-size: medium;\">Tambi\u00e9n se certific\u00f3 Ensamblado de Calzado, Adornos para el Hogar, Confeccionista de Ropa Infantil, Lencer\u00eda, Mu\u00f1equer\u00eda, Elaborador de Hamacas y Chinchorros, Bolsos y Morrales en Tela, Corte y Costura ente otros. <\/span><\/span><\/p>\n<p align=\"justify\"><span style=\"font-family: Arial,serif;\"><span style=\"font-size: medium;\">El ministro Dante Rivas Durante su intervenci\u00f3n declar\u00f3 <\/span><\/span><span style=\"font-family: Arial,serif;\"><span style=\"font-size: medium;\"><b>\u201choy estamos reconociendo la extraordinaria labor que lleva adelante el Inces, el cual fue creado para ayudar al pueblo que tiene potencialidad en saberes emp\u00edricos y al acreditarlo demostramos que est\u00e1n formados y motivados\u201d. <\/b><\/span><\/span><\/p>\n<p align=\"justify\"><span style=\"font-family: Arial,serif;\"><span style=\"font-size: medium;\">Rivas afirm\u00f3 que en Nueva Esparta, con la ayuda del Inces Socialista, el Ministerio del PP para la de Educaci\u00f3n, con el apoyo del Gobierno nacional, <\/span><\/span><span style=\"font-family: Arial,serif;\"><span style=\"font-size: medium;\"><b>se pretende ser m\u00e1s productivos<\/b><\/span><\/span><span style=\"font-family: Arial,serif;\"><span style=\"font-size: medium;\"> y la intenci\u00f3n es que <\/span><\/span><span style=\"font-family: Arial,serif;\"><span style=\"font-size: medium;\"><b>en poco tiempo los problemas actuales desaparezcan justamente ejecutando acciones como las implementadas por la instituci\u00f3n formativa que apoya a los trabajadores que quieren seguir adelante.<\/b><\/span><\/span><\/p>\n<p align=\"justify\"><span style=\"font-family: Arial,serif;\"><span style=\"font-size: medium;\">En ese sentido, Adriana <\/span><\/span><span style=\"font-family: Arial,serif;\"><span style=\"font-size: medium;\"><b>Guerra<\/b><\/span><\/span><span style=\"font-family: Arial,serif;\"><span style=\"font-size: medium;\">, Secretaria Ejecutiva del Consejo <\/span><\/span><span style=\"font-family: Arial,serif;\"><span style=\"font-size: medium;\">de Gesti\u00f3n <\/span><\/span><span style=\"font-family: Arial,serif;\"><span style=\"font-size: medium;\">Regional expres\u00f3, <\/span><\/span><span style=\"font-family: Arial,serif;\"><span style=\"font-size: medium;\"><b>\u201cestamos satisfechos porque vamos por el camino correcto dando respuesta para la formaci\u00f3n, producci\u00f3n y prestaci\u00f3n de servicios, reconocemos a los formadores y a todo el equipo del Inces<\/b><\/span><\/span><span style=\"font-family: Arial,serif;\"><span style=\"font-size: medium;\">, el cual se ha encargado de trasmitir sus conocimientos\u201d, recalc\u00f3 a su vez que la meta es contribuir con el cambio de patr\u00f3n econ\u00f3mico certificando los saberes obtenidos mediante la pr\u00e1ctica. <\/span><\/span><\/p>\n<p align=\"justify\"><img loading=\"lazy\" decoding=\"async\" class=\"aligncenter wp-image-20089 size-full\" src=\"http:\/\/www.inces.gob.ve\/wp-content\/uploads\/2018\/09\/fto6.jpg\" alt=\"\" width=\"720\" height=\"426\" srcset=\"https:\/\/inces.gob.ve\/wp-content\/uploads\/2018\/09\/fto6.jpg 720w, https:\/\/inces.gob.ve\/wp-content\/uploads\/2018\/09\/fto6-300x178.jpg 300w\" sizes=\"auto, (max-width: 720px) 100vw, 720px\" \/><\/p>\n<p align=\"justify\"><span style=\"font-family: Arial,serif;\"><span style=\"font-size: medium;\">Por su parte, Alex Andarcia, gerente regional del Inces, resalt\u00f3 que desde la instituci\u00f3n se aporta para ayudar al crecimiento econ\u00f3mico de Venezuela, apostando a que los j\u00f3venes avancen con la formaci\u00f3n productiva, siendo muchos de ellos integrados al sector tur\u00edstico gracias a sus conocimientos adquiridos para la producci\u00f3n. <\/span><\/span><\/p>\n<p align=\"justify\"><span style=\"font-family: Arial,serif;\"><span style=\"font-size: medium;\">Ra\u00fal Cabr\u00e9, gerente general de la cadena hotelera antes mencionada, manifest\u00f3 que, \u201cestamos para producir mejores resultados en nuestras vidas y eso se multiplica en nuestro entorno, desde este sector estamos abiertos a todos las posibilidades para que a trav\u00e9s del Inces se pueda permitir desarrollar las habilidades y destrezas en la pr\u00e1ctica de los conocimientos aprendidos durante el tiempo\u201d. <\/span><\/span><\/p>\n<p>&nbsp;<\/p>\n","protected":false},"excerpt":{"rendered":"<p>*** La actividad cont\u00f3 con la asistencia del ministro de Pesca y Acuicultura, y protector del estado Nueva Esparta, Dante Rivas<\/p>\n","protected":false},"author":4,"featured_media":20084,"comment_status":"closed","ping_status":"open","sticky":false,"template":"","format":"standard","meta":{"footnotes":""},"categories":[2],"tags":[],"class_list":["post-20083","post","type-post","status-publish","format-standard","has-post-thumbnail","hentry","category-blog"],"_links":{"self":[{"href":"https:\/\/inces.gob.ve\/index.php\/wp-json\/wp\/v2\/posts\/20083","targetHints":{"allow":["GET"]}}],"collection":[{"href":"https:\/\/inces.gob.ve\/index.php\/wp-json\/wp\/v2\/posts"}],"about":[{"href":"https:\/\/inces.gob.ve\/index.php\/wp-json\/wp\/v2\/types\/post"}],"author":[{"embeddable":true,"href":"https:\/\/inces.gob.ve\/index.php\/wp-json\/wp\/v2\/users\/4"}],"replies":[{"embeddable":true,"href":"https:\/\/inces.gob.ve\/index.php\/wp-json\/wp\/v2\/comments?post=20083"}],"version-history":[{"count":2,"href":"https:\/\/inces.gob.ve\/index.php\/wp-json\/wp\/v2\/posts\/20083\/revisions"}],"predecessor-version":[{"id":20091,"href":"https:\/\/inces.gob.ve\/index.php\/wp-json\/wp\/v2\/posts\/20083\/revisions\/20091"}],"wp:featuredmedia":[{"embeddable":true,"href":"https:\/\/inces.gob.ve\/index.php\/wp-json\/wp\/v2\/media\/20084"}],"wp:attachment":[{"href":"https:\/\/inces.gob.ve\/index.php\/wp-json\/wp\/v2\/media?parent=20083"}],"wp:term":[{"taxonomy":"category","embeddable":true,"href":"https:\/\/inces.gob.ve\/index.php\/wp-json\/wp\/v2\/categories?post=20083"},{"taxonomy":"post_tag","embeddable":true,"href":"https:\/\/inces.gob.ve\/index.php\/wp-json\/wp\/v2\/tags?post=20083"}],"curies":[{"name":"wp","href":"https:\/\/api.w.org\/{rel}","templated":true}]}}