{"id":20092,"date":"2018-09-17T11:54:37","date_gmt":"2018-09-17T17:54:37","guid":{"rendered":"http:\/\/www.inces.gob.ve\/?p=20092"},"modified":"2020-05-28T20:31:21","modified_gmt":"2020-05-29T00:31:21","slug":"desde-el-inces-merida-se-impulsa-el-motor-turismo","status":"publish","type":"post","link":"https:\/\/inces.gob.ve\/index.php\/2018\/09\/17\/desde-el-inces-merida-se-impulsa-el-motor-turismo\/","title":{"rendered":"Desde el Inces M\u00e9rida se impulsa el Motor Turismo"},"content":{"rendered":"<p class=\"western\" align=\"justify\"><span style=\"font-size: medium;\"><strong><span style=\"color: #222222;\"><span style=\"font-family: Liberation Sans,Arial,sans-serif;\"><i>** Los participantes que egresaron de los cursos Servicio de Habitaci\u00f3n y Organizaci\u00f3n de Eventos y Protocolo est\u00e1n en capacidad de asumir tareas y responsabilidades en el sector hotelero meride\u00f1o<\/i><\/span><\/span><\/strong><\/span><!--more--><\/p>\n<p class=\"western\" align=\"justify\">\n<p class=\"western\" align=\"justify\"><span style=\"font-family: Liberation Sans,Arial,sans-serif;\"><span style=\"font-size: medium;\"><b>NADIA LOBO| M\u00e9rida<\/b><\/span><\/span><\/p>\n<p class=\"western\" align=\"justify\"><span style=\"color: #000000;\"><span style=\"font-family: Liberation Sans,Arial,sans-serif;\"><span style=\"font-size: medium;\">Bajo el lema \u201cBrisas de Paz y Excelencia Inces\u201d y con una muestra organizacional y propuesta de servicio de masajes terap\u00e9uticos dentro de la habitaci\u00f3n de hotel, <\/span><\/span><\/span><span style=\"color: #000000;\"><span style=\"font-family: Liberation Sans,Arial,sans-serif;\"><span style=\"font-size: medium;\"><b>24 participantes culminaron <\/b><\/span><\/span><\/span><span style=\"color: #000000;\"><span style=\"font-family: Liberation Sans,Arial,sans-serif;\"><span style=\"font-size: medium;\">de manera exitosa la formaci\u00f3n y capacitaci\u00f3n de los <\/span><\/span><\/span><span style=\"color: #000000;\"><span style=\"font-family: Liberation Sans,Arial,sans-serif;\"><span style=\"font-size: medium;\"><b>cursos Organizaci\u00f3n de Eventos y Protocolo <\/b><\/span><\/span><\/span><span style=\"color: #000000;\"><span style=\"font-family: Liberation Sans,Arial,sans-serif;\"><span style=\"font-size: medium;\"><b>y <\/b><\/span><\/span><\/span><span style=\"color: #000000;\"><span style=\"font-family: Liberation Sans,Arial,sans-serif;\"><span style=\"font-size: medium;\"><b>Servicio de Habitaci\u00f3n.<\/b><\/span><\/span><\/span><\/p>\n<p class=\"western\" align=\"justify\">\n<p class=\"western\" align=\"justify\"><span style=\"color: #222222;\"><span style=\"font-family: Liberation Sans,Arial,sans-serif;\"><span style=\"font-size: medium;\">As\u00ed lo inform\u00f3 la gerente regional del Inces-M\u00e9rida, Yvonne Pirela, quien estuvo presente en el acto de cierre de ambos cursos, en compa\u00f1\u00eda de las autoridades de la Universidad del Turismo y <\/span><\/span><\/span><span style=\"color: #222222;\"><span style=\"font-family: Liberation Sans,Arial,sans-serif;\"><span style=\"font-size: medium;\">h<\/span><\/span><\/span><span style=\"color: #222222;\"><span style=\"font-family: Liberation Sans,Arial,sans-serif;\"><span style=\"font-size: medium;\">otel Venetur, as\u00ed como familiares y amigos de los estudiantes, quienes pudieron disfrutar de actividades culturales, acad\u00e9micas y sociales.<\/span><\/span><\/span><\/p>\n<p class=\"western\" align=\"justify\">\n<img loading=\"lazy\" decoding=\"async\" class=\"aligncenter wp-image-20095 size-large\" src=\"http:\/\/www.inces.gob.ve\/wp-content\/uploads\/2018\/09\/Protocolo-10-1024x768.jpg\" alt=\"\" width=\"640\" height=\"480\" srcset=\"https:\/\/inces.gob.ve\/wp-content\/uploads\/2018\/09\/Protocolo-10-1024x768.jpg 1024w, https:\/\/inces.gob.ve\/wp-content\/uploads\/2018\/09\/Protocolo-10-300x225.jpg 300w, https:\/\/inces.gob.ve\/wp-content\/uploads\/2018\/09\/Protocolo-10-768x576.jpg 768w, https:\/\/inces.gob.ve\/wp-content\/uploads\/2018\/09\/Protocolo-10-136x102.jpg 136w, https:\/\/inces.gob.ve\/wp-content\/uploads\/2018\/09\/Protocolo-10.jpg 2048w\" sizes=\"auto, (max-width: 640px) 100vw, 640px\" \/><\/p>\n<p align=\"justify\">\n<p class=\"western\" align=\"justify\"><span style=\"color: #222222;\"><span style=\"font-family: Liberation Sans,Arial,sans-serif;\"><span style=\"font-size: medium;\">La titular del Inces se mostr\u00f3 satisfecha y agradecida por la capacitaci\u00f3n que se desarroll\u00f3 en las instalaciones de la Universidad del Turismo Hotel Escuela de los Andes Venezolanos, ubicada en la ciudad de M\u00e9rida, con una duraci\u00f3n de 387 horas, y el acompa\u00f1amiento de la maestro t\u00e9cnico productivo (MTP) Belkys Villarreal<\/span><\/span><\/span><em><span style=\"color: #000000;\"><span style=\"font-family: arial,sans-serif;\"><span style=\"font-size: medium;\">.<\/span><\/span><\/span><\/em><\/p>\n<p class=\"western\" align=\"justify\">\n<p class=\"western\" align=\"justify\"><span style=\"font-family: Liberation Sans,Arial,sans-serif;\"><span style=\"font-size: medium;\">De igual manera destac\u00f3 <\/span><\/span><span style=\"font-family: Liberation Sans,Arial,sans-serif;\"><span style=\"font-size: medium;\">Pirela <\/span><\/span><span style=\"font-family: Liberation Sans,Arial,sans-serif;\"><span style=\"font-size: medium;\">que la formaci\u00f3n se realiz\u00f3 a<\/span><\/span><span style=\"font-family: Liberation Sans,Arial,sans-serif;\"><span style=\"font-size: medium;\">tendiendo la formaci\u00f3n y capacitaci\u00f3n de todos los sectores, donde el Inces, a trav\u00e9s del Programa Turismo, juega un papel muy importante en el impulso del Motor Turismo de la entidad meride\u00f1a.<\/span><\/span><\/p>\n<p class=\"western\" align=\"justify\">\n<p class=\"western\" align=\"justify\"><span style=\"color: #000000;\"><span style=\"font-family: Liberation Sans,Arial,sans-serif;\"><span style=\"font-size: medium;\">Por su parte, la maestra Belkis Villarreal, responsable de ambas formaciones manifest\u00f3 su alegr\u00eda y satisfacci\u00f3n de poder compartir con este grupo de participantes, que demostraron una motivaci\u00f3n muy particular durante la formaci\u00f3n, adem\u00e1s su inter\u00e9s por promocionar a M\u00e9rida como un destino con brisas de paz, d<\/span><\/span><\/span><span style=\"color: #000000;\"><span style=\"font-family: Liberation Sans,Arial,sans-serif;\"><span style=\"font-size: medium;\">o<\/span><\/span><\/span><span style=\"color: #000000;\"><span style=\"font-family: Liberation Sans,Arial,sans-serif;\"><span style=\"font-size: medium;\">nde la excelencia debe predominar en todos sus servicios.<\/span><\/span><\/span><\/p>\n<p class=\"western\" align=\"justify\">\n<p align=\"justify\"><img loading=\"lazy\" decoding=\"async\" class=\"aligncenter wp-image-20097 size-large\" src=\"http:\/\/www.inces.gob.ve\/wp-content\/uploads\/2018\/09\/Protocolo-15-1024x768.jpg\" alt=\"\" width=\"640\" height=\"480\" srcset=\"https:\/\/inces.gob.ve\/wp-content\/uploads\/2018\/09\/Protocolo-15-1024x768.jpg 1024w, https:\/\/inces.gob.ve\/wp-content\/uploads\/2018\/09\/Protocolo-15-300x225.jpg 300w, https:\/\/inces.gob.ve\/wp-content\/uploads\/2018\/09\/Protocolo-15-768x576.jpg 768w, https:\/\/inces.gob.ve\/wp-content\/uploads\/2018\/09\/Protocolo-15-136x102.jpg 136w, https:\/\/inces.gob.ve\/wp-content\/uploads\/2018\/09\/Protocolo-15.jpg 2048w\" sizes=\"auto, (max-width: 640px) 100vw, 640px\" \/><\/p>\n<p align=\"justify\">\n<p class=\"western\" align=\"justify\"><span style=\"color: #000000;\"><span style=\"font-family: Liberation Sans,Arial,sans-serif;\"><span style=\"font-size: medium;\">Indic\u00f3 igualmente que los participantes conocieron sobre las t\u00e9cnicas grupales para eventos, donde adem\u00e1s de elaborar las tarjetas de invitaci\u00f3n, el programa, nombre del evento, lista de invitados <\/span><\/span><\/span><span style=\"color: #000000;\"><span style=\"font-family: Liberation Sans,Arial,sans-serif;\"><span style=\"font-size: medium;\">y <\/span><\/span><\/span><span style=\"color: #000000;\"><span style=\"font-family: Liberation Sans,Arial,sans-serif;\"><span style=\"font-size: medium;\">presupuesto elaboraron jabones artesanales, velas arom\u00e1ticas, incienso y decoraci\u00f3n con frutas; <\/span><\/span><\/span><span style=\"color: #000000;\"><span style=\"font-family: Liberation Sans,Arial,sans-serif;\"><span style=\"font-size: medium;\">as<\/span><\/span><\/span><span style=\"color: #000000;\"><span style=\"font-family: Liberation Sans,Arial,sans-serif;\"><span style=\"font-size: medium;\">\u00ed como la confecci\u00f3n de carpetas para el pres\u00eddium y reconocimientos.<\/span><\/span><\/span><\/p>\n<p class=\"western\" align=\"justify\"><span style=\"font-family: Liberation Sans,Arial,sans-serif;\"><span style=\"font-size: medium;\"><b>Estudiantes proponen la inclusi\u00f3n de masajetarapia en la habitaci\u00f3n<\/b><\/span><\/span><\/p>\n<p class=\"western\" align=\"justify\"><span style=\"color: #000000;\"><span style=\"font-family: Liberation Sans,Arial,sans-serif;\"><span style=\"font-size: medium;\">Para Pedro Rinc\u00f3n, participante del curso Servicio de Habitaci\u00f3n, quien en compa\u00f1\u00eda del resto de los participantes y maestra t\u00e9cnica del Inces present<\/span><\/span><\/span><span style=\"color: #000000;\"><span style=\"font-family: Liberation Sans,Arial,sans-serif;\"><span style=\"font-size: medium;\">\u00f3<\/span><\/span><\/span><span style=\"color: #000000;\"><span style=\"font-family: Liberation Sans,Arial,sans-serif;\"><span style=\"font-size: medium;\"> la habitaci\u00f3n de aniversario, con una propuesta adicional de incluir <\/span><\/span><\/span><span style=\"color: #000000;\"><span style=\"font-family: Liberation Sans,Arial,sans-serif;\"><span style=\"font-size: medium;\">masajes terap\u00e9utico-est\u00e9tico<\/span><\/span><\/span><span style=\"color: #000000;\"><span style=\"font-family: Liberation Sans,Arial,sans-serif;\"><span style=\"font-size: medium;\">s<\/span><\/span><\/span><span style=\"color: #000000;\"><span style=\"font-family: Liberation Sans,Arial,sans-serif;\"><span style=\"font-size: medium;\"> con la intenci\u00f3n de ofrecer al cliente un servicio integral dentro de la habitaci\u00f3n. <\/span><\/span><\/span><\/p>\n<p class=\"western\" align=\"justify\">\n<p align=\"justify\"><img loading=\"lazy\" decoding=\"async\" class=\"aligncenter wp-image-20096 size-large\" src=\"http:\/\/www.inces.gob.ve\/wp-content\/uploads\/2018\/09\/Protocolo-14-1024x768.jpg\" alt=\"\" width=\"640\" height=\"480\" srcset=\"https:\/\/inces.gob.ve\/wp-content\/uploads\/2018\/09\/Protocolo-14-1024x768.jpg 1024w, https:\/\/inces.gob.ve\/wp-content\/uploads\/2018\/09\/Protocolo-14-300x225.jpg 300w, https:\/\/inces.gob.ve\/wp-content\/uploads\/2018\/09\/Protocolo-14-768x576.jpg 768w, https:\/\/inces.gob.ve\/wp-content\/uploads\/2018\/09\/Protocolo-14-136x102.jpg 136w, https:\/\/inces.gob.ve\/wp-content\/uploads\/2018\/09\/Protocolo-14.jpg 2048w\" sizes=\"auto, (max-width: 640px) 100vw, 640px\" \/><\/p>\n<p align=\"justify\">\n<p class=\"western\" align=\"justify\"><span style=\"color: #000000;\">\u201c<span style=\"font-family: Liberation Sans,Arial,sans-serif;\"><span style=\"font-size: medium;\">Nuestra propuesta, dentro de la habitaci\u00f3n, <\/span><\/span><\/span><span style=\"color: #000000;\"><span style=\"font-family: Liberation Sans,Arial,sans-serif;\"><span style=\"font-size: medium;\">busca romper las rutinas en los hoteles meride\u00f1os, con especial \u00e9nfasis en los casos de <\/span><\/span><\/span><span style=\"color: #000000;\"><span style=\"font-family: Liberation Sans,Arial,sans-serif;\"><span style=\"font-size: medium;\">las <\/span><\/span><\/span><span style=\"color: #000000;\"><span style=\"font-family: Liberation Sans,Arial,sans-serif;\"><span style=\"font-size: medium;\">bodas, aniversarios o fechas especiales, donde el turista viene buscando descansar y relajarse\u201d, se\u00f1al\u00f3 Rinc\u00f3n.<\/span><\/span><\/span><\/p>\n<p class=\"western\" align=\"justify\">\n<p class=\"western\" align=\"justify\"><span style=\"color: #000000;\"><span style=\"font-family: Liberation Sans,Arial,sans-serif;\"><span style=\"font-size: medium;\">Al mostrar la habitaci\u00f3n aniversario, como modelo de cierre de curso, explicaron las herramientas, t\u00e9cnica<\/span><\/span><\/span><span style=\"color: #000000;\"><span style=\"font-family: Liberation Sans,Arial,sans-serif;\"><span style=\"font-size: medium;\">s<\/span><\/span><\/span><span style=\"color: #000000;\"><span style=\"font-family: Liberation Sans,Arial,sans-serif;\"><span style=\"font-size: medium;\"> y procedimientos que los participantes recibieron durante la formaci\u00f3n y que aplicaron para su mantenimiento y decoraci\u00f3n, como una muestra de los conocimientos adquiridos con el apoyo del Inces.<\/span><\/span><\/span><\/p>\n<p class=\"western\" align=\"justify\">\n<img loading=\"lazy\" decoding=\"async\" class=\"aligncenter wp-image-20098 size-large\" src=\"http:\/\/www.inces.gob.ve\/wp-content\/uploads\/2018\/09\/Protocolo-16-1024x768.jpg\" alt=\"\" width=\"640\" height=\"480\" srcset=\"https:\/\/inces.gob.ve\/wp-content\/uploads\/2018\/09\/Protocolo-16-1024x768.jpg 1024w, https:\/\/inces.gob.ve\/wp-content\/uploads\/2018\/09\/Protocolo-16-300x225.jpg 300w, https:\/\/inces.gob.ve\/wp-content\/uploads\/2018\/09\/Protocolo-16-768x576.jpg 768w, https:\/\/inces.gob.ve\/wp-content\/uploads\/2018\/09\/Protocolo-16-136x102.jpg 136w, https:\/\/inces.gob.ve\/wp-content\/uploads\/2018\/09\/Protocolo-16.jpg 2048w\" sizes=\"auto, (max-width: 640px) 100vw, 640px\" \/><\/p>\n<p class=\"western\" align=\"justify\"><span style=\"font-family: Liberation Sans,Arial,sans-serif;\"><span style=\"font-size: medium;\">El arreglo de cama, conocer el nombre de la lencer\u00eda, los procedimientos y t\u00e9cnicas para vestir la cama, arreglos de habitaci\u00f3n, limpieza de ba\u00f1os y el buen uso del tiempo son algunas de la t\u00e9cnicas que los participantes conocieron con sus respectivas pr\u00e1cticas. Tambi\u00e9n utilizaron el carro de la camarera, los \u00fatiles y materiales de limpieza, as\u00ed como las medidas de seguridad con el uso de guantes, tapa-boca y gorro.<\/span><\/span><\/p>\n<p class=\"western\" align=\"justify\">\n","protected":false},"excerpt":{"rendered":"<p>** Los participantes que egresaron de los cursos Servicio de Habitaci\u00f3n y Organizaci\u00f3n de Eventos y Protocolo est\u00e1n en capacidad de asumir tareas y responsabilidades en el sector hotelero meride\u00f1o<\/p>\n","protected":false},"author":4,"featured_media":20094,"comment_status":"closed","ping_status":"open","sticky":false,"template":"","format":"standard","meta":{"footnotes":""},"categories":[2],"tags":[],"class_list":["post-20092","post","type-post","status-publish","format-standard","has-post-thumbnail","hentry","category-blog"],"_links":{"self":[{"href":"https:\/\/inces.gob.ve\/index.php\/wp-json\/wp\/v2\/posts\/20092","targetHints":{"allow":["GET"]}}],"collection":[{"href":"https:\/\/inces.gob.ve\/index.php\/wp-json\/wp\/v2\/posts"}],"about":[{"href":"https:\/\/inces.gob.ve\/index.php\/wp-json\/wp\/v2\/types\/post"}],"author":[{"embeddable":true,"href":"https:\/\/inces.gob.ve\/index.php\/wp-json\/wp\/v2\/users\/4"}],"replies":[{"embeddable":true,"href":"https:\/\/inces.gob.ve\/index.php\/wp-json\/wp\/v2\/comments?post=20092"}],"version-history":[{"count":1,"href":"https:\/\/inces.gob.ve\/index.php\/wp-json\/wp\/v2\/posts\/20092\/revisions"}],"predecessor-version":[{"id":20099,"href":"https:\/\/inces.gob.ve\/index.php\/wp-json\/wp\/v2\/posts\/20092\/revisions\/20099"}],"wp:featuredmedia":[{"embeddable":true,"href":"https:\/\/inces.gob.ve\/index.php\/wp-json\/wp\/v2\/media\/20094"}],"wp:attachment":[{"href":"https:\/\/inces.gob.ve\/index.php\/wp-json\/wp\/v2\/media?parent=20092"}],"wp:term":[{"taxonomy":"category","embeddable":true,"href":"https:\/\/inces.gob.ve\/index.php\/wp-json\/wp\/v2\/categories?post=20092"},{"taxonomy":"post_tag","embeddable":true,"href":"https:\/\/inces.gob.ve\/index.php\/wp-json\/wp\/v2\/tags?post=20092"}],"curies":[{"name":"wp","href":"https:\/\/api.w.org\/{rel}","templated":true}]}}