{"id":20100,"date":"2018-09-17T13:30:44","date_gmt":"2018-09-17T19:30:44","guid":{"rendered":"http:\/\/www.inces.gob.ve\/?p=20100"},"modified":"2020-05-28T20:33:31","modified_gmt":"2020-05-29T00:33:31","slug":"activacion-de-la-linea-productiva-de-calzado-y-marroquineria-en-el-municipio-bolivar","status":"publish","type":"post","link":"https:\/\/inces.gob.ve\/index.php\/2018\/09\/17\/activacion-de-la-linea-productiva-de-calzado-y-marroquineria-en-el-municipio-bolivar\/","title":{"rendered":"Activaci\u00f3n de la l\u00ednea productiva de calzado y marroquiner\u00eda en el municipio bol\u00edvar"},"content":{"rendered":"<p class=\"western\" style=\"text-align: justify;\" align=\"justify\"><span style=\"font-size: 12pt;\"><i><b>** Fuerza productiva <\/b><\/i><!--more--><\/span><\/p>\n<p align=\"justify\">\n<p class=\"western\" style=\"text-align: justify;\" align=\"justify\"><span style=\"font-size: 12pt;\"><b>YSIS DELGADO | T\u00e1chira<\/b><\/span><\/p>\n<p align=\"justify\">\n<p class=\"western\" style=\"text-align: justify;\" align=\"justify\"><span style=\"font-size: 12pt;\">Desde el centro de formaci\u00f3n socialista (CFS) Francisco de Miranda, se llev\u00f3 acabo la primera reuni\u00f3n con el equipo gerencial de Encadenamiento Productivo y de Cooperaci\u00f3n del Inces socialista para la activaci\u00f3n de la l\u00ednea productiva de calzado y marroquiner\u00eda, en el municipio Bol\u00edvar de T\u00e1chira, donde hicieron acto de presencia microempresarios de la zona en el \u00e1rea de calzado.<\/span><\/p>\n<p align=\"justify\">\n<p class=\"western\" style=\"text-align: justify;\" align=\"justify\"><span style=\"font-size: 12pt;\">Con el objetivo de potenciar e impulsar la l\u00ednea productiva, Inces T\u00e1chira crea alianzas con la empresa CONGLOMERADO GRECALMASUR T\u00c1CHIRA, a trav\u00e9s de brigadas t\u00e9cnicas productivas para el fortalecimiento en el motor industrial en la verificaci\u00f3n de la maquinaria pesada para la activaci\u00f3n del CFS.<\/span><\/p>\n<p align=\"justify\">\n<p class=\"western\" style=\"text-align: justify;\" align=\"justify\"><span style=\"font-size: 12pt;\">Hugo Chirinos, gerente general de Encadenamiento Productivo del Inces, asegura que se deben planificar mesas de trabajo que permitan ejecutar, de manera coordinada, convenios interinstitucionales que beneficien a los dos sectores: Conglomerado e Inces.<\/span><\/p>\n<p align=\"justify\">\n<p class=\"western\" style=\"text-align: justify;\" align=\"justify\"><span style=\"font-size: 12pt;\"><img loading=\"lazy\" decoding=\"async\" class=\"aligncenter wp-image-20103 size-large\" src=\"http:\/\/www.inces.gob.ve\/wp-content\/uploads\/2018\/09\/DnGSyTAXgAAEf0V-1024x768.jpg\" alt=\"\" width=\"640\" height=\"480\" srcset=\"https:\/\/inces.gob.ve\/wp-content\/uploads\/2018\/09\/DnGSyTAXgAAEf0V.jpg 1024w, https:\/\/inces.gob.ve\/wp-content\/uploads\/2018\/09\/DnGSyTAXgAAEf0V-300x225.jpg 300w, https:\/\/inces.gob.ve\/wp-content\/uploads\/2018\/09\/DnGSyTAXgAAEf0V-768x576.jpg 768w, https:\/\/inces.gob.ve\/wp-content\/uploads\/2018\/09\/DnGSyTAXgAAEf0V-136x102.jpg 136w\" sizes=\"auto, (max-width: 640px) 100vw, 640px\" \/><\/span><\/p>\n<p align=\"justify\">\n<p class=\"western\" style=\"text-align: justify;\" align=\"justify\"><span style=\"font-size: 12pt;\">Seguidamente, el director del conglomerado, Luis R\u00edos, confirm\u00f3 su compromiso de trabajar de la mano con el Inces en la integraci\u00f3n del equipo humano para revisi\u00f3n, dise\u00f1o y fabricaci\u00f3n y obtenci\u00f3n del producto final. \u201cLes pedimos confianza, compromiso. Somos una familia micro-empresaria que quiere trabajar por el pa\u00eds, confiando en el potencial de hombres y mujeres luchadores de la Venezuela potencia\u201d.<\/span><\/p>\n<p align=\"justify\">\n<p class=\"western\" style=\"text-align: justify;\" align=\"justify\"><span style=\"font-size: 12pt;\">Para finalizar, el gerente regional del Inces T\u00e1chira, Geovanni Gonz\u00e1lez asever\u00f3 que \u201cla confianza est\u00e1 presente cuando el presidente del Inces, Wuikelman Angel Paredes, env\u00eda a su equipo de trabajo en b\u00fasqueda de propuestas productivas en el T\u00e1chira\u201d; asimismo, indic\u00f3 su disposici\u00f3n a desarrollar mesas de trabajo que impulsen las l\u00edneas productivas de la instituci\u00f3n.<\/span><\/p>\n<p align=\"justify\">\n<p style=\"text-align: justify;\" align=\"justify\"><span style=\"font-size: 12pt;\"><strong>LT<\/strong><\/span><\/p>\n<p class=\"western\" align=\"justify\">\n","protected":false},"excerpt":{"rendered":"<p>** Fuerza productiva<\/p>\n","protected":false},"author":4,"featured_media":20102,"comment_status":"closed","ping_status":"open","sticky":false,"template":"","format":"standard","meta":{"footnotes":""},"categories":[2],"tags":[],"class_list":["post-20100","post","type-post","status-publish","format-standard","has-post-thumbnail","hentry","category-blog"],"_links":{"self":[{"href":"https:\/\/inces.gob.ve\/index.php\/wp-json\/wp\/v2\/posts\/20100","targetHints":{"allow":["GET"]}}],"collection":[{"href":"https:\/\/inces.gob.ve\/index.php\/wp-json\/wp\/v2\/posts"}],"about":[{"href":"https:\/\/inces.gob.ve\/index.php\/wp-json\/wp\/v2\/types\/post"}],"author":[{"embeddable":true,"href":"https:\/\/inces.gob.ve\/index.php\/wp-json\/wp\/v2\/users\/4"}],"replies":[{"embeddable":true,"href":"https:\/\/inces.gob.ve\/index.php\/wp-json\/wp\/v2\/comments?post=20100"}],"version-history":[{"count":2,"href":"https:\/\/inces.gob.ve\/index.php\/wp-json\/wp\/v2\/posts\/20100\/revisions"}],"predecessor-version":[{"id":20116,"href":"https:\/\/inces.gob.ve\/index.php\/wp-json\/wp\/v2\/posts\/20100\/revisions\/20116"}],"wp:featuredmedia":[{"embeddable":true,"href":"https:\/\/inces.gob.ve\/index.php\/wp-json\/wp\/v2\/media\/20102"}],"wp:attachment":[{"href":"https:\/\/inces.gob.ve\/index.php\/wp-json\/wp\/v2\/media?parent=20100"}],"wp:term":[{"taxonomy":"category","embeddable":true,"href":"https:\/\/inces.gob.ve\/index.php\/wp-json\/wp\/v2\/categories?post=20100"},{"taxonomy":"post_tag","embeddable":true,"href":"https:\/\/inces.gob.ve\/index.php\/wp-json\/wp\/v2\/tags?post=20100"}],"curies":[{"name":"wp","href":"https:\/\/api.w.org\/{rel}","templated":true}]}}