{"id":20105,"date":"2018-09-17T13:46:16","date_gmt":"2018-09-17T19:46:16","guid":{"rendered":"http:\/\/www.inces.gob.ve\/?p=20105"},"modified":"2020-05-28T20:31:21","modified_gmt":"2020-05-29T00:31:21","slug":"ponte-al-dia-para-cumplir-con-el-aporte-tributario-inces","status":"publish","type":"post","link":"https:\/\/inces.gob.ve\/index.php\/2018\/09\/17\/ponte-al-dia-para-cumplir-con-el-aporte-tributario-inces\/","title":{"rendered":"Ponte al d\u00eda para cumplir con el aporte tributario Inces"},"content":{"rendered":"<h2 class=\"western\" align=\"justify\"><strong><span style=\"font-family: arial,sans-serif;\"><span style=\"font-size: medium;\"><i><b>** <\/b><\/i><\/span><\/span><\/strong><strong><span style=\"font-family: arial,sans-serif;\"><span style=\"font-size: medium;\"><i><b>Tu aporte tributario <\/b><\/i><\/span><\/span><\/strong><strong><span style=\"font-family: arial,sans-serif;\"><span style=\"font-size: medium;\"><i><b>es importante para<\/b><\/i><\/span><\/span><\/strong><strong><span style=\"font-family: arial,sans-serif;\"><span style=\"font-size: medium;\"><i><b> la econom\u00eda del pa\u00eds. <\/b><\/i><\/span><\/span><\/strong><strong><span style=\"font-family: arial,sans-serif;\"><span style=\"font-size: medium;\"><i><b>N<\/b><\/i><\/span><\/span><\/strong><em><span style=\"font-family: arial,sans-serif;\"><span style=\"font-size: medium;\"><i><b>o entres en mora, <\/b><\/i><\/span><\/span><\/em><em><span style=\"font-family: arial,sans-serif;\"><span style=\"font-size: medium;\"><i><b>no acepte<\/b><\/i><\/span><\/span><\/em><em><span style=\"font-family: arial,sans-serif;\"><span style=\"font-size: medium;\"><i><b>s<\/b><\/i><\/span><\/span><\/em><em><span style=\"font-family: arial,sans-serif;\"><span style=\"font-size: medium;\"><i><b> gestores. <\/b><\/i><\/span><\/span><\/em><em><span style=\"font-family: arial,sans-serif;\"><span style=\"font-size: medium;\"><i><b>L<\/b><\/i><\/span><\/span><\/em><em><span style=\"font-family: arial,sans-serif;\"><span style=\"font-size: medium;\"><i><b>os tr<\/b><\/i><\/span><\/span><\/em><em><span style=\"font-family: arial,sans-serif;\"><span style=\"font-size: medium;\"><i><b>\u00e1<\/b><\/i><\/span><\/span><\/em><em><span style=\"font-family: arial,sans-serif;\"><span style=\"font-size: medium;\"><i><b>mites del Inces son gratuitos <\/b><\/i><\/span><\/span><\/em><\/h2>\n<p><!--more--><\/p>\n<p align=\"justify\">\n<p align=\"justify\"><em><span style=\"font-family: arial,sans-serif;\"><b>TRINA PINEDA | Sede<\/b><\/span><\/em><\/p>\n<p align=\"justify\"><em><span style=\"font-family: arial,sans-serif;\">La Administraci\u00f3n Tributaria Inces, <\/span><\/em><em><span style=\"font-family: arial,sans-serif;\">partiendo de <\/span><\/em><em><span style=\"font-family: arial,sans-serif;\">la importancia de <\/span><\/em><em><span style=\"font-family: arial,sans-serif;\">la <\/span><\/em><em><span style=\"font-family: arial,sans-serif;\">recaudaci\u00f3n, <\/span><\/em><span style=\"font-family: arial,sans-serif;\">exhort<\/span><span style=\"font-family: arial,sans-serif;\">a<\/span><span style=\"font-family: arial,sans-serif;\"> a todas las entidades de trabajo <\/span><span style=\"font-family: arial,sans-serif;\">del <\/span><span style=\"font-family: arial,sans-serif;\">sector <\/span><span style=\"font-family: arial,sans-serif;\">p<\/span><span style=\"font-family: arial,sans-serif;\">\u00fa<\/span><span style=\"font-family: arial,sans-serif;\">blic<\/span><span style=\"font-family: arial,sans-serif;\">o<\/span> <span style=\"font-family: arial,sans-serif;\">y<\/span><span style=\"font-family: arial,sans-serif;\"> privad<\/span><span style=\"font-family: arial,sans-serif;\">o,<\/span><span style=\"font-family: arial,sans-serif;\"> que est\u00e1n obligadas a contribuir con el aporte del 2% trimestral, <\/span><span style=\"font-family: arial,sans-serif;\">a tener <\/span><span style=\"font-family: arial,sans-serif;\">en cuenta la cancelaci\u00f3n del aporte los primeros cinco d\u00edas h\u00e1biles del mes de octubre, <\/span><span style=\"font-family: arial,sans-serif;\">con oportunidad de pago <\/span><span style=\"font-family: arial,sans-serif;\">hasta el 8 de <\/span><span style=\"font-family: arial,sans-serif;\">ese mismo<\/span> <span style=\"font-family: arial,sans-serif;\">mes, <\/span><span style=\"font-family: arial,sans-serif;\">para cancelar <\/span><span style=\"font-family: arial,sans-serif;\">el<\/span><span style=\"font-family: arial,sans-serif;\"> aporte y no entrar en mora. <\/span><\/p>\n<p align=\"justify\">\n<p align=\"justify\"><span style=\"font-family: arial,sans-serif;\"><span style=\"font-family: Arial,sans-serif;\">La informaci\u00f3n fue suministrada por <\/span><span style=\"font-family: Arial,sans-serif;\"><span style=\"font-size: medium;\">la <\/span><\/span><span style=\"font-family: Arial,sans-serif;\"><span style=\"font-size: medium;\">g<\/span><\/span><span style=\"font-family: Arial,sans-serif;\"><span style=\"font-size: medium;\">erente <\/span><\/span><span style=\"font-family: Arial,sans-serif;\"><span style=\"font-size: medium;\">g<\/span><\/span><span style=\"font-family: Arial,sans-serif;\"><span style=\"font-size: medium;\">eneral de Tributos del Inces,<\/span><\/span> <span style=\"font-family: Arial,sans-serif;\"><span style=\"font-size: medium;\">Wia<\/span><\/span><span style=\"font-family: Arial,sans-serif;\"><span style=\"font-size: medium;\">m<\/span><\/span><span style=\"font-family: Arial,sans-serif;\"><span style=\"font-size: medium;\">ney Gelvez,<\/span><\/span> <span style=\"font-family: Arial,sans-serif;\"><span style=\"font-size: medium;\">quien agreg\u00f3 <\/span><\/span><span style=\"font-family: Arial,sans-serif;\"><span style=\"font-size: medium;\">que <\/span><\/span><span style=\"font-family: Arial,sans-serif;\"><span style=\"font-size: medium;\">e<\/span><\/span><span style=\"font-size: medium;\">l contribuyente puede pagar antes si lo desea, lo que no deber\u00eda hacer es no pagar despu\u00e9s del 8 de octubre, porque ya tendr\u00eda que <\/span><span style=\"font-size: medium;\">cancelar <\/span><span style=\"font-size: medium;\">con otros <\/span><span style=\"font-size: medium;\">cargos <\/span><span style=\"font-size: medium;\">como son las multas, inter\u00e9s moratorio por no pagar al d\u00eda <\/span><span style=\"font-size: medium;\">y\/o<\/span> <span style=\"font-size: medium;\">pagos extempor\u00e1neos.<\/span><\/span><\/p>\n<p align=\"justify\">\n<p align=\"justify\"><span style=\"font-family: arial,sans-serif;\"><span style=\"font-family: Arial,sans-serif;\"><span style=\"font-size: medium;\">G<\/span><\/span><span style=\"font-family: Arial,sans-serif;\"><span style=\"font-size: medium;\">\u00e9<\/span><\/span><span style=\"font-family: Arial,sans-serif;\"><span style=\"font-size: medium;\">lvez se\u00f1al\u00f3 <\/span><\/span><span style=\"font-family: Arial,sans-serif;\"><span style=\"font-size: medium;\">que<\/span><\/span> <span style=\"font-size: medium;\">se puede<\/span><span style=\"font-size: medium;\">n<\/span><span style=\"font-size: medium;\"> hacer los tr\u00e1mit<\/span><span style=\"font-size: medium;\">es en<\/span><span style=\"font-size: medium;\"> l<\/span><span style=\"font-size: medium;\">\u00ed<\/span><span style=\"font-size: medium;\">nea, ya <\/span><span style=\"font-size: medium;\">est\u00e1n<\/span> <span style=\"font-size: medium;\">establecidos <\/span><span style=\"font-size: medium;\">los <\/span> <span style=\"font-size: medium;\"> procedimiento<\/span><span style=\"font-size: medium;\">s<\/span> <span style=\"font-size: medium;\">en<\/span><span style=\"font-size: medium;\"> la p\u00e1gina web <\/span><span style=\"font-size: medium;\"><a href=\"http:\/\/www.inces.gob.ve\/\">www.inces.gob.ve<\/a>. H<\/span><span style=\"font-size: medium;\">asta el momento, <\/span><span style=\"font-size: medium;\">con <\/span><span style=\"font-size: medium;\">el nuevo sistema se <\/span><span style=\"font-size: medium;\">puede hacer <\/span><span style=\"font-size: medium;\">el registro y la actualizaci\u00f3n <\/span><span style=\"font-size: medium;\">de la entidad de trabajo. S<\/span><span style=\"font-size: medium;\">e est\u00e1n corriendo los 45 d\u00edas h\u00e1biles <\/span><span style=\"font-size: medium;\">para que las empresas se pongan al d\u00eda. <\/span><\/span><\/p>\n<p align=\"justify\">\n<p align=\"justify\"><span style=\"font-family: arial,sans-serif;\"><span style=\"font-size: medium;\">E<\/span><span style=\"font-size: medium;\">s importante que las entidades del sector p\u00fablico y privad<\/span><span style=\"font-size: medium;\">o<\/span><span style=\"font-size: medium;\"> hagan su proceso de actualizaci\u00f3n de datos; <\/span><span style=\"font-size: medium;\">eso le va a permitir a la gerencia de tributos tener una data m<\/span><span style=\"font-size: medium;\">\u00e1<\/span><span style=\"font-size: medium;\">s certera con respecto a la informaci\u00f3n de la empresa.<\/span><\/span><\/p>\n<p align=\"justify\">\n<p align=\"justify\"><span style=\"font-family: Arial,sans-serif;\"><span style=\"font-family: arial,sans-serif;\">Para finalizar, Gelvez afirm\u00f3 <\/span><span style=\"font-family: arial,sans-serif;\">que <\/span><span style=\"font-family: arial,sans-serif;\">de igual manera <\/span><span style=\"font-family: arial,sans-serif;\">se est<\/span><span style=\"font-family: arial,sans-serif;\">\u00e1<\/span><span style=\"font-family: arial,sans-serif;\"> trabajando en la f<\/span><span style=\"font-family: arial,sans-serif;\">as<\/span><span style=\"font-family: arial,sans-serif;\">e de la interoperatividad <\/span><span style=\"font-family: arial,sans-serif;\">con el Seguro Social, Seniat y M<\/span><span style=\"font-family: arial,sans-serif;\">intra<\/span><span style=\"font-family: arial,sans-serif;\">. <\/span><\/span><\/p>\n<h2 class=\"western\" align=\"justify\"><\/h2>\n<h2 class=\"western\" align=\"justify\"><\/h2>\n<p align=\"justify\">\n","protected":false},"excerpt":{"rendered":"<p>** Tu aporte tributario es importante para la econom\u00eda del pa\u00eds. No entres en mora, no aceptes gestores. Los tr\u00e1mites del Inces son gratuitos<\/p>\n","protected":false},"author":4,"featured_media":0,"comment_status":"closed","ping_status":"open","sticky":false,"template":"","format":"standard","meta":{"footnotes":""},"categories":[2],"tags":[],"class_list":["post-20105","post","type-post","status-publish","format-standard","hentry","category-blog"],"_links":{"self":[{"href":"https:\/\/inces.gob.ve\/index.php\/wp-json\/wp\/v2\/posts\/20105","targetHints":{"allow":["GET"]}}],"collection":[{"href":"https:\/\/inces.gob.ve\/index.php\/wp-json\/wp\/v2\/posts"}],"about":[{"href":"https:\/\/inces.gob.ve\/index.php\/wp-json\/wp\/v2\/types\/post"}],"author":[{"embeddable":true,"href":"https:\/\/inces.gob.ve\/index.php\/wp-json\/wp\/v2\/users\/4"}],"replies":[{"embeddable":true,"href":"https:\/\/inces.gob.ve\/index.php\/wp-json\/wp\/v2\/comments?post=20105"}],"version-history":[{"count":1,"href":"https:\/\/inces.gob.ve\/index.php\/wp-json\/wp\/v2\/posts\/20105\/revisions"}],"predecessor-version":[{"id":20107,"href":"https:\/\/inces.gob.ve\/index.php\/wp-json\/wp\/v2\/posts\/20105\/revisions\/20107"}],"wp:attachment":[{"href":"https:\/\/inces.gob.ve\/index.php\/wp-json\/wp\/v2\/media?parent=20105"}],"wp:term":[{"taxonomy":"category","embeddable":true,"href":"https:\/\/inces.gob.ve\/index.php\/wp-json\/wp\/v2\/categories?post=20105"},{"taxonomy":"post_tag","embeddable":true,"href":"https:\/\/inces.gob.ve\/index.php\/wp-json\/wp\/v2\/tags?post=20105"}],"curies":[{"name":"wp","href":"https:\/\/api.w.org\/{rel}","templated":true}]}}