{"id":20186,"date":"2018-09-21T08:00:39","date_gmt":"2018-09-21T14:00:39","guid":{"rendered":"http:\/\/www.inces.gob.ve\/?p=20186"},"modified":"2020-05-28T20:31:20","modified_gmt":"2020-05-29T00:31:20","slug":"desde-eps-pedro-camejo-experiencias-productivas-con-los-jovenes-de-la-patria","status":"publish","type":"post","link":"https:\/\/inces.gob.ve\/index.php\/2018\/09\/21\/desde-eps-pedro-camejo-experiencias-productivas-con-los-jovenes-de-la-patria\/","title":{"rendered":"Desde EPS Pedro Camejo experiencias productivas con los j\u00f3venes de la Patria"},"content":{"rendered":"<p align=\"justify\"><i><b>** Formaci\u00f3n en mecanizaci\u00f3n siembra y cosecha <\/b><\/i><!--more--><\/p>\n<p align=\"justify\">\n<p align=\"justify\"><b>DANNYS MORILLO | Lara<\/b><\/p>\n<p align=\"justify\">Desde la Empresa de Producci\u00f3n Socialista (EPS) \u201cPedro Camejo\u201d, j\u00f3venes se forman en las \u00e1reas de Granjas Integrales y Mec\u00e1nica Diesel. Se trata de chamberos seguros y preparados que, con profundo sentir y compromiso patrio, rompen paradigmas con mujeres fuertes y combativas que ya manejan las t\u00e9cnicas y caracterizaci\u00f3n del tractor, su condici\u00f3n y manejo.<\/p>\n<p align=\"justify\">\n<p align=\"justify\"><img loading=\"lazy\" decoding=\"async\" class=\"aligncenter wp-image-20243 size-large\" src=\"http:\/\/www.inces.gob.ve\/wp-content\/uploads\/2018\/09\/FOTO-3-1024x768.jpg\" alt=\"\" width=\"640\" height=\"480\" srcset=\"https:\/\/inces.gob.ve\/wp-content\/uploads\/2018\/09\/FOTO-3-1024x768.jpg 1024w, https:\/\/inces.gob.ve\/wp-content\/uploads\/2018\/09\/FOTO-3-300x225.jpg 300w, https:\/\/inces.gob.ve\/wp-content\/uploads\/2018\/09\/FOTO-3-768x576.jpg 768w, https:\/\/inces.gob.ve\/wp-content\/uploads\/2018\/09\/FOTO-3-136x102.jpg 136w, https:\/\/inces.gob.ve\/wp-content\/uploads\/2018\/09\/FOTO-3.jpg 1600w\" sizes=\"auto, (max-width: 640px) 100vw, 640px\" \/><\/p>\n<p align=\"justify\">\n<p align=\"justify\">Para el trabajador y formador de la empresa, Manuel Cab\u00edn, la experiencia en la siembra de la yuca, caraota, auyama, ma\u00edz, caraota de a\u00f1o, frijoles, quinchoncho y la tan nombrada, planta de \u201ctoddy\u201d, que aunque en peque\u00f1as cantidades, les ha permitido juntarse y unirse en la labranza y la cotidianidad, entender la necesidad del esfuerzo colectivo y mirar hacia el futuro con las herramientas del conocimiento, inclusive, con j\u00f3venes que se destacan por su talento innato en el dise\u00f1o de piezas.<\/p>\n<p align=\"justify\">\n<p align=\"justify\"><img loading=\"lazy\" decoding=\"async\" class=\"aligncenter wp-image-20245 size-large\" src=\"http:\/\/www.inces.gob.ve\/wp-content\/uploads\/2018\/09\/FOTO-5-1024x768.jpg\" alt=\"\" width=\"640\" height=\"480\" srcset=\"https:\/\/inces.gob.ve\/wp-content\/uploads\/2018\/09\/FOTO-5.jpg 1024w, https:\/\/inces.gob.ve\/wp-content\/uploads\/2018\/09\/FOTO-5-300x225.jpg 300w, https:\/\/inces.gob.ve\/wp-content\/uploads\/2018\/09\/FOTO-5-768x576.jpg 768w, https:\/\/inces.gob.ve\/wp-content\/uploads\/2018\/09\/FOTO-5-136x102.jpg 136w\" sizes=\"auto, (max-width: 640px) 100vw, 640px\" \/><\/p>\n<p align=\"justify\">\n<p align=\"justify\">La trabajadora Sandra Torres, integrante de esta EPS, destac\u00f3 que la siembra, cosecha y mantenimiento son las premisas para el aprendizaje, por la \u00e9poca y de acuerdo al calendario agr\u00edcola \u201cellos est\u00e1n trabajando en estos momentos en la cosecha de ma\u00edz y arroz, implementando la labranza conservacionista.<\/p>\n<p align=\"justify\">\n<p align=\"justify\"><b>Dentro de la EPS Pedro Camejo accionar Inces<\/b><\/p>\n<p align=\"justify\">\n<p align=\"justify\">La formaci\u00f3n del personal calificado fue en las \u00e1reas productivas y el aprender para el futuro de la Patria grande.<\/p>\n<p align=\"justify\">\n<p align=\"justify\"><img loading=\"lazy\" decoding=\"async\" class=\"aligncenter wp-image-20242 size-full\" src=\"http:\/\/www.inces.gob.ve\/wp-content\/uploads\/2018\/09\/FOTO-2-1.jpg\" alt=\"\" width=\"320\" height=\"240\" srcset=\"https:\/\/inces.gob.ve\/wp-content\/uploads\/2018\/09\/FOTO-2-1.jpg 320w, https:\/\/inces.gob.ve\/wp-content\/uploads\/2018\/09\/FOTO-2-1-300x225.jpg 300w, https:\/\/inces.gob.ve\/wp-content\/uploads\/2018\/09\/FOTO-2-1-136x102.jpg 136w\" sizes=\"auto, (max-width: 320px) 100vw, 320px\" \/><\/p>\n<p align=\"justify\">\n<p align=\"justify\">Para la juventud de chamberos ya va casi un a\u00f1o de formaci\u00f3n productiva y egresar\u00e1n como t\u00e9cnicos de campo para fortalecer el \u00e1rea productiva del pa\u00eds y se perfilan desde esta empresa con esp\u00edritu colectivo. Al respecto, la joven Mar\u00eda Ort\u00edz enfatiz\u00f3 \u201che tenido muchas buenas experiencias, la empresa nos ha ayudado y con el apoyo de Chamba Juvenil el llamado es a aportar y apoyar a las comunidades. Estoy aqu\u00ed adentro y es una tremenda oportunidad\u201d.<\/p>\n<p align=\"justify\">\n<p align=\"justify\"><img loading=\"lazy\" decoding=\"async\" class=\"aligncenter wp-image-20241 size-full\" src=\"http:\/\/www.inces.gob.ve\/wp-content\/uploads\/2018\/09\/FOTO-1-1.jpg\" alt=\"\" width=\"320\" height=\"240\" srcset=\"https:\/\/inces.gob.ve\/wp-content\/uploads\/2018\/09\/FOTO-1-1.jpg 320w, https:\/\/inces.gob.ve\/wp-content\/uploads\/2018\/09\/FOTO-1-1-300x225.jpg 300w, https:\/\/inces.gob.ve\/wp-content\/uploads\/2018\/09\/FOTO-1-1-136x102.jpg 136w\" sizes=\"auto, (max-width: 320px) 100vw, 320px\" \/><\/p>\n<p align=\"justify\">La joven chambera Eulismar Parra dijo que \u201cla empresa nos ha tratado muy bien, agradezco la formaci\u00f3n Inces que cambi\u00f3 mi vida en diez meses, y aunque vivo en un campo, no me hab\u00eda compenetrado as\u00ed con el trabajo de granjas. Jam\u00e1s imagin\u00e9 manejar un tractor y hoy esto es posible. Anhelo seguir creciendo en conocimiento para la vida\u201d.<\/p>\n","protected":false},"excerpt":{"rendered":"<p>** Formaci\u00f3n en mecanizaci\u00f3n siembra y cosecha<\/p>\n","protected":false},"author":15,"featured_media":20244,"comment_status":"closed","ping_status":"open","sticky":false,"template":"","format":"standard","meta":{"footnotes":""},"categories":[2],"tags":[],"class_list":["post-20186","post","type-post","status-publish","format-standard","has-post-thumbnail","hentry","category-blog"],"_links":{"self":[{"href":"https:\/\/inces.gob.ve\/index.php\/wp-json\/wp\/v2\/posts\/20186","targetHints":{"allow":["GET"]}}],"collection":[{"href":"https:\/\/inces.gob.ve\/index.php\/wp-json\/wp\/v2\/posts"}],"about":[{"href":"https:\/\/inces.gob.ve\/index.php\/wp-json\/wp\/v2\/types\/post"}],"author":[{"embeddable":true,"href":"https:\/\/inces.gob.ve\/index.php\/wp-json\/wp\/v2\/users\/15"}],"replies":[{"embeddable":true,"href":"https:\/\/inces.gob.ve\/index.php\/wp-json\/wp\/v2\/comments?post=20186"}],"version-history":[{"count":3,"href":"https:\/\/inces.gob.ve\/index.php\/wp-json\/wp\/v2\/posts\/20186\/revisions"}],"predecessor-version":[{"id":20247,"href":"https:\/\/inces.gob.ve\/index.php\/wp-json\/wp\/v2\/posts\/20186\/revisions\/20247"}],"wp:featuredmedia":[{"embeddable":true,"href":"https:\/\/inces.gob.ve\/index.php\/wp-json\/wp\/v2\/media\/20244"}],"wp:attachment":[{"href":"https:\/\/inces.gob.ve\/index.php\/wp-json\/wp\/v2\/media?parent=20186"}],"wp:term":[{"taxonomy":"category","embeddable":true,"href":"https:\/\/inces.gob.ve\/index.php\/wp-json\/wp\/v2\/categories?post=20186"},{"taxonomy":"post_tag","embeddable":true,"href":"https:\/\/inces.gob.ve\/index.php\/wp-json\/wp\/v2\/tags?post=20186"}],"curies":[{"name":"wp","href":"https:\/\/api.w.org\/{rel}","templated":true}]}}